{"id":19011,"date":"2024-08-21T10:40:04","date_gmt":"2024-08-21T14:40:04","guid":{"rendered":"https:\/\/obispadodelinares.cl\/ol\/?p=19011"},"modified":"2024-08-21T10:40:04","modified_gmt":"2024-08-21T14:40:04","slug":"misa-de-la-solidaridad-en-linares","status":"publish","type":"post","link":"https:\/\/obispadodelinares.cl\/ol\/?p=19011","title":{"rendered":"Misa de la Solidaridad en Linares"},"content":{"rendered":"<p><span style=\"font-weight: 400;\">Si bien cada parroquia y comunidad, celebr\u00f3 el 18 de agosto, como D\u00eda de la Solidaridad. En la Catedral de Linares se conmemor\u00f3 este d\u00eda, el martes 20 de agosto, convocados por Pastoral Social Caritas Linares y Hogar de Cristo filial Linares, contando con gran asistencia de la comunidad, autoridades locales, representantes de Instituciones y delegaciones de Colegios de Linares, Parral y Retiro. Presidi\u00f3 la Eucarist\u00eda Monse\u00f1or Tomislav Koljatic, acompa\u00f1ado de P. Julio Campos, p\u00e1rroco de San Francisco de Parral y P. Guillermo Rojas, p\u00e1rroco de Nuestra Se\u00f1ora del Tr\u00e1nsito de Put\u00fa.<\/span><\/p>\n<p><span style=\"font-weight: 400;\">En su Homil\u00eda, el Pastor, record\u00f3 y destac\u00f3 la figura de San Alberto Hurtado, la importancia de su legado y su Obra inspirada por Dios, resaltando las virtudes que le hacen modelo y gu\u00eda para j\u00f3venes y adultos. Agradeci\u00f3 tambi\u00e9n la presencia de tantas instituciones y servicios que dedican sus talentos a interesarse por los dem\u00e1s, especialmente aquellos grupos de voluntariado que d\u00eda a d\u00eda, con sus obras devuelven dignidad a los hermanos m\u00e1s necesitados, enfatiz\u00f3 su llamado a los j\u00f3venes a conocer m\u00e1s sobre San Alberto Hurtado y, a seguir su ejemplo de solidaridad y entrega desinteresada.\u00a0\u00a0<\/span><\/p>\n<p><span style=\"font-weight: 400;\">Llegado el momento de las Ofrendas y se acercaron hasta el Altar, junto al Pan y el Vino, el material propuesto para el Mes de la Solidaridad 2024, que ha estado peregrinando en distintas \u00e1reas\/programas\/fundaciones, para promover el sentido social al interior de nuestra gran comunidad.<\/span><\/p>\n<p><span style=\"font-weight: 400;\">Una bandera chilena simboliza el deseo de un pa\u00eds m\u00e1s unido, m\u00e1s justo y m\u00e1s fraterno.<\/span><\/p>\n<p><span style=\"font-weight: 400;\">Dos peque\u00f1os del Jard\u00edn Infantil del Hogar de Cristo llevaron el n\u00famero 80, representando que esta Instituci\u00f3n ya cumple 80 a\u00f1os con el servicio y entrega de tantos voluntarios y voluntarias.<\/span><\/p>\n<p><span style=\"font-weight: 400;\">Para adornar unas ramas de aromo, \u00e1rbol que florece primero y anticipa la primavera, con ello se representa el querer brotar en esperanza, alegr\u00eda y amor al pr\u00f3jimo.<\/span><\/p>\n<p><span style=\"font-weight: 400;\">Cajas bellamente adornadas con alimentos que ofreci\u00f3 la Pastoral de las Temporeras que siempre y a pesar de la fragilidad del tiempo, est\u00e1n atentas a los m\u00e1s necesitados.<\/span><\/p>\n<p><b>Reconocimientos:<\/b><\/p>\n<p><span style=\"font-weight: 400;\">Posterior a la comuni\u00f3n en un momento de gran significado se entregaron los reconocimientos a las siguientes personas, por su trayectoria de servicio y entrega a los m\u00e1s necesitados en sus comunidades, siempre atentos, siempre servidores entregando amor:<\/span><\/p>\n<p><span style=\"font-weight: 400;\">Tolentina Chac\u00f3n &#8211; Pastoral de Personas Mayores\u00a0<\/span><\/p>\n<p><span style=\"font-weight: 400;\">Matrimonio Tapia Ramos &#8211; Comedor Casa de la Misericordia<\/span><\/p>\n<p><span style=\"font-weight: 400;\">Uberlinda Z\u00fa\u00f1iga &#8211; Comedor parroquial San Jos\u00e9 y parroquia Put\u00fa<\/span><\/p>\n<p><span style=\"font-weight: 400;\">Marianela Rosales &#8211; Comedor parroquial San Jos\u00e9\u00a0\u00a0<\/span><\/p>\n<p><span style=\"font-weight: 400;\">Alba Castillo &#8211;\u00a0 Ayuda Fraterna Poblaci\u00f3n Fern\u00e1ndez, Cauquenes<\/span><\/p>\n<p><span style=\"font-weight: 400;\">Luz P\u00e9rez &#8211; Pastoral de Personas Mayores,<\/span><\/p>\n<p><span style=\"font-weight: 400;\">Mar\u00eda Cisterna &#8211;\u00a0 Comedor Solidario de San Javier<\/span><\/p>\n<p><span style=\"font-weight: 400;\">Mar\u00eda Castro &#8211; Pastoral de Personas Mayores<\/span><\/p>\n<p><span style=\"font-weight: 400;\">Hilda Flores &#8211; Comedor Parroquial San Francisco, Parral<\/span><\/p>\n<p><span style=\"font-weight: 400;\">Carmen Escalona &#8211; Pastoral Social de Longav\u00ed<\/span><\/p>\n<p><span style=\"font-weight: 400;\">Isabel Mora &#8211; Voluntariado de Hogar de Cristo<\/span><\/p>\n<p><span style=\"font-weight: 400;\">Carolina Carrasco \u2013 Dpto. de Adulto Mayor Ilustre Municipalidad de Linares.<\/span><\/p>\n<p><span style=\"font-weight: 400;\">\u00a0<\/span><\/p>\n<p><span style=\"font-weight: 400;\">Destacada e impecable representaci\u00f3n de las delegaciones de los Colegios: Colegio Don Bosco Linares; Liceo Mar\u00eda Auxiliadora de Linares; Providencia Linares; Liceo Bicentenario Colegio San Miguel de Linares; Instituto Linares; Providencia Parral; Colegio Concepci\u00f3n de Parral; Colegio Camelias de Los Cuarteles, Retiro.<\/span><\/p>\n<p>&nbsp;<\/p>\n\n\t\t<style type=\"text\/css\">\n\t\t\t#gallery-1 {\n\t\t\t\tmargin: auto;\n\t\t\t}\n\t\t\t#gallery-1 .gallery-item {\n\t\t\t\tfloat: left;\n\t\t\t\tmargin-top: 10px;\n\t\t\t\ttext-align: center;\n\t\t\t\twidth: 33%;\n\t\t\t}\n\t\t\t#gallery-1 img {\n\t\t\t\tborder: 2px solid #cfcfcf;\n\t\t\t}\n\t\t\t#gallery-1 .gallery-caption {\n\t\t\t\tmargin-left: 0;\n\t\t\t}\n\t\t\t\/* see gallery_shortcode() in wp-includes\/media.php *\/\n\t\t<\/style>\n\t\t<div id='gallery-1' class='gallery galleryid-19011 gallery-columns-3 gallery-size-large'><dl class='gallery-item'>\n\t\t\t<dt class='gallery-icon landscape'>\n\t\t\t\t<a href='https:\/\/obispadodelinares.cl\/ol\/wp-content\/uploads\/2024\/08\/IMG_0453.jpg'><img fetchpriority=\"high\" decoding=\"async\" width=\"1024\" height=\"682\" src=\"https:\/\/obispadodelinares.cl\/ol\/wp-content\/uploads\/2024\/08\/IMG_0453-1024x682.jpg\" class=\"attachment-large size-large\" alt=\"\" srcset=\"https:\/\/obispadodelinares.cl\/ol\/wp-content\/uploads\/2024\/08\/IMG_0453-1024x682.jpg 1024w, https:\/\/obispadodelinares.cl\/ol\/wp-content\/uploads\/2024\/08\/IMG_0453-300x200.jpg 300w, https:\/\/obispadodelinares.cl\/ol\/wp-content\/uploads\/2024\/08\/IMG_0453-768x512.jpg 768w, https:\/\/obispadodelinares.cl\/ol\/wp-content\/uploads\/2024\/08\/IMG_0453-1536x1024.jpg 1536w, https:\/\/obispadodelinares.cl\/ol\/wp-content\/uploads\/2024\/08\/IMG_0453-2048x1365.jpg 2048w\" sizes=\"(max-width: 1024px) 100vw, 1024px\" \/><\/a>\n\t\t\t<\/dt><\/dl><dl class='gallery-item'>\n\t\t\t<dt class='gallery-icon landscape'>\n\t\t\t\t<a href='https:\/\/obispadodelinares.cl\/ol\/wp-content\/uploads\/2024\/08\/IMG_0450.jpg'><img decoding=\"async\" width=\"1024\" height=\"682\" data-src=\"https:\/\/obispadodelinares.cl\/ol\/wp-content\/uploads\/2024\/08\/IMG_0450-1024x682.jpg\" class=\"attachment-large size-large lazyload\" alt=\"\" data-srcset=\"https:\/\/obispadodelinares.cl\/ol\/wp-content\/uploads\/2024\/08\/IMG_0450-1024x682.jpg 1024w, https:\/\/obispadodelinares.cl\/ol\/wp-content\/uploads\/2024\/08\/IMG_0450-300x200.jpg 300w, https:\/\/obispadodelinares.cl\/ol\/wp-content\/uploads\/2024\/08\/IMG_0450-768x512.jpg 768w, https:\/\/obispadodelinares.cl\/ol\/wp-content\/uploads\/2024\/08\/IMG_0450-1536x1024.jpg 1536w, https:\/\/obispadodelinares.cl\/ol\/wp-content\/uploads\/2024\/08\/IMG_0450-2048x1365.jpg 2048w\" data-sizes=\"(max-width: 1024px) 100vw, 1024px\" src=\"data:image\/svg+xml;base64,PHN2ZyB3aWR0aD0iMSIgaGVpZ2h0PSIxIiB4bWxucz0iaHR0cDovL3d3dy53My5vcmcvMjAwMC9zdmciPjwvc3ZnPg==\" style=\"--smush-placeholder-width: 1024px; --smush-placeholder-aspect-ratio: 1024\/682;\" \/><\/a>\n\t\t\t<\/dt><\/dl><dl class='gallery-item'>\n\t\t\t<dt class='gallery-icon landscape'>\n\t\t\t\t<a href='https:\/\/obispadodelinares.cl\/ol\/wp-content\/uploads\/2024\/08\/IMG_0422.jpg'><img decoding=\"async\" width=\"1024\" height=\"682\" data-src=\"https:\/\/obispadodelinares.cl\/ol\/wp-content\/uploads\/2024\/08\/IMG_0422-1024x682.jpg\" class=\"attachment-large size-large lazyload\" alt=\"\" data-srcset=\"https:\/\/obispadodelinares.cl\/ol\/wp-content\/uploads\/2024\/08\/IMG_0422-1024x682.jpg 1024w, https:\/\/obispadodelinares.cl\/ol\/wp-content\/uploads\/2024\/08\/IMG_0422-300x200.jpg 300w, https:\/\/obispadodelinares.cl\/ol\/wp-content\/uploads\/2024\/08\/IMG_0422-768x512.jpg 768w, https:\/\/obispadodelinares.cl\/ol\/wp-content\/uploads\/2024\/08\/IMG_0422-1536x1024.jpg 1536w, https:\/\/obispadodelinares.cl\/ol\/wp-content\/uploads\/2024\/08\/IMG_0422-2048x1365.jpg 2048w\" data-sizes=\"(max-width: 1024px) 100vw, 1024px\" src=\"data:image\/svg+xml;base64,PHN2ZyB3aWR0aD0iMSIgaGVpZ2h0PSIxIiB4bWxucz0iaHR0cDovL3d3dy53My5vcmcvMjAwMC9zdmciPjwvc3ZnPg==\" style=\"--smush-placeholder-width: 1024px; --smush-placeholder-aspect-ratio: 1024\/682;\" \/><\/a>\n\t\t\t<\/dt><\/dl><br style=\"clear: both\" \/><dl class='gallery-item'>\n\t\t\t<dt class='gallery-icon landscape'>\n\t\t\t\t<a href='https:\/\/obispadodelinares.cl\/ol\/wp-content\/uploads\/2024\/08\/IMG_0412.jpg'><img decoding=\"async\" width=\"1024\" height=\"682\" data-src=\"https:\/\/obispadodelinares.cl\/ol\/wp-content\/uploads\/2024\/08\/IMG_0412-1024x682.jpg\" class=\"attachment-large size-large lazyload\" alt=\"\" data-srcset=\"https:\/\/obispadodelinares.cl\/ol\/wp-content\/uploads\/2024\/08\/IMG_0412-1024x682.jpg 1024w, https:\/\/obispadodelinares.cl\/ol\/wp-content\/uploads\/2024\/08\/IMG_0412-300x200.jpg 300w, https:\/\/obispadodelinares.cl\/ol\/wp-content\/uploads\/2024\/08\/IMG_0412-768x512.jpg 768w, https:\/\/obispadodelinares.cl\/ol\/wp-content\/uploads\/2024\/08\/IMG_0412-1536x1024.jpg 1536w, https:\/\/obispadodelinares.cl\/ol\/wp-content\/uploads\/2024\/08\/IMG_0412-2048x1365.jpg 2048w\" data-sizes=\"(max-width: 1024px) 100vw, 1024px\" src=\"data:image\/svg+xml;base64,PHN2ZyB3aWR0aD0iMSIgaGVpZ2h0PSIxIiB4bWxucz0iaHR0cDovL3d3dy53My5vcmcvMjAwMC9zdmciPjwvc3ZnPg==\" style=\"--smush-placeholder-width: 1024px; --smush-placeholder-aspect-ratio: 1024\/682;\" \/><\/a>\n\t\t\t<\/dt><\/dl><dl class='gallery-item'>\n\t\t\t<dt class='gallery-icon landscape'>\n\t\t\t\t<a href='https:\/\/obispadodelinares.cl\/ol\/wp-content\/uploads\/2024\/08\/IMG_0336.jpg'><img decoding=\"async\" width=\"1024\" height=\"682\" data-src=\"https:\/\/obispadodelinares.cl\/ol\/wp-content\/uploads\/2024\/08\/IMG_0336-1024x682.jpg\" class=\"attachment-large size-large lazyload\" alt=\"\" data-srcset=\"https:\/\/obispadodelinares.cl\/ol\/wp-content\/uploads\/2024\/08\/IMG_0336-1024x682.jpg 1024w, https:\/\/obispadodelinares.cl\/ol\/wp-content\/uploads\/2024\/08\/IMG_0336-300x200.jpg 300w, https:\/\/obispadodelinares.cl\/ol\/wp-content\/uploads\/2024\/08\/IMG_0336-768x512.jpg 768w, https:\/\/obispadodelinares.cl\/ol\/wp-content\/uploads\/2024\/08\/IMG_0336-1536x1024.jpg 1536w, https:\/\/obispadodelinares.cl\/ol\/wp-content\/uploads\/2024\/08\/IMG_0336-2048x1365.jpg 2048w\" data-sizes=\"(max-width: 1024px) 100vw, 1024px\" src=\"data:image\/svg+xml;base64,PHN2ZyB3aWR0aD0iMSIgaGVpZ2h0PSIxIiB4bWxucz0iaHR0cDovL3d3dy53My5vcmcvMjAwMC9zdmciPjwvc3ZnPg==\" style=\"--smush-placeholder-width: 1024px; --smush-placeholder-aspect-ratio: 1024\/682;\" \/><\/a>\n\t\t\t<\/dt><\/dl><dl class='gallery-item'>\n\t\t\t<dt class='gallery-icon landscape'>\n\t\t\t\t<a href='https:\/\/obispadodelinares.cl\/ol\/wp-content\/uploads\/2024\/08\/IMG_0315.jpg'><img decoding=\"async\" width=\"1024\" height=\"682\" data-src=\"https:\/\/obispadodelinares.cl\/ol\/wp-content\/uploads\/2024\/08\/IMG_0315-1024x682.jpg\" class=\"attachment-large size-large lazyload\" alt=\"\" data-srcset=\"https:\/\/obispadodelinares.cl\/ol\/wp-content\/uploads\/2024\/08\/IMG_0315-1024x682.jpg 1024w, https:\/\/obispadodelinares.cl\/ol\/wp-content\/uploads\/2024\/08\/IMG_0315-300x200.jpg 300w, https:\/\/obispadodelinares.cl\/ol\/wp-content\/uploads\/2024\/08\/IMG_0315-768x512.jpg 768w, https:\/\/obispadodelinares.cl\/ol\/wp-content\/uploads\/2024\/08\/IMG_0315-1536x1024.jpg 1536w, https:\/\/obispadodelinares.cl\/ol\/wp-content\/uploads\/2024\/08\/IMG_0315-2048x1365.jpg 2048w\" data-sizes=\"(max-width: 1024px) 100vw, 1024px\" src=\"data:image\/svg+xml;base64,PHN2ZyB3aWR0aD0iMSIgaGVpZ2h0PSIxIiB4bWxucz0iaHR0cDovL3d3dy53My5vcmcvMjAwMC9zdmciPjwvc3ZnPg==\" style=\"--smush-placeholder-width: 1024px; --smush-placeholder-aspect-ratio: 1024\/682;\" \/><\/a>\n\t\t\t<\/dt><\/dl><br style=\"clear: both\" \/><dl class='gallery-item'>\n\t\t\t<dt class='gallery-icon landscape'>\n\t\t\t\t<a href='https:\/\/obispadodelinares.cl\/ol\/wp-content\/uploads\/2024\/08\/IMG_0310.jpg'><img decoding=\"async\" width=\"1024\" height=\"682\" data-src=\"https:\/\/obispadodelinares.cl\/ol\/wp-content\/uploads\/2024\/08\/IMG_0310-1024x682.jpg\" class=\"attachment-large size-large lazyload\" alt=\"\" data-srcset=\"https:\/\/obispadodelinares.cl\/ol\/wp-content\/uploads\/2024\/08\/IMG_0310-1024x682.jpg 1024w, https:\/\/obispadodelinares.cl\/ol\/wp-content\/uploads\/2024\/08\/IMG_0310-300x200.jpg 300w, https:\/\/obispadodelinares.cl\/ol\/wp-content\/uploads\/2024\/08\/IMG_0310-768x512.jpg 768w, https:\/\/obispadodelinares.cl\/ol\/wp-content\/uploads\/2024\/08\/IMG_0310-1536x1024.jpg 1536w, https:\/\/obispadodelinares.cl\/ol\/wp-content\/uploads\/2024\/08\/IMG_0310-2048x1365.jpg 2048w\" data-sizes=\"(max-width: 1024px) 100vw, 1024px\" src=\"data:image\/svg+xml;base64,PHN2ZyB3aWR0aD0iMSIgaGVpZ2h0PSIxIiB4bWxucz0iaHR0cDovL3d3dy53My5vcmcvMjAwMC9zdmciPjwvc3ZnPg==\" style=\"--smush-placeholder-width: 1024px; --smush-placeholder-aspect-ratio: 1024\/682;\" \/><\/a>\n\t\t\t<\/dt><\/dl>\n\t\t\t<br style='clear: both' \/>\n\t\t<\/div>\n\n","protected":false},"excerpt":{"rendered":"<p>Si bien cada parroquia y comunidad, celebr\u00f3 el 18 de agosto, como D\u00eda de la Solidaridad. En la Catedral de Linares se conmemor\u00f3 este d\u00eda, el martes 20 de agosto, convocados por Pastoral Social Caritas Linares y Hogar de Cristo filial Linares, contando con gran asistencia de la comunidad, autoridades locales, representantes de Instituciones y [&hellip;]<\/p>\n","protected":false},"author":1,"featured_media":19015,"comment_status":"closed","ping_status":"closed","sticky":false,"template":"","format":"standard","meta":{"h5ap_radio_sources":[],"footnotes":""},"categories":[468,57],"tags":[58,388],"class_list":["post-19011","post","type-post","status-publish","format-standard","has-post-thumbnail","hentry","category-468","category-pastoral-social","tag-caritas","tag-dia-de-la-solidaridad"],"_links":{"self":[{"href":"https:\/\/obispadodelinares.cl\/ol\/index.php?rest_route=\/wp\/v2\/posts\/19011","targetHints":{"allow":["GET"]}}],"collection":[{"href":"https:\/\/obispadodelinares.cl\/ol\/index.php?rest_route=\/wp\/v2\/posts"}],"about":[{"href":"https:\/\/obispadodelinares.cl\/ol\/index.php?rest_route=\/wp\/v2\/types\/post"}],"author":[{"embeddable":true,"href":"https:\/\/obispadodelinares.cl\/ol\/index.php?rest_route=\/wp\/v2\/users\/1"}],"replies":[{"embeddable":true,"href":"https:\/\/obispadodelinares.cl\/ol\/index.php?rest_route=%2Fwp%2Fv2%2Fcomments&post=19011"}],"version-history":[{"count":0,"href":"https:\/\/obispadodelinares.cl\/ol\/index.php?rest_route=\/wp\/v2\/posts\/19011\/revisions"}],"wp:featuredmedia":[{"embeddable":true,"href":"https:\/\/obispadodelinares.cl\/ol\/index.php?rest_route=\/wp\/v2\/media\/19015"}],"wp:attachment":[{"href":"https:\/\/obispadodelinares.cl\/ol\/index.php?rest_route=%2Fwp%2Fv2%2Fmedia&parent=19011"}],"wp:term":[{"taxonomy":"category","embeddable":true,"href":"https:\/\/obispadodelinares.cl\/ol\/index.php?rest_route=%2Fwp%2Fv2%2Fcategories&post=19011"},{"taxonomy":"post_tag","embeddable":true,"href":"https:\/\/obispadodelinares.cl\/ol\/index.php?rest_route=%2Fwp%2Fv2%2Ftags&post=19011"}],"curies":[{"name":"wp","href":"https:\/\/api.w.org\/{rel}","templated":true}]}}