{"id":18858,"date":"2024-07-11T16:11:27","date_gmt":"2024-07-11T20:11:27","guid":{"rendered":"https:\/\/obispadodelinares.cl\/ol\/?p=18858"},"modified":"2024-07-12T16:28:03","modified_gmt":"2024-07-12T20:28:03","slug":"bendicion-nuevas-dependencias-jardin-petete","status":"publish","type":"post","link":"https:\/\/obispadodelinares.cl\/ol\/?p=18858","title":{"rendered":"Bendici\u00f3n Nuevas Dependencias Jard\u00edn Petete"},"content":{"rendered":"<p>El mi\u00e9rcoles 10 de julio se realiz\u00f3 la bendici\u00f3n de las nuevas instalaciones del\u00a0 \u00abJard\u00edn Infantil Petete del Hospital de Linares\u00bb.<\/p>\n<p>Monse\u00f1or Koljatic destac\u00f3 la importancia de la educaci\u00f3n y el cuidado de los ni\u00f1os y ni\u00f1as que son atendidos en la instituci\u00f3n fundada en 1967, que a trav\u00e9s de sus distintos niveles, ha cobijado a generaciones de hijos de funcionarios del centro de asistencial. Muchos de ellos hoy se desempe\u00f1an en el mismo recinto asistencial, al igual que sus padres.<\/p>\n<p>\u00abHoy celebramos la belleza del compromiso, la fuerza del amor y la poderosa energ\u00eda de la fe. Que esta bendici\u00f3n sea una semilla que florezca en abundancia en nuestro Jard\u00edn, y que el camino que recorramos est\u00e9 lleno de bendiciones y dicha.<br \/>\nGracias a todos por compartir este d\u00eda con nosotros. Que la paz y el amor est\u00e9n siempre con ustedes\u00bb, con estas palabras la directora del jard\u00edn Paulina San Mart\u00edn resaltaba la importancia de esta ceremonia que cont\u00f3 con la presencia de la Sra. Carmen Crespo Castillo, Jefa de la unidad de Bienestar en representaci\u00f3n del Director\u00a0 del Hospital, Juan Luis Tejos, Jefe de la Unidad de Capacitaci\u00f3n, \u00a0Makarena Mart\u00ednes Latrach, Presidenta del Centro General de Padres y Apoderados<br \/>\ny Carolina Alarc\u00f3n S\u00e1ez, Tesorera del Centro General de Padres y Apoderados, junto a las Educadorasy T\u00e9cnicos de la unidad educativa \u00abSala Cuna y Jard\u00edn Infantil Petete\u00bb.<\/p>\n<p><img fetchpriority=\"high\" decoding=\"async\" class=\"alignnone size-medium wp-image-18860\" src=\"https:\/\/obispadodelinares.cl\/ol\/wp-content\/uploads\/2024\/07\/Jardin-Pette-1-300x225.jpg\" alt=\"\" width=\"300\" height=\"225\" srcset=\"https:\/\/obispadodelinares.cl\/ol\/wp-content\/uploads\/2024\/07\/Jardin-Pette-1-300x225.jpg 300w, https:\/\/obispadodelinares.cl\/ol\/wp-content\/uploads\/2024\/07\/Jardin-Pette-1-768x576.jpg 768w, https:\/\/obispadodelinares.cl\/ol\/wp-content\/uploads\/2024\/07\/Jardin-Pette-1.jpg 800w\" sizes=\"(max-width: 300px) 100vw, 300px\" \/> <img decoding=\"async\" class=\"alignnone size-medium wp-image-18861 lazyload\" data-src=\"https:\/\/obispadodelinares.cl\/ol\/wp-content\/uploads\/2024\/07\/WhatsApp-Image-2024-07-10-at-12.25.19-300x225.jpeg\" alt=\"\" width=\"300\" height=\"225\" data-srcset=\"https:\/\/obispadodelinares.cl\/ol\/wp-content\/uploads\/2024\/07\/WhatsApp-Image-2024-07-10-at-12.25.19-300x225.jpeg 300w, https:\/\/obispadodelinares.cl\/ol\/wp-content\/uploads\/2024\/07\/WhatsApp-Image-2024-07-10-at-12.25.19-1024x768.jpeg 1024w, https:\/\/obispadodelinares.cl\/ol\/wp-content\/uploads\/2024\/07\/WhatsApp-Image-2024-07-10-at-12.25.19-768x576.jpeg 768w, https:\/\/obispadodelinares.cl\/ol\/wp-content\/uploads\/2024\/07\/WhatsApp-Image-2024-07-10-at-12.25.19-1536x1152.jpeg 1536w, https:\/\/obispadodelinares.cl\/ol\/wp-content\/uploads\/2024\/07\/WhatsApp-Image-2024-07-10-at-12.25.19.jpeg 1600w\" data-sizes=\"(max-width: 300px) 100vw, 300px\" src=\"data:image\/svg+xml;base64,PHN2ZyB3aWR0aD0iMSIgaGVpZ2h0PSIxIiB4bWxucz0iaHR0cDovL3d3dy53My5vcmcvMjAwMC9zdmciPjwvc3ZnPg==\" style=\"--smush-placeholder-width: 300px; --smush-placeholder-aspect-ratio: 300\/225;\" \/> <img decoding=\"async\" class=\"alignnone size-medium wp-image-18862 lazyload\" data-src=\"https:\/\/obispadodelinares.cl\/ol\/wp-content\/uploads\/2024\/07\/WhatsApp-Image-2024-07-10-at-12.25.20-300x225.jpeg\" alt=\"\" width=\"300\" height=\"225\" data-srcset=\"https:\/\/obispadodelinares.cl\/ol\/wp-content\/uploads\/2024\/07\/WhatsApp-Image-2024-07-10-at-12.25.20-300x225.jpeg 300w, https:\/\/obispadodelinares.cl\/ol\/wp-content\/uploads\/2024\/07\/WhatsApp-Image-2024-07-10-at-12.25.20-1024x768.jpeg 1024w, https:\/\/obispadodelinares.cl\/ol\/wp-content\/uploads\/2024\/07\/WhatsApp-Image-2024-07-10-at-12.25.20-768x576.jpeg 768w, https:\/\/obispadodelinares.cl\/ol\/wp-content\/uploads\/2024\/07\/WhatsApp-Image-2024-07-10-at-12.25.20-1536x1152.jpeg 1536w, https:\/\/obispadodelinares.cl\/ol\/wp-content\/uploads\/2024\/07\/WhatsApp-Image-2024-07-10-at-12.25.20.jpeg 1600w\" data-sizes=\"(max-width: 300px) 100vw, 300px\" src=\"data:image\/svg+xml;base64,PHN2ZyB3aWR0aD0iMSIgaGVpZ2h0PSIxIiB4bWxucz0iaHR0cDovL3d3dy53My5vcmcvMjAwMC9zdmciPjwvc3ZnPg==\" style=\"--smush-placeholder-width: 300px; --smush-placeholder-aspect-ratio: 300\/225;\" \/> <img decoding=\"async\" class=\"alignnone size-medium wp-image-18863 lazyload\" data-src=\"https:\/\/obispadodelinares.cl\/ol\/wp-content\/uploads\/2024\/07\/WhatsApp-Image-2024-07-10-at-12.25.21-300x225.jpeg\" alt=\"\" width=\"300\" height=\"225\" data-srcset=\"https:\/\/obispadodelinares.cl\/ol\/wp-content\/uploads\/2024\/07\/WhatsApp-Image-2024-07-10-at-12.25.21-300x225.jpeg 300w, https:\/\/obispadodelinares.cl\/ol\/wp-content\/uploads\/2024\/07\/WhatsApp-Image-2024-07-10-at-12.25.21-1024x768.jpeg 1024w, https:\/\/obispadodelinares.cl\/ol\/wp-content\/uploads\/2024\/07\/WhatsApp-Image-2024-07-10-at-12.25.21-768x576.jpeg 768w, https:\/\/obispadodelinares.cl\/ol\/wp-content\/uploads\/2024\/07\/WhatsApp-Image-2024-07-10-at-12.25.21-1536x1152.jpeg 1536w, https:\/\/obispadodelinares.cl\/ol\/wp-content\/uploads\/2024\/07\/WhatsApp-Image-2024-07-10-at-12.25.21.jpeg 1600w\" data-sizes=\"(max-width: 300px) 100vw, 300px\" src=\"data:image\/svg+xml;base64,PHN2ZyB3aWR0aD0iMSIgaGVpZ2h0PSIxIiB4bWxucz0iaHR0cDovL3d3dy53My5vcmcvMjAwMC9zdmciPjwvc3ZnPg==\" style=\"--smush-placeholder-width: 300px; --smush-placeholder-aspect-ratio: 300\/225;\" \/> <img decoding=\"async\" class=\"alignnone size-medium wp-image-18864 lazyload\" data-src=\"https:\/\/obispadodelinares.cl\/ol\/wp-content\/uploads\/2024\/07\/WhatsApp-Image-2024-07-10-at-12.25.22-300x169.jpeg\" alt=\"\" width=\"300\" height=\"169\" data-srcset=\"https:\/\/obispadodelinares.cl\/ol\/wp-content\/uploads\/2024\/07\/WhatsApp-Image-2024-07-10-at-12.25.22-300x169.jpeg 300w, https:\/\/obispadodelinares.cl\/ol\/wp-content\/uploads\/2024\/07\/WhatsApp-Image-2024-07-10-at-12.25.22-1024x577.jpeg 1024w, https:\/\/obispadodelinares.cl\/ol\/wp-content\/uploads\/2024\/07\/WhatsApp-Image-2024-07-10-at-12.25.22-768x433.jpeg 768w, https:\/\/obispadodelinares.cl\/ol\/wp-content\/uploads\/2024\/07\/WhatsApp-Image-2024-07-10-at-12.25.22-1536x866.jpeg 1536w, https:\/\/obispadodelinares.cl\/ol\/wp-content\/uploads\/2024\/07\/WhatsApp-Image-2024-07-10-at-12.25.22.jpeg 1600w\" data-sizes=\"(max-width: 300px) 100vw, 300px\" src=\"data:image\/svg+xml;base64,PHN2ZyB3aWR0aD0iMSIgaGVpZ2h0PSIxIiB4bWxucz0iaHR0cDovL3d3dy53My5vcmcvMjAwMC9zdmciPjwvc3ZnPg==\" style=\"--smush-placeholder-width: 300px; --smush-placeholder-aspect-ratio: 300\/169;\" \/><\/p>\n","protected":false},"excerpt":{"rendered":"<p>El mi\u00e9rcoles 10 de julio se realiz\u00f3 la bendici\u00f3n de las nuevas instalaciones del\u00a0 \u00abJard\u00edn Infantil Petete del Hospital de Linares\u00bb. Monse\u00f1or Koljatic destac\u00f3 la importancia de la educaci\u00f3n y el cuidado de los ni\u00f1os y ni\u00f1as que son atendidos en la instituci\u00f3n fundada en 1967, que a trav\u00e9s de sus distintos niveles, ha cobijado [&hellip;]<\/p>\n","protected":false},"author":1,"featured_media":18859,"comment_status":"closed","ping_status":"closed","sticky":false,"template":"","format":"standard","meta":{"h5ap_radio_sources":[],"footnotes":""},"categories":[468],"tags":[279],"class_list":["post-18858","post","type-post","status-publish","format-standard","has-post-thumbnail","hentry","category-468","tag-bendicion"],"_links":{"self":[{"href":"https:\/\/obispadodelinares.cl\/ol\/index.php?rest_route=\/wp\/v2\/posts\/18858","targetHints":{"allow":["GET"]}}],"collection":[{"href":"https:\/\/obispadodelinares.cl\/ol\/index.php?rest_route=\/wp\/v2\/posts"}],"about":[{"href":"https:\/\/obispadodelinares.cl\/ol\/index.php?rest_route=\/wp\/v2\/types\/post"}],"author":[{"embeddable":true,"href":"https:\/\/obispadodelinares.cl\/ol\/index.php?rest_route=\/wp\/v2\/users\/1"}],"replies":[{"embeddable":true,"href":"https:\/\/obispadodelinares.cl\/ol\/index.php?rest_route=%2Fwp%2Fv2%2Fcomments&post=18858"}],"version-history":[{"count":0,"href":"https:\/\/obispadodelinares.cl\/ol\/index.php?rest_route=\/wp\/v2\/posts\/18858\/revisions"}],"wp:featuredmedia":[{"embeddable":true,"href":"https:\/\/obispadodelinares.cl\/ol\/index.php?rest_route=\/wp\/v2\/media\/18859"}],"wp:attachment":[{"href":"https:\/\/obispadodelinares.cl\/ol\/index.php?rest_route=%2Fwp%2Fv2%2Fmedia&parent=18858"}],"wp:term":[{"taxonomy":"category","embeddable":true,"href":"https:\/\/obispadodelinares.cl\/ol\/index.php?rest_route=%2Fwp%2Fv2%2Fcategories&post=18858"},{"taxonomy":"post_tag","embeddable":true,"href":"https:\/\/obispadodelinares.cl\/ol\/index.php?rest_route=%2Fwp%2Fv2%2Ftags&post=18858"}],"curies":[{"name":"wp","href":"https:\/\/api.w.org\/{rel}","templated":true}]}}