{"id":17604,"date":"2024-02-06T23:50:28","date_gmt":"2024-02-06T23:50:28","guid":{"rendered":"https:\/\/obispadodelinares.cl\/ol\/?p=17604"},"modified":"2024-02-06T23:50:28","modified_gmt":"2024-02-06T23:50:28","slug":"condolencias-del-episcopado-chileno-ante-el-fallecimiento-del-ex-presidente-sebastian-pinera-echenique","status":"publish","type":"post","link":"https:\/\/obispadodelinares.cl\/ol\/?p=17604","title":{"rendered":"Condolencias del Episcopado chileno ante el fallecimiento del ex Presidente Sebasti\u00e1n Pi\u00f1era Echenique"},"content":{"rendered":"<p><strong><em>El Comit\u00e9 Permanente de La Conferencia Episcopal de Chile ha dado a conocer un mensaje de condolencias uni\u00e9ndose al dolor que aqueja al pa\u00eds, y en especial su familia, por el sensible y tr\u00e1gico fallecimiento de quien fuera Presidente de la Rep\u00fablica.<\/em><\/strong><\/p>\n<p>1. En nombre de los Obispos de la Conferencia Episcopal de Chile, nos unimos al dolor que aqueja al pa\u00eds, y en especial a su esposa y familia, por el sensible y tr\u00e1gico fallecimiento de quien fuera Presidente de la Rep\u00fablica, don Sebasti\u00e1n Pi\u00f1era Echenique. Pedimos a todos elevar oraciones a Dios por el eterno descanso de su alma y para que traiga la paz a todos quienes hoy lloran, especialmente a su viuda, Sra Cecilia Morel.<\/p>\n<p>2. M\u00e1s all\u00e1 de cualquier contingencia, reconocemos en el ex presidente una vida de trabajo entregada por el bien de Chile y de su gente, a trav\u00e9s de la acci\u00f3n pol\u00edtica. Especialmente en momentos tr\u00e1gicos de nuestra historia, de grave dolor y destrucci\u00f3n, ejerci\u00f3 su liderazgo y su capacidad de unir, para as\u00ed levantarnos y recuperarnos como sociedad.<\/p>\n<p>3. \u2060La muerte abre para todos el camino definitivo hacia Dios. El ex presidente vivi\u00f3 como un hombre de fe y as\u00ed lo expres\u00f3 muchas veces. Lo encomendamos, ahora, al Se\u00f1or, junto a tantos otros chilenos y chilenas que en estos d\u00edas han perdido la vida en los incendios, para que est\u00e9n gozando ya de la visi\u00f3n de Dios y sus seres queridos reciban el consuelo.<\/p>\n<p>Por el Comit\u00e9 Permanente de la Conferencia Episcopal de Chile<\/p>\n<div align=\"center\">+Fernando Chomali Garib<br \/>\nArzobispo de Santiago<br \/>\nPresidente<\/p>\n<p>+Sergio P\u00e9rez de Arce Arriagada, ss.cc.<br \/>\nObispo de Chill\u00e1n<br \/>\nSecretario General<\/p>\n<p>+Juan Ignacio Gonz\u00e1lez Err\u00e1zuriz<br \/>\nObispo de San Bernardo<\/p>\n<p>+ Ricardo Morales Galindo O. de M.<br \/>\nObispo de Copiap\u00f3<\/p>\n<p>+Guillermo Vera Soto<br \/>\nObispo de Rancagua<\/p><\/div>\n<p>Fuente: Conferencia Episcopal de Chile<br \/>\n<span class=\"texto_fecha\"><em>Santiago, 06-02-2024<\/em><\/span><\/p>\n<div class=\"clearfix\"><\/div>\n<div><strong><em>Documentos Adjuntos:<\/em><\/strong><\/div>\n<div class=\"clearfix\"><\/div>\n<div class=\"row\">\n<div class=\"col col-12 col-sm-6\">\n<div class=\" \">\n<div class=\"card-header\"><a class=\"txt_diocesis\" href=\"https:\/\/www.iglesia.cl\/documentos_sac\/\/06022024_704pm_65c2bb05a547a.pdf\"><i class=\"fa fa-file-download\"><\/i>\u00a0\u00a0 Condolencias CECh ante fallecimiento Sebastian Pin\u0303era E.<\/a><\/div>\n<\/div>\n<\/div>\n<\/div>\n<p>&nbsp;<\/p>\n","protected":false},"excerpt":{"rendered":"<p>El Comit\u00e9 Permanente de La Conferencia Episcopal de Chile ha dado a conocer un mensaje de condolencias uni\u00e9ndose al dolor que aqueja al pa\u00eds, y en especial su familia, por el sensible y tr\u00e1gico fallecimiento de quien fuera Presidente de la Rep\u00fablica. 1. En nombre de los Obispos de la Conferencia Episcopal de Chile, nos [&hellip;]<\/p>\n","protected":false},"author":1,"featured_media":17605,"comment_status":"closed","ping_status":"closed","sticky":false,"template":"","format":"standard","meta":{"h5ap_radio_sources":[],"footnotes":""},"categories":[468,138],"tags":[471],"class_list":["post-17604","post","type-post","status-publish","format-standard","has-post-thumbnail","hentry","category-468","category-cech","tag-condolencias"],"_links":{"self":[{"href":"https:\/\/obispadodelinares.cl\/ol\/index.php?rest_route=\/wp\/v2\/posts\/17604","targetHints":{"allow":["GET"]}}],"collection":[{"href":"https:\/\/obispadodelinares.cl\/ol\/index.php?rest_route=\/wp\/v2\/posts"}],"about":[{"href":"https:\/\/obispadodelinares.cl\/ol\/index.php?rest_route=\/wp\/v2\/types\/post"}],"author":[{"embeddable":true,"href":"https:\/\/obispadodelinares.cl\/ol\/index.php?rest_route=\/wp\/v2\/users\/1"}],"replies":[{"embeddable":true,"href":"https:\/\/obispadodelinares.cl\/ol\/index.php?rest_route=%2Fwp%2Fv2%2Fcomments&post=17604"}],"version-history":[{"count":0,"href":"https:\/\/obispadodelinares.cl\/ol\/index.php?rest_route=\/wp\/v2\/posts\/17604\/revisions"}],"wp:featuredmedia":[{"embeddable":true,"href":"https:\/\/obispadodelinares.cl\/ol\/index.php?rest_route=\/wp\/v2\/media\/17605"}],"wp:attachment":[{"href":"https:\/\/obispadodelinares.cl\/ol\/index.php?rest_route=%2Fwp%2Fv2%2Fmedia&parent=17604"}],"wp:term":[{"taxonomy":"category","embeddable":true,"href":"https:\/\/obispadodelinares.cl\/ol\/index.php?rest_route=%2Fwp%2Fv2%2Fcategories&post=17604"},{"taxonomy":"post_tag","embeddable":true,"href":"https:\/\/obispadodelinares.cl\/ol\/index.php?rest_route=%2Fwp%2Fv2%2Ftags&post=17604"}],"curies":[{"name":"wp","href":"https:\/\/api.w.org\/{rel}","templated":true}]}}