{"id":17557,"date":"2024-02-03T17:04:39","date_gmt":"2024-02-03T17:04:39","guid":{"rendered":"https:\/\/obispadodelinares.cl\/ol\/?p=17557"},"modified":"2024-02-03T17:06:37","modified_gmt":"2024-02-03T17:06:37","slug":"masiva-participacion-en-novena-a-la-candelaria-en-chanco","status":"publish","type":"post","link":"https:\/\/obispadodelinares.cl\/ol\/?p=17557","title":{"rendered":"Masiva participaci\u00f3n en Novena a La Candelaria en Chanco"},"content":{"rendered":"<p><em>Con dedicaci\u00f3n especial de cada d\u00eda y una masiva asistencia se desarrolla la Novena que enmarca la Celebraci\u00f3n de Nuestra Se\u00f1ora de la Candelaria en Chanco, comuna costera que cada a\u00f1o se viste de fiesta para recibir a miles de peregrinos que con fe y devoci\u00f3n llegan hasta el Santuario de la Candelaria para agradecer las bendiciones recibidas y encomendar al cuidado de la Virgen sus proyectos y anhelos.<\/em><\/p>\n<p>&nbsp;<\/p>\n<p>Desde el 24 de enero y como cada a\u00f1o, Chanco se revoluciona con la llegada de los peregrinos devotos de Nuestra Se\u00f1ora de La Candelaria quienes, junto a las comunidades de base, participan activamente de estas oraciones diarias que siempre tienen una dedicaci\u00f3n especial:<\/p>\n<p>D\u00eda 24: La Santa Misa, fue presidida por el Padre Luis Fuentealba, Vicario Pastoral de Nuestra Di\u00f3cesis y P\u00e1rroco de San Jos\u00e9 de Parral. Como signo de esta celebraci\u00f3n, fue la presentaci\u00f3n de los estandartes de las comunidades cristianas rurales y de las diferentes \u00e1reas pastorales de la parroquia.<\/p>\n<p>D\u00eda 25: Se invit\u00f3 a las Familias del Pueblo, para que, bajo el amparo de Nuestra Se\u00f1ora de La Candelaria elevar una oraci\u00f3n por cada uno de ellos y aquellos que est\u00e1n lejos de sus seres queridos.<\/p>\n<p>D\u00eda 26: Oraci\u00f3n especial por los enfermos, con visitas domiciliaras, llevando la Comuni\u00f3n y la imagen de la Virgen, entregando el sacramento de la Reconciliaci\u00f3n y Unci\u00f3n.<\/p>\n<p>D\u00eda 27: D\u00eda en que las plegarias son elevadas por los j\u00f3venes, por los presentes y muchos que por diversos motivos no han podido llegar.<\/p>\n<p>D\u00eda 28: Todos los Ni\u00f1os y Ni\u00f1as, invitados a participar de la Santa Misa, especialmente los que han recibido su Primera Comuni\u00f3n o se est\u00e1n preparando para recibirlo.<\/p>\n<p>D\u00eda 29: En el sexto d\u00eda de novena, la dedicaci\u00f3n se centr\u00f3 en las personas mayores, Monse\u00f1or Koljatic, destac\u00f3 la relaci\u00f3n mutua de los j\u00f3venes y los adultos en la transmisi\u00f3n de valores como camino de fe, la esperanza y el amor misericordioso del Se\u00f1or.<\/p>\n<p>D\u00eda 30: Los Campesinos son los protagonistas de este homenaje que se enmarca en pa\u00f1uelos blancos alzados al paso de la \u201ccabalgata\u201d encabezada por el Club de Huasos de la Comuna e invitados especiales, que recorri\u00f3 las principales calles del Pueblo.<\/p>\n<p>D\u00eda 31: D\u00eda de la Solidaridad, un llamado a mantener ese esp\u00edritu que ha transformado a Chanco en un Pueblo unido, fraterno y acogedor, preocupado por el bienestar de todos y que se grafica con rico almuerzo preparado con dedicaci\u00f3n a personas solas y vulnerables.<\/p>\n<p>D\u00eda 1\u00b0: La Oraci\u00f3n resuena fuerte por los trabajadores y trabajadoras, por todos aquellos que en sus diferentes \u00e1mbitos se esfuerzan por sacar adelante a sus familias y a la comunidad, ofreciendo d\u00eda a d\u00eda sus talentos, dones que el Se\u00f1or les da. Adem\u00e1s, un grupo de j\u00f3venes y adultos reciben su Confirmaci\u00f3n en el Templo.<\/p>\n<p>D\u00eda 2\u00b0: D\u00eda de la Fiesta Mayor de Nuestra Se\u00f1ora de La Candelaria en Chanco. Comenzando a las 00:00 Hrs. con el retoque de campanas y sirenas, dando inicio a la Procesi\u00f3n nocturna. Manteniendo la celebraci\u00f3n de Eucarist\u00edas en el Santuario<\/p>\n<p>07:00 hrs. rezando por los Comerciantes<\/p>\n<p>08:30 hrs. bendici\u00f3n de candelas<\/p>\n<p>10:00 hrs. por los peregrinos que en este d\u00eda y los anteriores han participado.<\/p>\n<p>12:00 hrs. Misa Solemne presidida por el Se\u00f1or Nuncio Apost\u00f3lico en Chile, Mons. Alberto Ortega y Monse\u00f1or Tomislav Koljatic Obispo de la Di\u00f3cesis de Linares, junto al clero diocesano.<\/p>\n<p>16:00 hrs. Misa por los difuntos, todos aquellos que con su testimonio de fe han trasmitido y transformado esta celebraci\u00f3n en la m\u00e1s importante del Maule Sur.<\/p>\n<p>18:00 hrs. Procesi\u00f3n con la imagen de Candelaria, por las principales avenidas de Chanco.<\/p>\n<p>D\u00eda 3: Misa en el Templo parroquial a las 18:00 hrs. para concluir todas las celebraciones de Nuestra Se\u00f1ora de La Candelaria a\u00f1o 2024, con la tradicional Caravana con la imagen de la Virgen a la Comunidad Mar\u00eda Estrella del Mar del Mariscadero, saliendo desde el Templo de Chanco a las 19:30 hrs.<\/p>\n\n\t\t<style type=\"text\/css\">\n\t\t\t#gallery-1 {\n\t\t\t\tmargin: auto;\n\t\t\t}\n\t\t\t#gallery-1 .gallery-item {\n\t\t\t\tfloat: left;\n\t\t\t\tmargin-top: 10px;\n\t\t\t\ttext-align: center;\n\t\t\t\twidth: 33%;\n\t\t\t}\n\t\t\t#gallery-1 img {\n\t\t\t\tborder: 2px solid #cfcfcf;\n\t\t\t}\n\t\t\t#gallery-1 .gallery-caption {\n\t\t\t\tmargin-left: 0;\n\t\t\t}\n\t\t\t\/* see gallery_shortcode() in wp-includes\/media.php *\/\n\t\t<\/style>\n\t\t<div id='gallery-1' class='gallery galleryid-17557 gallery-columns-3 gallery-size-large'><dl class='gallery-item'>\n\t\t\t<dt class='gallery-icon landscape'>\n\t\t\t\t<a href='https:\/\/obispadodelinares.cl\/ol\/wp-content\/uploads\/2024\/02\/7-dia-de-la-novena-cabalgata-Thumbnail.jpg'><img fetchpriority=\"high\" decoding=\"async\" width=\"1024\" height=\"576\" src=\"https:\/\/obispadodelinares.cl\/ol\/wp-content\/uploads\/2024\/02\/7-dia-de-la-novena-cabalgata-Thumbnail-1024x576.jpg\" class=\"attachment-large size-large\" alt=\"\" srcset=\"https:\/\/obispadodelinares.cl\/ol\/wp-content\/uploads\/2024\/02\/7-dia-de-la-novena-cabalgata-Thumbnail-1024x576.jpg 1024w, https:\/\/obispadodelinares.cl\/ol\/wp-content\/uploads\/2024\/02\/7-dia-de-la-novena-cabalgata-Thumbnail-300x169.jpg 300w, https:\/\/obispadodelinares.cl\/ol\/wp-content\/uploads\/2024\/02\/7-dia-de-la-novena-cabalgata-Thumbnail-768x432.jpg 768w, https:\/\/obispadodelinares.cl\/ol\/wp-content\/uploads\/2024\/02\/7-dia-de-la-novena-cabalgata-Thumbnail-1536x864.jpg 1536w, https:\/\/obispadodelinares.cl\/ol\/wp-content\/uploads\/2024\/02\/7-dia-de-la-novena-cabalgata-Thumbnail.jpg 1920w\" sizes=\"(max-width: 1024px) 100vw, 1024px\" \/><\/a>\n\t\t\t<\/dt><\/dl><dl class='gallery-item'>\n\t\t\t<dt class='gallery-icon landscape'>\n\t\t\t\t<a href='https:\/\/obispadodelinares.cl\/ol\/wp-content\/uploads\/2024\/02\/Dia-de-la-Solidaridad-Chanco-2024-Thumbnail.jpg'><img decoding=\"async\" width=\"1024\" height=\"576\" data-src=\"https:\/\/obispadodelinares.cl\/ol\/wp-content\/uploads\/2024\/02\/Dia-de-la-Solidaridad-Chanco-2024-Thumbnail-1024x576.jpg\" class=\"attachment-large size-large lazyload\" alt=\"\" data-srcset=\"https:\/\/obispadodelinares.cl\/ol\/wp-content\/uploads\/2024\/02\/Dia-de-la-Solidaridad-Chanco-2024-Thumbnail-1024x576.jpg 1024w, https:\/\/obispadodelinares.cl\/ol\/wp-content\/uploads\/2024\/02\/Dia-de-la-Solidaridad-Chanco-2024-Thumbnail-300x169.jpg 300w, https:\/\/obispadodelinares.cl\/ol\/wp-content\/uploads\/2024\/02\/Dia-de-la-Solidaridad-Chanco-2024-Thumbnail-768x432.jpg 768w, https:\/\/obispadodelinares.cl\/ol\/wp-content\/uploads\/2024\/02\/Dia-de-la-Solidaridad-Chanco-2024-Thumbnail-1536x864.jpg 1536w, https:\/\/obispadodelinares.cl\/ol\/wp-content\/uploads\/2024\/02\/Dia-de-la-Solidaridad-Chanco-2024-Thumbnail.jpg 1920w\" data-sizes=\"(max-width: 1024px) 100vw, 1024px\" src=\"data:image\/svg+xml;base64,PHN2ZyB3aWR0aD0iMSIgaGVpZ2h0PSIxIiB4bWxucz0iaHR0cDovL3d3dy53My5vcmcvMjAwMC9zdmciPjwvc3ZnPg==\" style=\"--smush-placeholder-width: 1024px; --smush-placeholder-aspect-ratio: 1024\/576;\" \/><\/a>\n\t\t\t<\/dt><\/dl><dl class='gallery-item'>\n\t\t\t<dt class='gallery-icon landscape'>\n\t\t\t\t<a href='https:\/\/obispadodelinares.cl\/ol\/wp-content\/uploads\/2024\/02\/IMG_7560.webp'><img decoding=\"async\" width=\"250\" height=\"188\" data-src=\"https:\/\/obispadodelinares.cl\/ol\/wp-content\/uploads\/2024\/02\/IMG_7560.webp\" class=\"attachment-large size-large lazyload\" alt=\"\" src=\"data:image\/svg+xml;base64,PHN2ZyB3aWR0aD0iMSIgaGVpZ2h0PSIxIiB4bWxucz0iaHR0cDovL3d3dy53My5vcmcvMjAwMC9zdmciPjwvc3ZnPg==\" style=\"--smush-placeholder-width: 250px; --smush-placeholder-aspect-ratio: 250\/188;\" \/><\/a>\n\t\t\t<\/dt><\/dl><br style=\"clear: both\" \/><dl class='gallery-item'>\n\t\t\t<dt class='gallery-icon landscape'>\n\t\t\t\t<a href='https:\/\/obispadodelinares.cl\/ol\/wp-content\/uploads\/2024\/02\/IMG_7563.webp'><img decoding=\"async\" width=\"250\" height=\"188\" data-src=\"https:\/\/obispadodelinares.cl\/ol\/wp-content\/uploads\/2024\/02\/IMG_7563.webp\" class=\"attachment-large size-large lazyload\" alt=\"\" src=\"data:image\/svg+xml;base64,PHN2ZyB3aWR0aD0iMSIgaGVpZ2h0PSIxIiB4bWxucz0iaHR0cDovL3d3dy53My5vcmcvMjAwMC9zdmciPjwvc3ZnPg==\" style=\"--smush-placeholder-width: 250px; --smush-placeholder-aspect-ratio: 250\/188;\" \/><\/a>\n\t\t\t<\/dt><\/dl><dl class='gallery-item'>\n\t\t\t<dt class='gallery-icon landscape'>\n\t\t\t\t<a href='https:\/\/obispadodelinares.cl\/ol\/wp-content\/uploads\/2024\/02\/IMG_7573.webp'><img decoding=\"async\" width=\"250\" height=\"188\" data-src=\"https:\/\/obispadodelinares.cl\/ol\/wp-content\/uploads\/2024\/02\/IMG_7573.webp\" class=\"attachment-large size-large lazyload\" alt=\"\" src=\"data:image\/svg+xml;base64,PHN2ZyB3aWR0aD0iMSIgaGVpZ2h0PSIxIiB4bWxucz0iaHR0cDovL3d3dy53My5vcmcvMjAwMC9zdmciPjwvc3ZnPg==\" style=\"--smush-placeholder-width: 250px; --smush-placeholder-aspect-ratio: 250\/188;\" \/><\/a>\n\t\t\t<\/dt><\/dl><dl class='gallery-item'>\n\t\t\t<dt class='gallery-icon landscape'>\n\t\t\t\t<a href='https:\/\/obispadodelinares.cl\/ol\/wp-content\/uploads\/2024\/02\/IMG_7599.webp'><img decoding=\"async\" width=\"250\" height=\"188\" data-src=\"https:\/\/obispadodelinares.cl\/ol\/wp-content\/uploads\/2024\/02\/IMG_7599.webp\" class=\"attachment-large size-large lazyload\" alt=\"\" src=\"data:image\/svg+xml;base64,PHN2ZyB3aWR0aD0iMSIgaGVpZ2h0PSIxIiB4bWxucz0iaHR0cDovL3d3dy53My5vcmcvMjAwMC9zdmciPjwvc3ZnPg==\" style=\"--smush-placeholder-width: 250px; --smush-placeholder-aspect-ratio: 250\/188;\" \/><\/a>\n\t\t\t<\/dt><\/dl><br style=\"clear: both\" \/><dl class='gallery-item'>\n\t\t\t<dt class='gallery-icon landscape'>\n\t\t\t\t<a href='https:\/\/obispadodelinares.cl\/ol\/wp-content\/uploads\/2024\/02\/IMG_7601.webp'><img decoding=\"async\" width=\"250\" height=\"188\" data-src=\"https:\/\/obispadodelinares.cl\/ol\/wp-content\/uploads\/2024\/02\/IMG_7601.webp\" class=\"attachment-large size-large lazyload\" alt=\"\" src=\"data:image\/svg+xml;base64,PHN2ZyB3aWR0aD0iMSIgaGVpZ2h0PSIxIiB4bWxucz0iaHR0cDovL3d3dy53My5vcmcvMjAwMC9zdmciPjwvc3ZnPg==\" style=\"--smush-placeholder-width: 250px; --smush-placeholder-aspect-ratio: 250\/188;\" \/><\/a>\n\t\t\t<\/dt><\/dl><dl class='gallery-item'>\n\t\t\t<dt class='gallery-icon landscape'>\n\t\t\t\t<a href='https:\/\/obispadodelinares.cl\/ol\/wp-content\/uploads\/2024\/02\/IMG_7766.jpg'><img decoding=\"async\" width=\"1024\" height=\"768\" data-src=\"https:\/\/obispadodelinares.cl\/ol\/wp-content\/uploads\/2024\/02\/IMG_7766-1024x768.jpg\" class=\"attachment-large size-large lazyload\" alt=\"\" data-srcset=\"https:\/\/obispadodelinares.cl\/ol\/wp-content\/uploads\/2024\/02\/IMG_7766-1024x768.jpg 1024w, https:\/\/obispadodelinares.cl\/ol\/wp-content\/uploads\/2024\/02\/IMG_7766-300x225.jpg 300w, https:\/\/obispadodelinares.cl\/ol\/wp-content\/uploads\/2024\/02\/IMG_7766-768x576.jpg 768w, https:\/\/obispadodelinares.cl\/ol\/wp-content\/uploads\/2024\/02\/IMG_7766-1536x1152.jpg 1536w, https:\/\/obispadodelinares.cl\/ol\/wp-content\/uploads\/2024\/02\/IMG_7766.jpg 1950w\" data-sizes=\"(max-width: 1024px) 100vw, 1024px\" src=\"data:image\/svg+xml;base64,PHN2ZyB3aWR0aD0iMSIgaGVpZ2h0PSIxIiB4bWxucz0iaHR0cDovL3d3dy53My5vcmcvMjAwMC9zdmciPjwvc3ZnPg==\" style=\"--smush-placeholder-width: 1024px; --smush-placeholder-aspect-ratio: 1024\/768;\" \/><\/a>\n\t\t\t<\/dt><\/dl><dl class='gallery-item'>\n\t\t\t<dt class='gallery-icon landscape'>\n\t\t\t\t<a href='https:\/\/obispadodelinares.cl\/ol\/wp-content\/uploads\/2024\/02\/IMG_7768.jpg'><img decoding=\"async\" width=\"1024\" height=\"768\" data-src=\"https:\/\/obispadodelinares.cl\/ol\/wp-content\/uploads\/2024\/02\/IMG_7768-1024x768.jpg\" class=\"attachment-large size-large lazyload\" alt=\"\" data-srcset=\"https:\/\/obispadodelinares.cl\/ol\/wp-content\/uploads\/2024\/02\/IMG_7768-1024x768.jpg 1024w, https:\/\/obispadodelinares.cl\/ol\/wp-content\/uploads\/2024\/02\/IMG_7768-300x225.jpg 300w, https:\/\/obispadodelinares.cl\/ol\/wp-content\/uploads\/2024\/02\/IMG_7768-768x576.jpg 768w, https:\/\/obispadodelinares.cl\/ol\/wp-content\/uploads\/2024\/02\/IMG_7768-1536x1152.jpg 1536w, https:\/\/obispadodelinares.cl\/ol\/wp-content\/uploads\/2024\/02\/IMG_7768.jpg 1950w\" data-sizes=\"(max-width: 1024px) 100vw, 1024px\" src=\"data:image\/svg+xml;base64,PHN2ZyB3aWR0aD0iMSIgaGVpZ2h0PSIxIiB4bWxucz0iaHR0cDovL3d3dy53My5vcmcvMjAwMC9zdmciPjwvc3ZnPg==\" style=\"--smush-placeholder-width: 1024px; --smush-placeholder-aspect-ratio: 1024\/768;\" \/><\/a>\n\t\t\t<\/dt><\/dl><br style=\"clear: both\" \/><dl class='gallery-item'>\n\t\t\t<dt class='gallery-icon landscape'>\n\t\t\t\t<a href='https:\/\/obispadodelinares.cl\/ol\/wp-content\/uploads\/2024\/02\/IMG_7786.jpg'><img decoding=\"async\" width=\"1024\" height=\"768\" data-src=\"https:\/\/obispadodelinares.cl\/ol\/wp-content\/uploads\/2024\/02\/IMG_7786-1024x768.jpg\" class=\"attachment-large size-large lazyload\" alt=\"\" data-srcset=\"https:\/\/obispadodelinares.cl\/ol\/wp-content\/uploads\/2024\/02\/IMG_7786-1024x768.jpg 1024w, https:\/\/obispadodelinares.cl\/ol\/wp-content\/uploads\/2024\/02\/IMG_7786-300x225.jpg 300w, https:\/\/obispadodelinares.cl\/ol\/wp-content\/uploads\/2024\/02\/IMG_7786-768x576.jpg 768w, https:\/\/obispadodelinares.cl\/ol\/wp-content\/uploads\/2024\/02\/IMG_7786-1536x1152.jpg 1536w, https:\/\/obispadodelinares.cl\/ol\/wp-content\/uploads\/2024\/02\/IMG_7786.jpg 1950w\" data-sizes=\"(max-width: 1024px) 100vw, 1024px\" src=\"data:image\/svg+xml;base64,PHN2ZyB3aWR0aD0iMSIgaGVpZ2h0PSIxIiB4bWxucz0iaHR0cDovL3d3dy53My5vcmcvMjAwMC9zdmciPjwvc3ZnPg==\" style=\"--smush-placeholder-width: 1024px; --smush-placeholder-aspect-ratio: 1024\/768;\" \/><\/a>\n\t\t\t<\/dt><\/dl><dl class='gallery-item'>\n\t\t\t<dt class='gallery-icon landscape'>\n\t\t\t\t<a href='https:\/\/obispadodelinares.cl\/ol\/wp-content\/uploads\/2024\/02\/IMG_7793.jpg'><img decoding=\"async\" width=\"1024\" height=\"768\" data-src=\"https:\/\/obispadodelinares.cl\/ol\/wp-content\/uploads\/2024\/02\/IMG_7793-1024x768.jpg\" class=\"attachment-large size-large lazyload\" alt=\"\" data-srcset=\"https:\/\/obispadodelinares.cl\/ol\/wp-content\/uploads\/2024\/02\/IMG_7793-1024x768.jpg 1024w, https:\/\/obispadodelinares.cl\/ol\/wp-content\/uploads\/2024\/02\/IMG_7793-300x225.jpg 300w, https:\/\/obispadodelinares.cl\/ol\/wp-content\/uploads\/2024\/02\/IMG_7793-768x576.jpg 768w, https:\/\/obispadodelinares.cl\/ol\/wp-content\/uploads\/2024\/02\/IMG_7793-1536x1152.jpg 1536w, https:\/\/obispadodelinares.cl\/ol\/wp-content\/uploads\/2024\/02\/IMG_7793.jpg 1950w\" data-sizes=\"(max-width: 1024px) 100vw, 1024px\" src=\"data:image\/svg+xml;base64,PHN2ZyB3aWR0aD0iMSIgaGVpZ2h0PSIxIiB4bWxucz0iaHR0cDovL3d3dy53My5vcmcvMjAwMC9zdmciPjwvc3ZnPg==\" style=\"--smush-placeholder-width: 1024px; --smush-placeholder-aspect-ratio: 1024\/768;\" \/><\/a>\n\t\t\t<\/dt><\/dl><dl class='gallery-item'>\n\t\t\t<dt class='gallery-icon landscape'>\n\t\t\t\t<a href='https:\/\/obispadodelinares.cl\/ol\/wp-content\/uploads\/2024\/02\/IMG_7809.jpg'><img decoding=\"async\" width=\"1024\" height=\"768\" data-src=\"https:\/\/obispadodelinares.cl\/ol\/wp-content\/uploads\/2024\/02\/IMG_7809-1024x768.jpg\" class=\"attachment-large size-large lazyload\" alt=\"\" data-srcset=\"https:\/\/obispadodelinares.cl\/ol\/wp-content\/uploads\/2024\/02\/IMG_7809-1024x768.jpg 1024w, https:\/\/obispadodelinares.cl\/ol\/wp-content\/uploads\/2024\/02\/IMG_7809-300x225.jpg 300w, https:\/\/obispadodelinares.cl\/ol\/wp-content\/uploads\/2024\/02\/IMG_7809-768x576.jpg 768w, https:\/\/obispadodelinares.cl\/ol\/wp-content\/uploads\/2024\/02\/IMG_7809-1536x1152.jpg 1536w, https:\/\/obispadodelinares.cl\/ol\/wp-content\/uploads\/2024\/02\/IMG_7809.jpg 1950w\" data-sizes=\"(max-width: 1024px) 100vw, 1024px\" src=\"data:image\/svg+xml;base64,PHN2ZyB3aWR0aD0iMSIgaGVpZ2h0PSIxIiB4bWxucz0iaHR0cDovL3d3dy53My5vcmcvMjAwMC9zdmciPjwvc3ZnPg==\" style=\"--smush-placeholder-width: 1024px; --smush-placeholder-aspect-ratio: 1024\/768;\" \/><\/a>\n\t\t\t<\/dt><\/dl><br style=\"clear: both\" \/><dl class='gallery-item'>\n\t\t\t<dt class='gallery-icon landscape'>\n\t\t\t\t<a href='https:\/\/obispadodelinares.cl\/ol\/wp-content\/uploads\/2024\/02\/IMG_1261.jpg'><img decoding=\"async\" width=\"1024\" height=\"682\" data-src=\"https:\/\/obispadodelinares.cl\/ol\/wp-content\/uploads\/2024\/02\/IMG_1261-1024x682.jpg\" class=\"attachment-large size-large lazyload\" alt=\"\" data-srcset=\"https:\/\/obispadodelinares.cl\/ol\/wp-content\/uploads\/2024\/02\/IMG_1261-1024x682.jpg 1024w, https:\/\/obispadodelinares.cl\/ol\/wp-content\/uploads\/2024\/02\/IMG_1261-300x200.jpg 300w, https:\/\/obispadodelinares.cl\/ol\/wp-content\/uploads\/2024\/02\/IMG_1261-768x512.jpg 768w, https:\/\/obispadodelinares.cl\/ol\/wp-content\/uploads\/2024\/02\/IMG_1261-1536x1024.jpg 1536w, https:\/\/obispadodelinares.cl\/ol\/wp-content\/uploads\/2024\/02\/IMG_1261-2048x1365.jpg 2048w\" data-sizes=\"(max-width: 1024px) 100vw, 1024px\" src=\"data:image\/svg+xml;base64,PHN2ZyB3aWR0aD0iMSIgaGVpZ2h0PSIxIiB4bWxucz0iaHR0cDovL3d3dy53My5vcmcvMjAwMC9zdmciPjwvc3ZnPg==\" style=\"--smush-placeholder-width: 1024px; --smush-placeholder-aspect-ratio: 1024\/682;\" \/><\/a>\n\t\t\t<\/dt><\/dl><dl class='gallery-item'>\n\t\t\t<dt class='gallery-icon landscape'>\n\t\t\t\t<a href='https:\/\/obispadodelinares.cl\/ol\/wp-content\/uploads\/2024\/02\/IMG_7574.webp'><img decoding=\"async\" width=\"250\" height=\"188\" data-src=\"https:\/\/obispadodelinares.cl\/ol\/wp-content\/uploads\/2024\/02\/IMG_7574.webp\" class=\"attachment-large size-large lazyload\" alt=\"\" src=\"data:image\/svg+xml;base64,PHN2ZyB3aWR0aD0iMSIgaGVpZ2h0PSIxIiB4bWxucz0iaHR0cDovL3d3dy53My5vcmcvMjAwMC9zdmciPjwvc3ZnPg==\" style=\"--smush-placeholder-width: 250px; --smush-placeholder-aspect-ratio: 250\/188;\" \/><\/a>\n\t\t\t<\/dt><\/dl><dl class='gallery-item'>\n\t\t\t<dt class='gallery-icon landscape'>\n\t\t\t\t<a href='https:\/\/obispadodelinares.cl\/ol\/wp-content\/uploads\/2024\/02\/IMG_7577.webp'><img decoding=\"async\" width=\"250\" height=\"188\" data-src=\"https:\/\/obispadodelinares.cl\/ol\/wp-content\/uploads\/2024\/02\/IMG_7577.webp\" class=\"attachment-large size-large lazyload\" alt=\"\" src=\"data:image\/svg+xml;base64,PHN2ZyB3aWR0aD0iMSIgaGVpZ2h0PSIxIiB4bWxucz0iaHR0cDovL3d3dy53My5vcmcvMjAwMC9zdmciPjwvc3ZnPg==\" style=\"--smush-placeholder-width: 250px; --smush-placeholder-aspect-ratio: 250\/188;\" \/><\/a>\n\t\t\t<\/dt><\/dl><br style=\"clear: both\" \/><dl class='gallery-item'>\n\t\t\t<dt class='gallery-icon landscape'>\n\t\t\t\t<a href='https:\/\/obispadodelinares.cl\/ol\/wp-content\/uploads\/2024\/02\/IMG_7582.webp'><img decoding=\"async\" width=\"250\" height=\"188\" data-src=\"https:\/\/obispadodelinares.cl\/ol\/wp-content\/uploads\/2024\/02\/IMG_7582.webp\" class=\"attachment-large size-large lazyload\" alt=\"\" src=\"data:image\/svg+xml;base64,PHN2ZyB3aWR0aD0iMSIgaGVpZ2h0PSIxIiB4bWxucz0iaHR0cDovL3d3dy53My5vcmcvMjAwMC9zdmciPjwvc3ZnPg==\" style=\"--smush-placeholder-width: 250px; --smush-placeholder-aspect-ratio: 250\/188;\" \/><\/a>\n\t\t\t<\/dt><\/dl><dl class='gallery-item'>\n\t\t\t<dt class='gallery-icon landscape'>\n\t\t\t\t<a href='https:\/\/obispadodelinares.cl\/ol\/wp-content\/uploads\/2024\/02\/IMG_1101-1.jpg'><img decoding=\"async\" width=\"1024\" height=\"682\" data-src=\"https:\/\/obispadodelinares.cl\/ol\/wp-content\/uploads\/2024\/02\/IMG_1101-1-1024x682.jpg\" class=\"attachment-large size-large lazyload\" alt=\"\" data-srcset=\"https:\/\/obispadodelinares.cl\/ol\/wp-content\/uploads\/2024\/02\/IMG_1101-1-1024x682.jpg 1024w, https:\/\/obispadodelinares.cl\/ol\/wp-content\/uploads\/2024\/02\/IMG_1101-1-300x200.jpg 300w, https:\/\/obispadodelinares.cl\/ol\/wp-content\/uploads\/2024\/02\/IMG_1101-1-768x512.jpg 768w, https:\/\/obispadodelinares.cl\/ol\/wp-content\/uploads\/2024\/02\/IMG_1101-1-1536x1024.jpg 1536w, https:\/\/obispadodelinares.cl\/ol\/wp-content\/uploads\/2024\/02\/IMG_1101-1-2048x1365.jpg 2048w\" data-sizes=\"(max-width: 1024px) 100vw, 1024px\" src=\"data:image\/svg+xml;base64,PHN2ZyB3aWR0aD0iMSIgaGVpZ2h0PSIxIiB4bWxucz0iaHR0cDovL3d3dy53My5vcmcvMjAwMC9zdmciPjwvc3ZnPg==\" style=\"--smush-placeholder-width: 1024px; --smush-placeholder-aspect-ratio: 1024\/682;\" \/><\/a>\n\t\t\t<\/dt><\/dl><dl class='gallery-item'>\n\t\t\t<dt class='gallery-icon landscape'>\n\t\t\t\t<a href='https:\/\/obispadodelinares.cl\/ol\/wp-content\/uploads\/2024\/02\/IMG_7582-1.webp'><img decoding=\"async\" width=\"250\" height=\"188\" data-src=\"https:\/\/obispadodelinares.cl\/ol\/wp-content\/uploads\/2024\/02\/IMG_7582-1.webp\" class=\"attachment-large size-large lazyload\" alt=\"\" src=\"data:image\/svg+xml;base64,PHN2ZyB3aWR0aD0iMSIgaGVpZ2h0PSIxIiB4bWxucz0iaHR0cDovL3d3dy53My5vcmcvMjAwMC9zdmciPjwvc3ZnPg==\" style=\"--smush-placeholder-width: 250px; --smush-placeholder-aspect-ratio: 250\/188;\" \/><\/a>\n\t\t\t<\/dt><\/dl><br style=\"clear: both\" \/><dl class='gallery-item'>\n\t\t\t<dt class='gallery-icon landscape'>\n\t\t\t\t<a href='https:\/\/obispadodelinares.cl\/ol\/wp-content\/uploads\/2024\/02\/IMG_7599-2.webp'><img decoding=\"async\" width=\"250\" height=\"188\" data-src=\"https:\/\/obispadodelinares.cl\/ol\/wp-content\/uploads\/2024\/02\/IMG_7599-2.webp\" class=\"attachment-large size-large lazyload\" alt=\"\" src=\"data:image\/svg+xml;base64,PHN2ZyB3aWR0aD0iMSIgaGVpZ2h0PSIxIiB4bWxucz0iaHR0cDovL3d3dy53My5vcmcvMjAwMC9zdmciPjwvc3ZnPg==\" style=\"--smush-placeholder-width: 250px; --smush-placeholder-aspect-ratio: 250\/188;\" \/><\/a>\n\t\t\t<\/dt><\/dl><dl class='gallery-item'>\n\t\t\t<dt class='gallery-icon landscape'>\n\t\t\t\t<a href='https:\/\/obispadodelinares.cl\/ol\/wp-content\/uploads\/2024\/02\/IMG_7601-1.webp'><img decoding=\"async\" width=\"250\" height=\"188\" data-src=\"https:\/\/obispadodelinares.cl\/ol\/wp-content\/uploads\/2024\/02\/IMG_7601-1.webp\" class=\"attachment-large size-large lazyload\" alt=\"\" src=\"data:image\/svg+xml;base64,PHN2ZyB3aWR0aD0iMSIgaGVpZ2h0PSIxIiB4bWxucz0iaHR0cDovL3d3dy53My5vcmcvMjAwMC9zdmciPjwvc3ZnPg==\" style=\"--smush-placeholder-width: 250px; --smush-placeholder-aspect-ratio: 250\/188;\" \/><\/a>\n\t\t\t<\/dt><\/dl><dl class='gallery-item'>\n\t\t\t<dt class='gallery-icon portrait'>\n\t\t\t\t<a href='https:\/\/obispadodelinares.cl\/ol\/wp-content\/uploads\/2024\/02\/IMG_8586.jpg'><img decoding=\"async\" width=\"768\" height=\"1024\" data-src=\"https:\/\/obispadodelinares.cl\/ol\/wp-content\/uploads\/2024\/02\/IMG_8586-768x1024.jpg\" class=\"attachment-large size-large lazyload\" alt=\"\" data-srcset=\"https:\/\/obispadodelinares.cl\/ol\/wp-content\/uploads\/2024\/02\/IMG_8586-768x1024.jpg 768w, https:\/\/obispadodelinares.cl\/ol\/wp-content\/uploads\/2024\/02\/IMG_8586-225x300.jpg 225w, https:\/\/obispadodelinares.cl\/ol\/wp-content\/uploads\/2024\/02\/IMG_8586.jpg 1096w\" data-sizes=\"(max-width: 768px) 100vw, 768px\" src=\"data:image\/svg+xml;base64,PHN2ZyB3aWR0aD0iMSIgaGVpZ2h0PSIxIiB4bWxucz0iaHR0cDovL3d3dy53My5vcmcvMjAwMC9zdmciPjwvc3ZnPg==\" style=\"--smush-placeholder-width: 768px; --smush-placeholder-aspect-ratio: 768\/1024;\" \/><\/a>\n\t\t\t<\/dt><\/dl><br style=\"clear: both\" \/><dl class='gallery-item'>\n\t\t\t<dt class='gallery-icon landscape'>\n\t\t\t\t<a href='https:\/\/obispadodelinares.cl\/ol\/wp-content\/uploads\/2024\/02\/IMG_8591.jpg'><img decoding=\"async\" width=\"1024\" height=\"768\" data-src=\"https:\/\/obispadodelinares.cl\/ol\/wp-content\/uploads\/2024\/02\/IMG_8591-1024x768.jpg\" class=\"attachment-large size-large lazyload\" alt=\"\" data-srcset=\"https:\/\/obispadodelinares.cl\/ol\/wp-content\/uploads\/2024\/02\/IMG_8591-1024x768.jpg 1024w, https:\/\/obispadodelinares.cl\/ol\/wp-content\/uploads\/2024\/02\/IMG_8591-300x225.jpg 300w, https:\/\/obispadodelinares.cl\/ol\/wp-content\/uploads\/2024\/02\/IMG_8591-768x576.jpg 768w, https:\/\/obispadodelinares.cl\/ol\/wp-content\/uploads\/2024\/02\/IMG_8591-1536x1152.jpg 1536w, https:\/\/obispadodelinares.cl\/ol\/wp-content\/uploads\/2024\/02\/IMG_8591.jpg 1950w\" data-sizes=\"(max-width: 1024px) 100vw, 1024px\" src=\"data:image\/svg+xml;base64,PHN2ZyB3aWR0aD0iMSIgaGVpZ2h0PSIxIiB4bWxucz0iaHR0cDovL3d3dy53My5vcmcvMjAwMC9zdmciPjwvc3ZnPg==\" style=\"--smush-placeholder-width: 1024px; --smush-placeholder-aspect-ratio: 1024\/768;\" \/><\/a>\n\t\t\t<\/dt><\/dl><dl class='gallery-item'>\n\t\t\t<dt class='gallery-icon landscape'>\n\t\t\t\t<a href='https:\/\/obispadodelinares.cl\/ol\/wp-content\/uploads\/2024\/02\/IMG_8615.jpg'><img decoding=\"async\" width=\"1024\" height=\"768\" data-src=\"https:\/\/obispadodelinares.cl\/ol\/wp-content\/uploads\/2024\/02\/IMG_8615-1024x768.jpg\" class=\"attachment-large size-large lazyload\" alt=\"\" data-srcset=\"https:\/\/obispadodelinares.cl\/ol\/wp-content\/uploads\/2024\/02\/IMG_8615-1024x768.jpg 1024w, https:\/\/obispadodelinares.cl\/ol\/wp-content\/uploads\/2024\/02\/IMG_8615-300x225.jpg 300w, https:\/\/obispadodelinares.cl\/ol\/wp-content\/uploads\/2024\/02\/IMG_8615-768x576.jpg 768w, https:\/\/obispadodelinares.cl\/ol\/wp-content\/uploads\/2024\/02\/IMG_8615-1536x1152.jpg 1536w, https:\/\/obispadodelinares.cl\/ol\/wp-content\/uploads\/2024\/02\/IMG_8615.jpg 1950w\" data-sizes=\"(max-width: 1024px) 100vw, 1024px\" src=\"data:image\/svg+xml;base64,PHN2ZyB3aWR0aD0iMSIgaGVpZ2h0PSIxIiB4bWxucz0iaHR0cDovL3d3dy53My5vcmcvMjAwMC9zdmciPjwvc3ZnPg==\" style=\"--smush-placeholder-width: 1024px; --smush-placeholder-aspect-ratio: 1024\/768;\" \/><\/a>\n\t\t\t<\/dt><\/dl><dl class='gallery-item'>\n\t\t\t<dt class='gallery-icon landscape'>\n\t\t\t\t<a href='https:\/\/obispadodelinares.cl\/ol\/wp-content\/uploads\/2024\/02\/IMG_8652-1-scaled.jpg'><img decoding=\"async\" width=\"1024\" height=\"576\" data-src=\"https:\/\/obispadodelinares.cl\/ol\/wp-content\/uploads\/2024\/02\/IMG_8652-1-1024x576.jpg\" class=\"attachment-large size-large lazyload\" alt=\"\" data-srcset=\"https:\/\/obispadodelinares.cl\/ol\/wp-content\/uploads\/2024\/02\/IMG_8652-1-1024x576.jpg 1024w, https:\/\/obispadodelinares.cl\/ol\/wp-content\/uploads\/2024\/02\/IMG_8652-1-300x169.jpg 300w, https:\/\/obispadodelinares.cl\/ol\/wp-content\/uploads\/2024\/02\/IMG_8652-1-768x432.jpg 768w, https:\/\/obispadodelinares.cl\/ol\/wp-content\/uploads\/2024\/02\/IMG_8652-1-1536x864.jpg 1536w, https:\/\/obispadodelinares.cl\/ol\/wp-content\/uploads\/2024\/02\/IMG_8652-1-2048x1152.jpg 2048w\" data-sizes=\"(max-width: 1024px) 100vw, 1024px\" src=\"data:image\/svg+xml;base64,PHN2ZyB3aWR0aD0iMSIgaGVpZ2h0PSIxIiB4bWxucz0iaHR0cDovL3d3dy53My5vcmcvMjAwMC9zdmciPjwvc3ZnPg==\" style=\"--smush-placeholder-width: 1024px; --smush-placeholder-aspect-ratio: 1024\/576;\" \/><\/a>\n\t\t\t<\/dt><\/dl><br style=\"clear: both\" \/><dl class='gallery-item'>\n\t\t\t<dt class='gallery-icon landscape'>\n\t\t\t\t<a href='https:\/\/obispadodelinares.cl\/ol\/wp-content\/uploads\/2024\/02\/DJI_0397-copia-scaled.jpg'><img decoding=\"async\" width=\"1024\" height=\"576\" data-src=\"https:\/\/obispadodelinares.cl\/ol\/wp-content\/uploads\/2024\/02\/DJI_0397-copia-1024x576.jpg\" class=\"attachment-large size-large lazyload\" alt=\"\" data-srcset=\"https:\/\/obispadodelinares.cl\/ol\/wp-content\/uploads\/2024\/02\/DJI_0397-copia-1024x576.jpg 1024w, https:\/\/obispadodelinares.cl\/ol\/wp-content\/uploads\/2024\/02\/DJI_0397-copia-300x169.jpg 300w, https:\/\/obispadodelinares.cl\/ol\/wp-content\/uploads\/2024\/02\/DJI_0397-copia-768x432.jpg 768w, https:\/\/obispadodelinares.cl\/ol\/wp-content\/uploads\/2024\/02\/DJI_0397-copia-1536x864.jpg 1536w, https:\/\/obispadodelinares.cl\/ol\/wp-content\/uploads\/2024\/02\/DJI_0397-copia-2048x1152.jpg 2048w\" data-sizes=\"(max-width: 1024px) 100vw, 1024px\" src=\"data:image\/svg+xml;base64,PHN2ZyB3aWR0aD0iMSIgaGVpZ2h0PSIxIiB4bWxucz0iaHR0cDovL3d3dy53My5vcmcvMjAwMC9zdmciPjwvc3ZnPg==\" style=\"--smush-placeholder-width: 1024px; --smush-placeholder-aspect-ratio: 1024\/576;\" \/><\/a>\n\t\t\t<\/dt><\/dl><dl class='gallery-item'>\n\t\t\t<dt class='gallery-icon landscape'>\n\t\t\t\t<a href='https:\/\/obispadodelinares.cl\/ol\/wp-content\/uploads\/2024\/02\/DJI_0411-copia-scaled.jpg'><img decoding=\"async\" width=\"1024\" height=\"576\" data-src=\"https:\/\/obispadodelinares.cl\/ol\/wp-content\/uploads\/2024\/02\/DJI_0411-copia-1024x576.jpg\" class=\"attachment-large size-large lazyload\" alt=\"\" data-srcset=\"https:\/\/obispadodelinares.cl\/ol\/wp-content\/uploads\/2024\/02\/DJI_0411-copia-1024x576.jpg 1024w, https:\/\/obispadodelinares.cl\/ol\/wp-content\/uploads\/2024\/02\/DJI_0411-copia-300x169.jpg 300w, https:\/\/obispadodelinares.cl\/ol\/wp-content\/uploads\/2024\/02\/DJI_0411-copia-768x432.jpg 768w, https:\/\/obispadodelinares.cl\/ol\/wp-content\/uploads\/2024\/02\/DJI_0411-copia-1536x864.jpg 1536w, https:\/\/obispadodelinares.cl\/ol\/wp-content\/uploads\/2024\/02\/DJI_0411-copia-2048x1152.jpg 2048w\" data-sizes=\"(max-width: 1024px) 100vw, 1024px\" src=\"data:image\/svg+xml;base64,PHN2ZyB3aWR0aD0iMSIgaGVpZ2h0PSIxIiB4bWxucz0iaHR0cDovL3d3dy53My5vcmcvMjAwMC9zdmciPjwvc3ZnPg==\" style=\"--smush-placeholder-width: 1024px; --smush-placeholder-aspect-ratio: 1024\/576;\" \/><\/a>\n\t\t\t<\/dt><\/dl>\n\t\t\t<br style='clear: both' \/>\n\t\t<\/div>\n\n","protected":false},"excerpt":{"rendered":"<p>Con dedicaci\u00f3n especial de cada d\u00eda y una masiva asistencia se desarrolla la Novena que enmarca la Celebraci\u00f3n de Nuestra Se\u00f1ora de la Candelaria en Chanco, comuna costera que cada a\u00f1o se viste de fiesta para recibir a miles de peregrinos que con fe y devoci\u00f3n llegan hasta el Santuario de la Candelaria para agradecer [&hellip;]<\/p>\n","protected":false},"author":1,"featured_media":17558,"comment_status":"closed","ping_status":"closed","sticky":false,"template":"","format":"standard","meta":{"h5ap_radio_sources":[],"footnotes":""},"categories":[468,291,74,193],"tags":[42,470],"class_list":["post-17557","post","type-post","status-publish","format-standard","has-post-thumbnail","hentry","category-468","category-diocesana","category-fiesta-religiosa","category-historia-diocesana","tag-chanco","tag-fiesta-de-nuestra-senora-de-la-candelaria"],"_links":{"self":[{"href":"https:\/\/obispadodelinares.cl\/ol\/index.php?rest_route=\/wp\/v2\/posts\/17557","targetHints":{"allow":["GET"]}}],"collection":[{"href":"https:\/\/obispadodelinares.cl\/ol\/index.php?rest_route=\/wp\/v2\/posts"}],"about":[{"href":"https:\/\/obispadodelinares.cl\/ol\/index.php?rest_route=\/wp\/v2\/types\/post"}],"author":[{"embeddable":true,"href":"https:\/\/obispadodelinares.cl\/ol\/index.php?rest_route=\/wp\/v2\/users\/1"}],"replies":[{"embeddable":true,"href":"https:\/\/obispadodelinares.cl\/ol\/index.php?rest_route=%2Fwp%2Fv2%2Fcomments&post=17557"}],"version-history":[{"count":0,"href":"https:\/\/obispadodelinares.cl\/ol\/index.php?rest_route=\/wp\/v2\/posts\/17557\/revisions"}],"wp:featuredmedia":[{"embeddable":true,"href":"https:\/\/obispadodelinares.cl\/ol\/index.php?rest_route=\/wp\/v2\/media\/17558"}],"wp:attachment":[{"href":"https:\/\/obispadodelinares.cl\/ol\/index.php?rest_route=%2Fwp%2Fv2%2Fmedia&parent=17557"}],"wp:term":[{"taxonomy":"category","embeddable":true,"href":"https:\/\/obispadodelinares.cl\/ol\/index.php?rest_route=%2Fwp%2Fv2%2Fcategories&post=17557"},{"taxonomy":"post_tag","embeddable":true,"href":"https:\/\/obispadodelinares.cl\/ol\/index.php?rest_route=%2Fwp%2Fv2%2Ftags&post=17557"}],"curies":[{"name":"wp","href":"https:\/\/api.w.org\/{rel}","templated":true}]}}