{"id":17451,"date":"2023-12-05T13:36:14","date_gmt":"2023-12-05T13:36:14","guid":{"rendered":"https:\/\/obispadodelinares.cl\/ol\/?p=17451"},"modified":"2023-12-05T13:36:14","modified_gmt":"2023-12-05T13:36:14","slug":"finalizacion-mes-de-maria-en-parral","status":"publish","type":"post","link":"https:\/\/obispadodelinares.cl\/ol\/?p=17451","title":{"rendered":"Finalizaci\u00f3n Mes de Mar\u00eda en Parral"},"content":{"rendered":"<p>Parroquias San Jos\u00e9 y San Francisco de Parral invitan a la comunidad a concluir juntos el Mes de Mar\u00eda, bajo el lema \u00abCon Mar\u00eda unidos anunciamos al Se\u00f1or de la Paz\u00bb el Viernes 8 de diciembre, 18:45 hrs. salida desde el frontis de la parroquia San Jos\u00e9, frente a la Plaza en procesi\u00f3n hasta la Alameda, donde se celebrar\u00e1 la Santa Misa&#8230; Venid y vamos todos, con flores a Mar\u00eda.<\/p>\n<p><img fetchpriority=\"high\" decoding=\"async\" class=\"alignnone size-medium wp-image-17452\" src=\"https:\/\/obispadodelinares.cl\/ol\/wp-content\/uploads\/2023\/12\/406526664_742716901216441_7804386105304021563_n-300x300.jpg\" alt=\"\" width=\"300\" height=\"300\" srcset=\"https:\/\/obispadodelinares.cl\/ol\/wp-content\/uploads\/2023\/12\/406526664_742716901216441_7804386105304021563_n-300x300.jpg 300w, https:\/\/obispadodelinares.cl\/ol\/wp-content\/uploads\/2023\/12\/406526664_742716901216441_7804386105304021563_n-1024x1024.jpg 1024w, https:\/\/obispadodelinares.cl\/ol\/wp-content\/uploads\/2023\/12\/406526664_742716901216441_7804386105304021563_n-150x150.jpg 150w, https:\/\/obispadodelinares.cl\/ol\/wp-content\/uploads\/2023\/12\/406526664_742716901216441_7804386105304021563_n-768x768.jpg 768w, https:\/\/obispadodelinares.cl\/ol\/wp-content\/uploads\/2023\/12\/406526664_742716901216441_7804386105304021563_n.jpg 1080w\" sizes=\"(max-width: 300px) 100vw, 300px\" \/><\/p>\n","protected":false},"excerpt":{"rendered":"<p>Parroquias San Jos\u00e9 y San Francisco de Parral invitan a la comunidad a concluir juntos el Mes de Mar\u00eda, bajo el lema \u00abCon Mar\u00eda unidos anunciamos al Se\u00f1or de la Paz\u00bb el Viernes 8 de diciembre, 18:45 hrs. salida desde el frontis de la parroquia San Jos\u00e9, frente a la Plaza en procesi\u00f3n hasta la [&hellip;]<\/p>\n","protected":false},"author":1,"featured_media":17452,"comment_status":"closed","ping_status":"closed","sticky":false,"template":"","format":"standard","meta":{"h5ap_radio_sources":[],"footnotes":""},"categories":[414,74],"tags":[408],"class_list":["post-17451","post","type-post","status-publish","format-standard","has-post-thumbnail","hentry","category-414","category-fiesta-religiosa","tag-decanato-de-parral"],"_links":{"self":[{"href":"https:\/\/obispadodelinares.cl\/ol\/index.php?rest_route=\/wp\/v2\/posts\/17451","targetHints":{"allow":["GET"]}}],"collection":[{"href":"https:\/\/obispadodelinares.cl\/ol\/index.php?rest_route=\/wp\/v2\/posts"}],"about":[{"href":"https:\/\/obispadodelinares.cl\/ol\/index.php?rest_route=\/wp\/v2\/types\/post"}],"author":[{"embeddable":true,"href":"https:\/\/obispadodelinares.cl\/ol\/index.php?rest_route=\/wp\/v2\/users\/1"}],"replies":[{"embeddable":true,"href":"https:\/\/obispadodelinares.cl\/ol\/index.php?rest_route=%2Fwp%2Fv2%2Fcomments&post=17451"}],"version-history":[{"count":0,"href":"https:\/\/obispadodelinares.cl\/ol\/index.php?rest_route=\/wp\/v2\/posts\/17451\/revisions"}],"wp:featuredmedia":[{"embeddable":true,"href":"https:\/\/obispadodelinares.cl\/ol\/index.php?rest_route=\/wp\/v2\/media\/17452"}],"wp:attachment":[{"href":"https:\/\/obispadodelinares.cl\/ol\/index.php?rest_route=%2Fwp%2Fv2%2Fmedia&parent=17451"}],"wp:term":[{"taxonomy":"category","embeddable":true,"href":"https:\/\/obispadodelinares.cl\/ol\/index.php?rest_route=%2Fwp%2Fv2%2Fcategories&post=17451"},{"taxonomy":"post_tag","embeddable":true,"href":"https:\/\/obispadodelinares.cl\/ol\/index.php?rest_route=%2Fwp%2Fv2%2Ftags&post=17451"}],"curies":[{"name":"wp","href":"https:\/\/api.w.org\/{rel}","templated":true}]}}