{"id":17182,"date":"2023-10-10T20:06:57","date_gmt":"2023-10-10T20:06:57","guid":{"rendered":"https:\/\/obispadodelinares.cl\/ol\/?p=17182"},"modified":"2023-10-10T20:08:44","modified_gmt":"2023-10-10T20:08:44","slug":"encuentro-familia-arboles-y-semillas","status":"publish","type":"post","link":"https:\/\/obispadodelinares.cl\/ol\/?p=17182","title":{"rendered":"Encuentro Familia, \u00e1rboles y semillas"},"content":{"rendered":"<p>El primero de octubre se celebra el D\u00eda Internacional del Adulto Mayor, pero en la Di\u00f3cesis de Linares, se ha asumido como el Mes de las personas mayores, para ayudar a crear conciencia de que envejecer no es una carga, es m\u00e1s bien una oportunidad de lucir con orgullo las arrugas que hoy est\u00e1n all\u00ed donde antes hubo sonrisas. Es as\u00ed como el viernes 6 de octubre, con colorido pasacalle por las principales avenidas de la ciudad y un acto en el Teatro Municipal, se realiz\u00f3 el encuentro denominado \u201cfamilia, \u00e1rboles y semillas\u201d.<\/p>\n<p>La convocatoria estuvo a cargo de Pastoral Social del Adulto Mayor de Fundaci\u00f3n Caritas, Uni\u00f3n Comunal del Adulto Mayor y la Oficina Municipal del Adulto Mayor de la Comuna de Linares. Durante el desarrollo de esta actividad, se hizo entrega de 120 pack de semillas de Acelgas Ford nook y Zapallitos Black zuchini.<\/p>\n<p>Cabe mencionar que en a\u00f1os anteriores se ha hecho entrega a los adultos mayores de \u00e1rboles nativos, arbustos y planas ornamentales, para que junto a los nietos y nietas las plantaran en los jardines o remansos de sus casas.<\/p>\n<p>El programa contempl\u00f3 la presentaci\u00f3n de un grupo de j\u00f3venes linarenses \u201cEscuela Carnaval Tumbe Linares\u201d que deleitaron a los presentes con la expresi\u00f3n de su talento de m\u00fasica y danza, queriendo representar al Pueblo tribal afrodescendiente chileno, adem\u00e1s acompa\u00f1aron todo el pasacalle.<\/p>\n<p>Tambi\u00e9n se present\u00f3 el v\u00eddeo con la canci\u00f3n de Man\u00e1 \u201cDonde Juagar\u00e1n los Ni\u00f1os\u201d, que en letra e im\u00e1genes nos invitan a tomar conciencia de los flagelos que se sufren ante el cambio clim\u00e1tico y deja en evidencia que las mayores v\u00edctimas son las nuevas generaciones. Siguiendo en esta l\u00ednea tambi\u00e9n se dirigi\u00f3 a los presentes Don Eduardo Aravena, Encargado Nacional de Redes del Movimiento Internacional Laudato Si, quien hizo un llamado claro y urgente al cuidado del entorno inmediato, as\u00ed como del conjunto de la Casa Com\u00fan, sin dejar de tener presente el sentido de la justicia y solidaridad intergeneracional.<\/p>\n<p>Don Ibar Huerta, del \u00e1rea de Pastoral del Adulto Mayor de Pastoral Social Caritas Linares, en su exposici\u00f3n, detall\u00f3 el itinerario que se ha cumplido desde los primeros a\u00f1os de este Encuentro Intergeneracional que cada a\u00f1o se visibiliza m\u00e1s, crece y se fortalece a los ojos de la comunidad linarense en su conjunto.<\/p>\n<p><strong>Estimados y estimadas Personas Mayores \u00a0<\/strong><\/p>\n<p>Es bueno recordar las experiencias significativas que hemos vivido a lo largo de nuestras vidas. Estamos reunidos nuevamente ac\u00e1 en el Teatro Municipal despu\u00e9s de caminar por las calles del centro de la ciudad para decir que las personas mayores estuvimos, estamos y estaremos como actores de nuestro propio desarrollo.<\/p>\n<p>Bien vale recordar que octubre del a\u00f1o 2015, un grupo de Adultos Mayores, convinieron realizar una actividad que nos permitiera estar en contacto con la naturaleza y que esta involucrara a nuestros nietos y nietas. Para concretar la iniciativa, se nos ocurri\u00f3 plantar rosales en el jard\u00edn de las dependencias de la Fundaci\u00f3n Caritas ubicada en calle Freire, entre los asistentes estaba junto a sus dos hijos (Clemente y Crist\u00f3bal) el entonces Concejal Mario Meza V\u00e1squez (Hoy Alcalde). Esos rosales contin\u00faan hoy embelleciendo el jard\u00edn de Caritas Linares.<\/p>\n<p>As\u00ed se decidi\u00f3 organizar cada a\u00f1o esta actividad para llamar a la toma de conciencia del cuidado de la Casa Com\u00fan y el desaf\u00edo consistir\u00eda en plantar \u00e1rboles junto a nuestros nietos y nietas. Juan D\u00edaz Sobarzo, esgrimi\u00f3 una frase que a\u00fan resuena en nuestros pensamientos, dijo: <em>\u201cLa sombra que dar\u00e1 el \u00e1rbol que plantare con <\/em><\/p>\n<p><em>mis nietos, tal vez no la alcance a disfrutar, pero, ellos dir\u00e1n, la sombra que nos cobija se la debemos a que un d\u00eda, plantamos el \u00e1rbol con nuestros abuelos\u201d.<\/em><\/p>\n<p>Al cabo de los a\u00f1os, continuamos con esta hermosa tarea de plantar \u00e1rboles en la Alameda Valent\u00edn Letelier, con lamentables consecuencias, personas que gozan causando estragos, rompieron los \u00e1rboles nativos. Sin embargo, hemos sabido que los \u00e1rboles que llevamos a casa, forman parte de la flora de nuestros hogares; algunos de ellos nos alegran porque estamos saboreando sus frutos.<\/p>\n<p>El a\u00f1o pasado organizamos la actividad en el frontis del Museo de Linares, luego de un pasacalle que le llamamos la marcha de los Paraguas y contamos con un gran n\u00famero de Personas Mayores. Este a\u00f1o, nos hemos engalanado gracias al acompa\u00f1amiento de la Oficina Municipal del Adulto Mayor en comuni\u00f3n con los clubes de la Pastoral Social de la Fundaci\u00f3n Caritas y de los clubes de la Uni\u00f3n comunal, que este a\u00f1o ha cumplido sus Bodas de Plata.<\/p>\n\n\t\t<style type=\"text\/css\">\n\t\t\t#gallery-1 {\n\t\t\t\tmargin: auto;\n\t\t\t}\n\t\t\t#gallery-1 .gallery-item {\n\t\t\t\tfloat: left;\n\t\t\t\tmargin-top: 10px;\n\t\t\t\ttext-align: center;\n\t\t\t\twidth: 33%;\n\t\t\t}\n\t\t\t#gallery-1 img {\n\t\t\t\tborder: 2px solid #cfcfcf;\n\t\t\t}\n\t\t\t#gallery-1 .gallery-caption {\n\t\t\t\tmargin-left: 0;\n\t\t\t}\n\t\t\t\/* see gallery_shortcode() in wp-includes\/media.php *\/\n\t\t<\/style>\n\t\t<div id='gallery-1' class='gallery galleryid-17182 gallery-columns-3 gallery-size-large'><dl class='gallery-item'>\n\t\t\t<dt class='gallery-icon landscape'>\n\t\t\t\t<a href='https:\/\/obispadodelinares.cl\/ol\/wp-content\/uploads\/2023\/10\/IMG_1893.jpg'><img fetchpriority=\"high\" decoding=\"async\" width=\"1024\" height=\"683\" src=\"https:\/\/obispadodelinares.cl\/ol\/wp-content\/uploads\/2023\/10\/IMG_1893-1024x683.jpg\" class=\"attachment-large size-large\" alt=\"\" srcset=\"https:\/\/obispadodelinares.cl\/ol\/wp-content\/uploads\/2023\/10\/IMG_1893-1024x683.jpg 1024w, https:\/\/obispadodelinares.cl\/ol\/wp-content\/uploads\/2023\/10\/IMG_1893-300x200.jpg 300w, https:\/\/obispadodelinares.cl\/ol\/wp-content\/uploads\/2023\/10\/IMG_1893-768x513.jpg 768w, https:\/\/obispadodelinares.cl\/ol\/wp-content\/uploads\/2023\/10\/IMG_1893.jpg 1266w\" sizes=\"(max-width: 1024px) 100vw, 1024px\" \/><\/a>\n\t\t\t<\/dt><\/dl><dl class='gallery-item'>\n\t\t\t<dt class='gallery-icon landscape'>\n\t\t\t\t<a href='https:\/\/obispadodelinares.cl\/ol\/wp-content\/uploads\/2023\/10\/IMG_1926.jpg'><img decoding=\"async\" width=\"1024\" height=\"683\" data-src=\"https:\/\/obispadodelinares.cl\/ol\/wp-content\/uploads\/2023\/10\/IMG_1926-1024x683.jpg\" class=\"attachment-large size-large lazyload\" alt=\"\" data-srcset=\"https:\/\/obispadodelinares.cl\/ol\/wp-content\/uploads\/2023\/10\/IMG_1926-1024x683.jpg 1024w, https:\/\/obispadodelinares.cl\/ol\/wp-content\/uploads\/2023\/10\/IMG_1926-300x200.jpg 300w, https:\/\/obispadodelinares.cl\/ol\/wp-content\/uploads\/2023\/10\/IMG_1926-768x513.jpg 768w, https:\/\/obispadodelinares.cl\/ol\/wp-content\/uploads\/2023\/10\/IMG_1926.jpg 1266w\" data-sizes=\"(max-width: 1024px) 100vw, 1024px\" src=\"data:image\/svg+xml;base64,PHN2ZyB3aWR0aD0iMSIgaGVpZ2h0PSIxIiB4bWxucz0iaHR0cDovL3d3dy53My5vcmcvMjAwMC9zdmciPjwvc3ZnPg==\" style=\"--smush-placeholder-width: 1024px; --smush-placeholder-aspect-ratio: 1024\/683;\" \/><\/a>\n\t\t\t<\/dt><\/dl><dl class='gallery-item'>\n\t\t\t<dt class='gallery-icon landscape'>\n\t\t\t\t<a href='https:\/\/obispadodelinares.cl\/ol\/wp-content\/uploads\/2023\/10\/IMG_1900.jpg'><img decoding=\"async\" width=\"1024\" height=\"683\" data-src=\"https:\/\/obispadodelinares.cl\/ol\/wp-content\/uploads\/2023\/10\/IMG_1900-1024x683.jpg\" class=\"attachment-large size-large lazyload\" alt=\"\" data-srcset=\"https:\/\/obispadodelinares.cl\/ol\/wp-content\/uploads\/2023\/10\/IMG_1900-1024x683.jpg 1024w, https:\/\/obispadodelinares.cl\/ol\/wp-content\/uploads\/2023\/10\/IMG_1900-300x200.jpg 300w, https:\/\/obispadodelinares.cl\/ol\/wp-content\/uploads\/2023\/10\/IMG_1900-768x513.jpg 768w, https:\/\/obispadodelinares.cl\/ol\/wp-content\/uploads\/2023\/10\/IMG_1900.jpg 1266w\" data-sizes=\"(max-width: 1024px) 100vw, 1024px\" src=\"data:image\/svg+xml;base64,PHN2ZyB3aWR0aD0iMSIgaGVpZ2h0PSIxIiB4bWxucz0iaHR0cDovL3d3dy53My5vcmcvMjAwMC9zdmciPjwvc3ZnPg==\" style=\"--smush-placeholder-width: 1024px; --smush-placeholder-aspect-ratio: 1024\/683;\" \/><\/a>\n\t\t\t<\/dt><\/dl><br style=\"clear: both\" \/><dl class='gallery-item'>\n\t\t\t<dt class='gallery-icon landscape'>\n\t\t\t\t<a href='https:\/\/obispadodelinares.cl\/ol\/wp-content\/uploads\/2023\/10\/56159521-98dd-4e80-9adb-2d4f652a4ceb.jpg'><img decoding=\"async\" width=\"1024\" height=\"768\" data-src=\"https:\/\/obispadodelinares.cl\/ol\/wp-content\/uploads\/2023\/10\/56159521-98dd-4e80-9adb-2d4f652a4ceb-1024x768.jpg\" class=\"attachment-large size-large lazyload\" alt=\"\" data-srcset=\"https:\/\/obispadodelinares.cl\/ol\/wp-content\/uploads\/2023\/10\/56159521-98dd-4e80-9adb-2d4f652a4ceb-1024x768.jpg 1024w, https:\/\/obispadodelinares.cl\/ol\/wp-content\/uploads\/2023\/10\/56159521-98dd-4e80-9adb-2d4f652a4ceb-300x225.jpg 300w, https:\/\/obispadodelinares.cl\/ol\/wp-content\/uploads\/2023\/10\/56159521-98dd-4e80-9adb-2d4f652a4ceb-768x576.jpg 768w, https:\/\/obispadodelinares.cl\/ol\/wp-content\/uploads\/2023\/10\/56159521-98dd-4e80-9adb-2d4f652a4ceb.jpg 1127w\" data-sizes=\"(max-width: 1024px) 100vw, 1024px\" src=\"data:image\/svg+xml;base64,PHN2ZyB3aWR0aD0iMSIgaGVpZ2h0PSIxIiB4bWxucz0iaHR0cDovL3d3dy53My5vcmcvMjAwMC9zdmciPjwvc3ZnPg==\" style=\"--smush-placeholder-width: 1024px; --smush-placeholder-aspect-ratio: 1024\/768;\" \/><\/a>\n\t\t\t<\/dt><\/dl><dl class='gallery-item'>\n\t\t\t<dt class='gallery-icon landscape'>\n\t\t\t\t<a href='https:\/\/obispadodelinares.cl\/ol\/wp-content\/uploads\/2023\/10\/IMG_1880.jpg'><img decoding=\"async\" width=\"1024\" height=\"683\" data-src=\"https:\/\/obispadodelinares.cl\/ol\/wp-content\/uploads\/2023\/10\/IMG_1880-1024x683.jpg\" class=\"attachment-large size-large lazyload\" alt=\"\" data-srcset=\"https:\/\/obispadodelinares.cl\/ol\/wp-content\/uploads\/2023\/10\/IMG_1880-1024x683.jpg 1024w, https:\/\/obispadodelinares.cl\/ol\/wp-content\/uploads\/2023\/10\/IMG_1880-300x200.jpg 300w, https:\/\/obispadodelinares.cl\/ol\/wp-content\/uploads\/2023\/10\/IMG_1880-768x513.jpg 768w, https:\/\/obispadodelinares.cl\/ol\/wp-content\/uploads\/2023\/10\/IMG_1880.jpg 1266w\" data-sizes=\"(max-width: 1024px) 100vw, 1024px\" src=\"data:image\/svg+xml;base64,PHN2ZyB3aWR0aD0iMSIgaGVpZ2h0PSIxIiB4bWxucz0iaHR0cDovL3d3dy53My5vcmcvMjAwMC9zdmciPjwvc3ZnPg==\" style=\"--smush-placeholder-width: 1024px; --smush-placeholder-aspect-ratio: 1024\/683;\" \/><\/a>\n\t\t\t<\/dt><\/dl><dl class='gallery-item'>\n\t\t\t<dt class='gallery-icon landscape'>\n\t\t\t\t<a href='https:\/\/obispadodelinares.cl\/ol\/wp-content\/uploads\/2023\/10\/a6f3695f-543f-4b01-b6a2-63655d26aed5.jpg'><img decoding=\"async\" width=\"1024\" height=\"768\" data-src=\"https:\/\/obispadodelinares.cl\/ol\/wp-content\/uploads\/2023\/10\/a6f3695f-543f-4b01-b6a2-63655d26aed5-1024x768.jpg\" class=\"attachment-large size-large lazyload\" alt=\"\" data-srcset=\"https:\/\/obispadodelinares.cl\/ol\/wp-content\/uploads\/2023\/10\/a6f3695f-543f-4b01-b6a2-63655d26aed5-1024x768.jpg 1024w, https:\/\/obispadodelinares.cl\/ol\/wp-content\/uploads\/2023\/10\/a6f3695f-543f-4b01-b6a2-63655d26aed5-300x225.jpg 300w, https:\/\/obispadodelinares.cl\/ol\/wp-content\/uploads\/2023\/10\/a6f3695f-543f-4b01-b6a2-63655d26aed5-768x576.jpg 768w, https:\/\/obispadodelinares.cl\/ol\/wp-content\/uploads\/2023\/10\/a6f3695f-543f-4b01-b6a2-63655d26aed5.jpg 1127w\" data-sizes=\"(max-width: 1024px) 100vw, 1024px\" src=\"data:image\/svg+xml;base64,PHN2ZyB3aWR0aD0iMSIgaGVpZ2h0PSIxIiB4bWxucz0iaHR0cDovL3d3dy53My5vcmcvMjAwMC9zdmciPjwvc3ZnPg==\" style=\"--smush-placeholder-width: 1024px; --smush-placeholder-aspect-ratio: 1024\/768;\" \/><\/a>\n\t\t\t<\/dt><\/dl><br style=\"clear: both\" \/><dl class='gallery-item'>\n\t\t\t<dt class='gallery-icon landscape'>\n\t\t\t\t<a href='https:\/\/obispadodelinares.cl\/ol\/wp-content\/uploads\/2023\/10\/DJI_0079.jpg'><img decoding=\"async\" width=\"960\" height=\"540\" data-src=\"https:\/\/obispadodelinares.cl\/ol\/wp-content\/uploads\/2023\/10\/DJI_0079.jpg\" class=\"attachment-large size-large lazyload\" alt=\"\" data-srcset=\"https:\/\/obispadodelinares.cl\/ol\/wp-content\/uploads\/2023\/10\/DJI_0079.jpg 960w, https:\/\/obispadodelinares.cl\/ol\/wp-content\/uploads\/2023\/10\/DJI_0079-300x169.jpg 300w, https:\/\/obispadodelinares.cl\/ol\/wp-content\/uploads\/2023\/10\/DJI_0079-768x432.jpg 768w\" data-sizes=\"(max-width: 960px) 100vw, 960px\" src=\"data:image\/svg+xml;base64,PHN2ZyB3aWR0aD0iMSIgaGVpZ2h0PSIxIiB4bWxucz0iaHR0cDovL3d3dy53My5vcmcvMjAwMC9zdmciPjwvc3ZnPg==\" style=\"--smush-placeholder-width: 960px; --smush-placeholder-aspect-ratio: 960\/540;\" \/><\/a>\n\t\t\t<\/dt><\/dl>\n\t\t\t<br style='clear: both' \/>\n\t\t<\/div>\n\n","protected":false},"excerpt":{"rendered":"<p>El primero de octubre se celebra el D\u00eda Internacional del Adulto Mayor, pero en la Di\u00f3cesis de Linares, se ha asumido como el Mes de las personas mayores, para ayudar a crear conciencia de que envejecer no es una carga, es m\u00e1s bien una oportunidad de lucir con orgullo las arrugas que hoy est\u00e1n all\u00ed [&hellip;]<\/p>\n","protected":false},"author":1,"featured_media":17185,"comment_status":"closed","ping_status":"closed","sticky":false,"template":"","format":"standard","meta":{"h5ap_radio_sources":[],"footnotes":""},"categories":[414,57],"tags":[419],"class_list":["post-17182","post","type-post","status-publish","format-standard","has-post-thumbnail","hentry","category-414","category-pastoral-social","tag-pastoral-adulto-mayor"],"_links":{"self":[{"href":"https:\/\/obispadodelinares.cl\/ol\/index.php?rest_route=\/wp\/v2\/posts\/17182","targetHints":{"allow":["GET"]}}],"collection":[{"href":"https:\/\/obispadodelinares.cl\/ol\/index.php?rest_route=\/wp\/v2\/posts"}],"about":[{"href":"https:\/\/obispadodelinares.cl\/ol\/index.php?rest_route=\/wp\/v2\/types\/post"}],"author":[{"embeddable":true,"href":"https:\/\/obispadodelinares.cl\/ol\/index.php?rest_route=\/wp\/v2\/users\/1"}],"replies":[{"embeddable":true,"href":"https:\/\/obispadodelinares.cl\/ol\/index.php?rest_route=%2Fwp%2Fv2%2Fcomments&post=17182"}],"version-history":[{"count":0,"href":"https:\/\/obispadodelinares.cl\/ol\/index.php?rest_route=\/wp\/v2\/posts\/17182\/revisions"}],"wp:featuredmedia":[{"embeddable":true,"href":"https:\/\/obispadodelinares.cl\/ol\/index.php?rest_route=\/wp\/v2\/media\/17185"}],"wp:attachment":[{"href":"https:\/\/obispadodelinares.cl\/ol\/index.php?rest_route=%2Fwp%2Fv2%2Fmedia&parent=17182"}],"wp:term":[{"taxonomy":"category","embeddable":true,"href":"https:\/\/obispadodelinares.cl\/ol\/index.php?rest_route=%2Fwp%2Fv2%2Fcategories&post=17182"},{"taxonomy":"post_tag","embeddable":true,"href":"https:\/\/obispadodelinares.cl\/ol\/index.php?rest_route=%2Fwp%2Fv2%2Ftags&post=17182"}],"curies":[{"name":"wp","href":"https:\/\/api.w.org\/{rel}","templated":true}]}}