{"id":16977,"date":"2023-09-02T20:05:00","date_gmt":"2023-09-02T20:05:00","guid":{"rendered":"http:\/\/obispadodelinares.cl\/ol\/?p=16977"},"modified":"2023-09-12T20:14:18","modified_gmt":"2023-09-12T20:14:18","slug":"tiempo-de-la-creacion-que-la-justicia-y-la-paz-fluyan","status":"publish","type":"post","link":"https:\/\/obispadodelinares.cl\/ol\/?p=16977","title":{"rendered":"Tiempo de la Creaci\u00f3n, \u201cque la justicia y la paz fluyan\u201d"},"content":{"rendered":"<p><em>Comienza el Mes de la Patria y con \u00e9l, el Tempo de la Creaci\u00f3n. Es as\u00ed como en la Iglesia Catedral de Linares, se celebr\u00f3 el D\u00eda de la Oraci\u00f3n por la tierra, bajo el lema \u201cQue la justicia y a paz fluyan\u201d, <\/em>es el tema del Tiempo ecum\u00e9nico de la Creaci\u00f3n de este a\u00f1o, inspirado en las palabras del profeta Am\u00f3s: \u00abQue el derecho corra como el agua, y la justicia como un torrente inagotable\u00bb (5,24).<\/p>\n<p>Momento de Oraci\u00f3n Ecum\u00e9nica, con la que se dio inicio al tiempo de la Creaci\u00f3n que va entre el 1\u00b0 de septiembre y el 4 de octubre, onom\u00e1stico de San Francisco.<\/p>\n<p>En esta oraci\u00f3n participaron autoridades Civiles, Uniformadas, Grupos de voluntariado, C\u00e1mara de Comercio y Delegaciones de diferentes Colegios cat\u00f3licos, Municipales y Particulares. En el centro de la oraci\u00f3n, estudiantes del Liceo Mar\u00eda Auxiliadora llevando un globo terr\u00e1queo, sindicaron con cintas los puntos cardinales y los elementos naturales; estudiantes del Colegio Bicentenario San Miguel de Linares, presentaron un cuadro del taller de trekking, que busca motivar el conocimiento y cuidado de la creaci\u00f3n; y los estudiantes del Instituto Linares presentaron su firma por el pacto global por la educaci\u00f3n.<\/p>\n<p>En su intervenci\u00f3n Monse\u00f1or Koljatic, se\u00f1al\u00f3: \u201cnos reunimos aqu\u00ed en la Casa del Se\u00f1or para volver a contemplar la creaci\u00f3n con los ojos misericordiosos de amor, con el cual Dios ha hecho todas las cosas y nos ha hecho a nosotros. Le pedimos al Se\u00f1or nos ayude a recomponer la capacidad de amar, esa capacidad de amar que est\u00e1 da\u00f1ada por el pecado y nos impide dolorosamente ver en el otro a un hermano. Hemos venido para reconciliarnos con la Creaci\u00f3n, que tanto hemos maltratado, cu\u00e1nto la hemos saqueado como dice el Papa, que hemos convertido a nuestro mundo en un basural. Tenemos que reconstruir las relaciones, con nosotros mismos y con la creaci\u00f3n, tenemos que reconciliarnos con nuestra propia historia, con la familia, con los vecinos, con la misma creaci\u00f3n que en definitiva es nuestra Casa Com\u00fan, nuestro jard\u00edn del Ed\u00e9n, regalado por el Se\u00f1or y que nos acoge como hermanos\u201d<\/p>\n<p>El representante de PDI y Carabineros, agradecieron la consideraci\u00f3n e invitaci\u00f3n a esta hermosa celebraci\u00f3n y destacaron la masiva presencia de j\u00f3venes y tambi\u00e9n la importancia de estas instancias que buscan crear conciencia, sobre el cuidado de nuestra Casa Com\u00fan. Asumiendo asimismo un compromiso personal e institucional con todas estas iniciativas de bien com\u00fan.<\/p>\n<p>Por su parte Eduardo Aravena Coordinador de Redes del Movimiento Laudato Si, muy orgulloso por la amplia respuesta a la convocatoria a participar de esta Oraci\u00f3n por la Creaci\u00f3n, se\u00f1al\u00f3: \u201cSin duda que es un llamado a reconciliarnos con el cuidado del Medio Ambiente, muy importante es la participaci\u00f3n de los ni\u00f1os y j\u00f3venes, pues ellos desde la educaci\u00f3n se van haciendo parte de esta iniciativa cuyo llamado del Papa en la Enc\u00edclica Laudato Si, es a la conversi\u00f3n ecol\u00f3gica, que radica en un cambio de mentalidad y en la actitud de vida, por ejemplo incentivar el uso de energ\u00edas renovables, el ser conscientes de los desastres provocados por el cambio clim\u00e1tico\u201d.<\/p>\n<p>Entre los invitados tambi\u00e9n destac\u00f3 la presencia del Diputado Jaime Naranjo, quien felicit\u00f3 a los organizadores de estas instancias de reflexi\u00f3n sobre el rol que dada cual debe asumir ante los da\u00f1os que ha sufrido el planeta y, de c\u00f3mo el entusiasmo de los ni\u00f1os, j\u00f3venes y sus profesores, puede ser una gran y enorme agente de cambio en la actitud, de ser amigable con las personas y de cuidado con el medio ambiente. Todos desde donde estemos debemos cuidar esta hermosa casa com\u00fan que nos cobija.<\/p>\n<p><strong>Agradecimientos especiales<\/strong><\/p>\n<p>A todas las personas que con su granito de arena ayudaron a la realizaci\u00f3n de esta actividad y a aquellas cuyo compromiso con el cuidado de la Casa Com\u00fan se ha activado con la oraci\u00f3n.<\/p>\n<p>A la Orquesta del Colegio Alborada de Linares, que magistralmente interpret\u00f3 4 piezas musicales, cautivando la emoci\u00f3n de todos los presentes.<\/p>\n<p>La voz de la Profesora Ximena Campos, que est\u00e1 siempre atenta y dispuesta a colaborar.<\/p>\n<p>La participaci\u00f3n activa de los Colegios Mar\u00eda Auxiliadora, San Miguel Arc\u00e1ngel, Providencia, Alborada, Instituto Linares, Liceo Comercial y Colegio Margot Loyola.<\/p>\n<p><strong>Un poco de Historia:<\/strong><\/p>\n<p>El 1\u00b0 de septiembre de 1989 fue proclamado D\u00eda de la Oraci\u00f3n por la Creaci\u00f3n para la Iglesia Ortodoxa Oriental por el Patriarca Ecum\u00e9nico Dimitrios I.<\/p>\n<p>En 2001 fue acogido por otras importantes iglesias cristianas europeas y por el Papa Francisco para la Iglesia Cat\u00f3lica Romana en 2015.<\/p>\n<p>M\u00e1s recientemente, muchas iglesias cristianas han comenzado a celebrar el \u201cTiempo de la Creaci\u00f3n\u201d entre el 1\u00b0 de septiembre y el 4\u00b0 de octubre, onom\u00e1stico de San Francisco que se festeja en algunas tradiciones occidentales. San Francisco es el autor del \u201cCantico de las criaturas\u201d y el santo cat\u00f3lico de quienes promueven la ecolog\u00eda.<\/p>\n<p>Durante este \u201cTiempo de la Creaci\u00f3n\u201d, el llamado es todo el mundo cristiano a orar y a cuidar de la creaci\u00f3n. El tiempo de la Creaci\u00f3n, busca unir a la familia cristiana mundial en torno a un prop\u00f3sito com\u00fan. Tambi\u00e9n ofrece flexibilidad de celebrar servicios de oraci\u00f3n y participaci\u00f3n en una variedad de acciones para el cuidado de la creaci\u00f3n.<\/p>\n<p>&nbsp;<\/p>\n\n\t\t<style type=\"text\/css\">\n\t\t\t#gallery-1 {\n\t\t\t\tmargin: auto;\n\t\t\t}\n\t\t\t#gallery-1 .gallery-item {\n\t\t\t\tfloat: left;\n\t\t\t\tmargin-top: 10px;\n\t\t\t\ttext-align: center;\n\t\t\t\twidth: 33%;\n\t\t\t}\n\t\t\t#gallery-1 img {\n\t\t\t\tborder: 2px solid #cfcfcf;\n\t\t\t}\n\t\t\t#gallery-1 .gallery-caption {\n\t\t\t\tmargin-left: 0;\n\t\t\t}\n\t\t\t\/* see gallery_shortcode() in wp-includes\/media.php *\/\n\t\t<\/style>\n\t\t<div id='gallery-1' class='gallery galleryid-16977 gallery-columns-3 gallery-size-large'><dl class='gallery-item'>\n\t\t\t<dt class='gallery-icon landscape'>\n\t\t\t\t<a href='https:\/\/obispadodelinares.cl\/ol\/wp-content\/uploads\/2023\/09\/IMG_1340.jpg'><img fetchpriority=\"high\" decoding=\"async\" width=\"1024\" height=\"682\" src=\"https:\/\/obispadodelinares.cl\/ol\/wp-content\/uploads\/2023\/09\/IMG_1340-1024x682.jpg\" class=\"attachment-large size-large\" alt=\"\" srcset=\"https:\/\/obispadodelinares.cl\/ol\/wp-content\/uploads\/2023\/09\/IMG_1340-1024x682.jpg 1024w, https:\/\/obispadodelinares.cl\/ol\/wp-content\/uploads\/2023\/09\/IMG_1340-300x200.jpg 300w, https:\/\/obispadodelinares.cl\/ol\/wp-content\/uploads\/2023\/09\/IMG_1340-768x512.jpg 768w, https:\/\/obispadodelinares.cl\/ol\/wp-content\/uploads\/2023\/09\/IMG_1340.jpg 1433w\" sizes=\"(max-width: 1024px) 100vw, 1024px\" \/><\/a>\n\t\t\t<\/dt><\/dl><dl class='gallery-item'>\n\t\t\t<dt class='gallery-icon landscape'>\n\t\t\t\t<a href='https:\/\/obispadodelinares.cl\/ol\/wp-content\/uploads\/2023\/09\/IMG_1296.jpg'><img decoding=\"async\" width=\"1024\" height=\"682\" data-src=\"https:\/\/obispadodelinares.cl\/ol\/wp-content\/uploads\/2023\/09\/IMG_1296-1024x682.jpg\" class=\"attachment-large size-large lazyload\" alt=\"\" data-srcset=\"https:\/\/obispadodelinares.cl\/ol\/wp-content\/uploads\/2023\/09\/IMG_1296-1024x682.jpg 1024w, https:\/\/obispadodelinares.cl\/ol\/wp-content\/uploads\/2023\/09\/IMG_1296-300x200.jpg 300w, https:\/\/obispadodelinares.cl\/ol\/wp-content\/uploads\/2023\/09\/IMG_1296-768x512.jpg 768w, https:\/\/obispadodelinares.cl\/ol\/wp-content\/uploads\/2023\/09\/IMG_1296.jpg 1433w\" data-sizes=\"(max-width: 1024px) 100vw, 1024px\" src=\"data:image\/svg+xml;base64,PHN2ZyB3aWR0aD0iMSIgaGVpZ2h0PSIxIiB4bWxucz0iaHR0cDovL3d3dy53My5vcmcvMjAwMC9zdmciPjwvc3ZnPg==\" style=\"--smush-placeholder-width: 1024px; --smush-placeholder-aspect-ratio: 1024\/682;\" \/><\/a>\n\t\t\t<\/dt><\/dl><dl class='gallery-item'>\n\t\t\t<dt class='gallery-icon landscape'>\n\t\t\t\t<a href='https:\/\/obispadodelinares.cl\/ol\/wp-content\/uploads\/2023\/09\/20230901_103507.jpg'><img decoding=\"async\" width=\"1024\" height=\"768\" data-src=\"https:\/\/obispadodelinares.cl\/ol\/wp-content\/uploads\/2023\/09\/20230901_103507-1024x768.jpg\" class=\"attachment-large size-large lazyload\" alt=\"\" data-srcset=\"https:\/\/obispadodelinares.cl\/ol\/wp-content\/uploads\/2023\/09\/20230901_103507-1024x768.jpg 1024w, https:\/\/obispadodelinares.cl\/ol\/wp-content\/uploads\/2023\/09\/20230901_103507-300x225.jpg 300w, https:\/\/obispadodelinares.cl\/ol\/wp-content\/uploads\/2023\/09\/20230901_103507-768x576.jpg 768w, https:\/\/obispadodelinares.cl\/ol\/wp-content\/uploads\/2023\/09\/20230901_103507.jpg 1273w\" data-sizes=\"(max-width: 1024px) 100vw, 1024px\" src=\"data:image\/svg+xml;base64,PHN2ZyB3aWR0aD0iMSIgaGVpZ2h0PSIxIiB4bWxucz0iaHR0cDovL3d3dy53My5vcmcvMjAwMC9zdmciPjwvc3ZnPg==\" style=\"--smush-placeholder-width: 1024px; --smush-placeholder-aspect-ratio: 1024\/768;\" \/><\/a>\n\t\t\t<\/dt><\/dl><br style=\"clear: both\" \/><dl class='gallery-item'>\n\t\t\t<dt class='gallery-icon landscape'>\n\t\t\t\t<a href='https:\/\/obispadodelinares.cl\/ol\/wp-content\/uploads\/2023\/09\/20230901_103342.jpg'><img decoding=\"async\" width=\"1024\" height=\"768\" data-src=\"https:\/\/obispadodelinares.cl\/ol\/wp-content\/uploads\/2023\/09\/20230901_103342-1024x768.jpg\" class=\"attachment-large size-large lazyload\" alt=\"\" data-srcset=\"https:\/\/obispadodelinares.cl\/ol\/wp-content\/uploads\/2023\/09\/20230901_103342-1024x768.jpg 1024w, https:\/\/obispadodelinares.cl\/ol\/wp-content\/uploads\/2023\/09\/20230901_103342-300x225.jpg 300w, https:\/\/obispadodelinares.cl\/ol\/wp-content\/uploads\/2023\/09\/20230901_103342-768x576.jpg 768w, https:\/\/obispadodelinares.cl\/ol\/wp-content\/uploads\/2023\/09\/20230901_103342.jpg 1273w\" data-sizes=\"(max-width: 1024px) 100vw, 1024px\" src=\"data:image\/svg+xml;base64,PHN2ZyB3aWR0aD0iMSIgaGVpZ2h0PSIxIiB4bWxucz0iaHR0cDovL3d3dy53My5vcmcvMjAwMC9zdmciPjwvc3ZnPg==\" style=\"--smush-placeholder-width: 1024px; --smush-placeholder-aspect-ratio: 1024\/768;\" \/><\/a>\n\t\t\t<\/dt><\/dl><dl class='gallery-item'>\n\t\t\t<dt class='gallery-icon landscape'>\n\t\t\t\t<a href='https:\/\/obispadodelinares.cl\/ol\/wp-content\/uploads\/2023\/09\/20230901_101946.jpg'><img decoding=\"async\" width=\"1024\" height=\"768\" data-src=\"https:\/\/obispadodelinares.cl\/ol\/wp-content\/uploads\/2023\/09\/20230901_101946-1024x768.jpg\" class=\"attachment-large size-large lazyload\" alt=\"\" data-srcset=\"https:\/\/obispadodelinares.cl\/ol\/wp-content\/uploads\/2023\/09\/20230901_101946-1024x768.jpg 1024w, https:\/\/obispadodelinares.cl\/ol\/wp-content\/uploads\/2023\/09\/20230901_101946-300x225.jpg 300w, https:\/\/obispadodelinares.cl\/ol\/wp-content\/uploads\/2023\/09\/20230901_101946-768x576.jpg 768w, https:\/\/obispadodelinares.cl\/ol\/wp-content\/uploads\/2023\/09\/20230901_101946.jpg 1273w\" data-sizes=\"(max-width: 1024px) 100vw, 1024px\" src=\"data:image\/svg+xml;base64,PHN2ZyB3aWR0aD0iMSIgaGVpZ2h0PSIxIiB4bWxucz0iaHR0cDovL3d3dy53My5vcmcvMjAwMC9zdmciPjwvc3ZnPg==\" style=\"--smush-placeholder-width: 1024px; --smush-placeholder-aspect-ratio: 1024\/768;\" \/><\/a>\n\t\t\t<\/dt><\/dl><dl class='gallery-item'>\n\t\t\t<dt class='gallery-icon landscape'>\n\t\t\t\t<a href='https:\/\/obispadodelinares.cl\/ol\/wp-content\/uploads\/2023\/09\/20230901_101109.jpg'><img decoding=\"async\" width=\"1024\" height=\"768\" data-src=\"https:\/\/obispadodelinares.cl\/ol\/wp-content\/uploads\/2023\/09\/20230901_101109-1024x768.jpg\" class=\"attachment-large size-large lazyload\" alt=\"\" data-srcset=\"https:\/\/obispadodelinares.cl\/ol\/wp-content\/uploads\/2023\/09\/20230901_101109-1024x768.jpg 1024w, https:\/\/obispadodelinares.cl\/ol\/wp-content\/uploads\/2023\/09\/20230901_101109-300x225.jpg 300w, https:\/\/obispadodelinares.cl\/ol\/wp-content\/uploads\/2023\/09\/20230901_101109-768x576.jpg 768w, https:\/\/obispadodelinares.cl\/ol\/wp-content\/uploads\/2023\/09\/20230901_101109.jpg 1273w\" data-sizes=\"(max-width: 1024px) 100vw, 1024px\" src=\"data:image\/svg+xml;base64,PHN2ZyB3aWR0aD0iMSIgaGVpZ2h0PSIxIiB4bWxucz0iaHR0cDovL3d3dy53My5vcmcvMjAwMC9zdmciPjwvc3ZnPg==\" style=\"--smush-placeholder-width: 1024px; --smush-placeholder-aspect-ratio: 1024\/768;\" \/><\/a>\n\t\t\t<\/dt><\/dl><br style=\"clear: both\" \/><dl class='gallery-item'>\n\t\t\t<dt class='gallery-icon landscape'>\n\t\t\t\t<a href='https:\/\/obispadodelinares.cl\/ol\/wp-content\/uploads\/2023\/09\/20230901_100231.jpg'><img decoding=\"async\" width=\"1024\" height=\"768\" data-src=\"https:\/\/obispadodelinares.cl\/ol\/wp-content\/uploads\/2023\/09\/20230901_100231-1024x768.jpg\" class=\"attachment-large size-large lazyload\" alt=\"\" data-srcset=\"https:\/\/obispadodelinares.cl\/ol\/wp-content\/uploads\/2023\/09\/20230901_100231-1024x768.jpg 1024w, https:\/\/obispadodelinares.cl\/ol\/wp-content\/uploads\/2023\/09\/20230901_100231-300x225.jpg 300w, https:\/\/obispadodelinares.cl\/ol\/wp-content\/uploads\/2023\/09\/20230901_100231-768x576.jpg 768w, https:\/\/obispadodelinares.cl\/ol\/wp-content\/uploads\/2023\/09\/20230901_100231.jpg 1273w\" data-sizes=\"(max-width: 1024px) 100vw, 1024px\" src=\"data:image\/svg+xml;base64,PHN2ZyB3aWR0aD0iMSIgaGVpZ2h0PSIxIiB4bWxucz0iaHR0cDovL3d3dy53My5vcmcvMjAwMC9zdmciPjwvc3ZnPg==\" style=\"--smush-placeholder-width: 1024px; --smush-placeholder-aspect-ratio: 1024\/768;\" \/><\/a>\n\t\t\t<\/dt><\/dl><dl class='gallery-item'>\n\t\t\t<dt class='gallery-icon landscape'>\n\t\t\t\t<a href='https:\/\/obispadodelinares.cl\/ol\/wp-content\/uploads\/2023\/09\/20230901_100109.jpg'><img decoding=\"async\" width=\"1024\" height=\"768\" data-src=\"https:\/\/obispadodelinares.cl\/ol\/wp-content\/uploads\/2023\/09\/20230901_100109-1024x768.jpg\" class=\"attachment-large size-large lazyload\" alt=\"\" data-srcset=\"https:\/\/obispadodelinares.cl\/ol\/wp-content\/uploads\/2023\/09\/20230901_100109-1024x768.jpg 1024w, https:\/\/obispadodelinares.cl\/ol\/wp-content\/uploads\/2023\/09\/20230901_100109-300x225.jpg 300w, https:\/\/obispadodelinares.cl\/ol\/wp-content\/uploads\/2023\/09\/20230901_100109-768x576.jpg 768w, https:\/\/obispadodelinares.cl\/ol\/wp-content\/uploads\/2023\/09\/20230901_100109.jpg 1273w\" data-sizes=\"(max-width: 1024px) 100vw, 1024px\" src=\"data:image\/svg+xml;base64,PHN2ZyB3aWR0aD0iMSIgaGVpZ2h0PSIxIiB4bWxucz0iaHR0cDovL3d3dy53My5vcmcvMjAwMC9zdmciPjwvc3ZnPg==\" style=\"--smush-placeholder-width: 1024px; --smush-placeholder-aspect-ratio: 1024\/768;\" \/><\/a>\n\t\t\t<\/dt><\/dl><dl class='gallery-item'>\n\t\t\t<dt class='gallery-icon landscape'>\n\t\t\t\t<a href='https:\/\/obispadodelinares.cl\/ol\/wp-content\/uploads\/2023\/09\/20230901_095006.jpg'><img decoding=\"async\" width=\"1024\" height=\"768\" data-src=\"https:\/\/obispadodelinares.cl\/ol\/wp-content\/uploads\/2023\/09\/20230901_095006-1024x768.jpg\" class=\"attachment-large size-large lazyload\" alt=\"\" data-srcset=\"https:\/\/obispadodelinares.cl\/ol\/wp-content\/uploads\/2023\/09\/20230901_095006-1024x768.jpg 1024w, https:\/\/obispadodelinares.cl\/ol\/wp-content\/uploads\/2023\/09\/20230901_095006-300x225.jpg 300w, https:\/\/obispadodelinares.cl\/ol\/wp-content\/uploads\/2023\/09\/20230901_095006-768x576.jpg 768w, https:\/\/obispadodelinares.cl\/ol\/wp-content\/uploads\/2023\/09\/20230901_095006.jpg 1273w\" data-sizes=\"(max-width: 1024px) 100vw, 1024px\" src=\"data:image\/svg+xml;base64,PHN2ZyB3aWR0aD0iMSIgaGVpZ2h0PSIxIiB4bWxucz0iaHR0cDovL3d3dy53My5vcmcvMjAwMC9zdmciPjwvc3ZnPg==\" style=\"--smush-placeholder-width: 1024px; --smush-placeholder-aspect-ratio: 1024\/768;\" \/><\/a>\n\t\t\t<\/dt><\/dl><br style=\"clear: both\" \/><dl class='gallery-item'>\n\t\t\t<dt class='gallery-icon landscape'>\n\t\t\t\t<a href='https:\/\/obispadodelinares.cl\/ol\/wp-content\/uploads\/2023\/09\/20230901_104620.jpg'><img decoding=\"async\" width=\"477\" height=\"358\" data-src=\"https:\/\/obispadodelinares.cl\/ol\/wp-content\/uploads\/2023\/09\/20230901_104620.jpg\" class=\"attachment-large size-large lazyload\" alt=\"\" data-srcset=\"https:\/\/obispadodelinares.cl\/ol\/wp-content\/uploads\/2023\/09\/20230901_104620.jpg 477w, https:\/\/obispadodelinares.cl\/ol\/wp-content\/uploads\/2023\/09\/20230901_104620-300x225.jpg 300w\" data-sizes=\"(max-width: 477px) 100vw, 477px\" src=\"data:image\/svg+xml;base64,PHN2ZyB3aWR0aD0iMSIgaGVpZ2h0PSIxIiB4bWxucz0iaHR0cDovL3d3dy53My5vcmcvMjAwMC9zdmciPjwvc3ZnPg==\" style=\"--smush-placeholder-width: 477px; --smush-placeholder-aspect-ratio: 477\/358;\" \/><\/a>\n\t\t\t<\/dt><\/dl><dl class='gallery-item'>\n\t\t\t<dt class='gallery-icon landscape'>\n\t\t\t\t<a href='https:\/\/obispadodelinares.cl\/ol\/wp-content\/uploads\/2023\/09\/20230901_100504.png'><img decoding=\"async\" width=\"458\" height=\"344\" data-src=\"https:\/\/obispadodelinares.cl\/ol\/wp-content\/uploads\/2023\/09\/20230901_100504.png\" class=\"attachment-large size-large lazyload\" alt=\"\" data-srcset=\"https:\/\/obispadodelinares.cl\/ol\/wp-content\/uploads\/2023\/09\/20230901_100504.png 458w, https:\/\/obispadodelinares.cl\/ol\/wp-content\/uploads\/2023\/09\/20230901_100504-300x225.png 300w\" data-sizes=\"(max-width: 458px) 100vw, 458px\" src=\"data:image\/svg+xml;base64,PHN2ZyB3aWR0aD0iMSIgaGVpZ2h0PSIxIiB4bWxucz0iaHR0cDovL3d3dy53My5vcmcvMjAwMC9zdmciPjwvc3ZnPg==\" style=\"--smush-placeholder-width: 458px; --smush-placeholder-aspect-ratio: 458\/344;\" \/><\/a>\n\t\t\t<\/dt><\/dl><dl class='gallery-item'>\n\t\t\t<dt class='gallery-icon landscape'>\n\t\t\t\t<a href='https:\/\/obispadodelinares.cl\/ol\/wp-content\/uploads\/2023\/09\/20230901_100155.jpg'><img decoding=\"async\" width=\"477\" height=\"358\" data-src=\"https:\/\/obispadodelinares.cl\/ol\/wp-content\/uploads\/2023\/09\/20230901_100155.jpg\" class=\"attachment-large size-large lazyload\" alt=\"\" data-srcset=\"https:\/\/obispadodelinares.cl\/ol\/wp-content\/uploads\/2023\/09\/20230901_100155.jpg 477w, https:\/\/obispadodelinares.cl\/ol\/wp-content\/uploads\/2023\/09\/20230901_100155-300x225.jpg 300w\" data-sizes=\"(max-width: 477px) 100vw, 477px\" src=\"data:image\/svg+xml;base64,PHN2ZyB3aWR0aD0iMSIgaGVpZ2h0PSIxIiB4bWxucz0iaHR0cDovL3d3dy53My5vcmcvMjAwMC9zdmciPjwvc3ZnPg==\" style=\"--smush-placeholder-width: 477px; --smush-placeholder-aspect-ratio: 477\/358;\" \/><\/a>\n\t\t\t<\/dt><\/dl><br style=\"clear: both\" \/>\n\t\t<\/div>\n\n","protected":false},"excerpt":{"rendered":"<p>Comienza el Mes de la Patria y con \u00e9l, el Tempo de la Creaci\u00f3n. Es as\u00ed como en la Iglesia Catedral de Linares, se celebr\u00f3 el D\u00eda de la Oraci\u00f3n por la tierra, bajo el lema \u201cQue la justicia y a paz fluyan\u201d, es el tema del Tiempo ecum\u00e9nico de la Creaci\u00f3n de este a\u00f1o, [&hellip;]<\/p>\n","protected":false},"author":1,"featured_media":16989,"comment_status":"closed","ping_status":"closed","sticky":false,"template":"","format":"standard","meta":{"h5ap_radio_sources":[],"footnotes":""},"categories":[414,451,291],"tags":[390,452,391],"class_list":["post-16977","post","type-post","status-publish","format-standard","has-post-thumbnail","hentry","category-414","category-cuidado-de-la-casa-comun","category-diocesana","tag-laudato-si","tag-oracion-por-la-tierra","tag-tiempo-de-la-creacion"],"_links":{"self":[{"href":"https:\/\/obispadodelinares.cl\/ol\/index.php?rest_route=\/wp\/v2\/posts\/16977","targetHints":{"allow":["GET"]}}],"collection":[{"href":"https:\/\/obispadodelinares.cl\/ol\/index.php?rest_route=\/wp\/v2\/posts"}],"about":[{"href":"https:\/\/obispadodelinares.cl\/ol\/index.php?rest_route=\/wp\/v2\/types\/post"}],"author":[{"embeddable":true,"href":"https:\/\/obispadodelinares.cl\/ol\/index.php?rest_route=\/wp\/v2\/users\/1"}],"replies":[{"embeddable":true,"href":"https:\/\/obispadodelinares.cl\/ol\/index.php?rest_route=%2Fwp%2Fv2%2Fcomments&post=16977"}],"version-history":[{"count":0,"href":"https:\/\/obispadodelinares.cl\/ol\/index.php?rest_route=\/wp\/v2\/posts\/16977\/revisions"}],"wp:featuredmedia":[{"embeddable":true,"href":"https:\/\/obispadodelinares.cl\/ol\/index.php?rest_route=\/wp\/v2\/media\/16989"}],"wp:attachment":[{"href":"https:\/\/obispadodelinares.cl\/ol\/index.php?rest_route=%2Fwp%2Fv2%2Fmedia&parent=16977"}],"wp:term":[{"taxonomy":"category","embeddable":true,"href":"https:\/\/obispadodelinares.cl\/ol\/index.php?rest_route=%2Fwp%2Fv2%2Fcategories&post=16977"},{"taxonomy":"post_tag","embeddable":true,"href":"https:\/\/obispadodelinares.cl\/ol\/index.php?rest_route=%2Fwp%2Fv2%2Ftags&post=16977"}],"curies":[{"name":"wp","href":"https:\/\/api.w.org\/{rel}","templated":true}]}}