{"id":16971,"date":"2023-08-11T20:00:30","date_gmt":"2023-08-11T20:00:30","guid":{"rendered":"http:\/\/obispadodelinares.cl\/ol\/?p=16971"},"modified":"2023-09-12T20:03:19","modified_gmt":"2023-09-12T20:03:19","slug":"jornada-diocesana-de-directores-de-colegios-catolicos","status":"publish","type":"post","link":"https:\/\/obispadodelinares.cl\/ol\/?p=16971","title":{"rendered":"Jornada Diocesana de Directores  de Colegios Cat\u00f3licos"},"content":{"rendered":"<p>El jueves 10 de agosto se realiz\u00f3 en dependencias del Obispado de Linares, importante reuni\u00f3n de coordinaci\u00f3n e informaci\u00f3n, en la que participaron los Directores de los diferentes Colegios Cat\u00f3licos de los cinco decanatos de la Di\u00f3cesis de Linares.<\/p>\n<p>Luego de la bienvenida y alegr\u00eda del reencuentro se abordaron los siguientes aspectos:<\/p>\n<p>1.- Presentaci\u00f3n Orientaciones Pastorales Diocesanas 2023- 2026 por el Padre Ra\u00fal Mor\u00eds.\u00a0 Motivaci\u00f3n para los distintos colegios para ser trabajadas las OOPP y si necesitan ser acompa\u00f1ados y guiados desde el Departamento de Formaci\u00f3n Permanente ah\u00ed estaremos con previa solicitud, se\u00f1al\u00f3 el sacerdote.<\/p>\n<p>2.- \u201cCamino al Centenario\u201d.\u00a0 Presentaci\u00f3n de avances de los colegios y aclaraciones de dudas, se solicitan enviar lo que tienen al correo DEC para ser presentado al Equipo Centenario y Monse\u00f1or.<\/p>\n<p><em>&#8211; Concurso Himno Centenario\u00a0\u00a0\u00a0\u00a0\u00a0\u00a0\u00a0\u00a0\u00a0\u00a0\u00a0\u00a0\u00a0\u00a0\u00a0\u00a0\u00a0\u00a0\u00a0\u00a0\u00a0\u00a0\u00a0\u00a0\u00a0\u00a0\u00a0\u00a0\u00a0\u00a0\u00a0\u00a0\u00a0\u00a0\u00a0\u00a0\u00a0\u00a0\u00a0\u00a0\u00a0\u00a0\u00a0\u00a0\u00a0\u00a0\u00a0\u00a0\u00a0\u00a0\u00a0\u00a0\u00a0\u00a0\u00a0\u00a0\u00a0\u00a0\u00a0\u00a0\u00a0\u00a0\u00a0\u00a0\u00a0\u00a0\u00a0 \u00a0\u00a0\u00a0\u00a0\u00a0\u00a0\u00a0\u00a0\u00a0\u00a0\u00a0\u00a0\u00a0\u00a0\u00a0\u00a0\u00a0\u00a0\u00a0\u00a0\u00a0\u00a0\u00a0\u00a0\u00a0\u00a0\u00a0\u00a0\u00a0\u00a0<\/em><\/p>\n<p><em>&#8211; Cr\u00f3nica de cada Colegio\u00a0\u00a0\u00a0\u00a0\u00a0\u00a0\u00a0\u00a0\u00a0\u00a0\u00a0\u00a0\u00a0\u00a0\u00a0\u00a0\u00a0\u00a0\u00a0\u00a0\u00a0\u00a0\u00a0\u00a0\u00a0\u00a0\u00a0\u00a0\u00a0\u00a0\u00a0\u00a0\u00a0\u00a0\u00a0\u00a0\u00a0\u00a0\u00a0\u00a0\u00a0\u00a0\u00a0\u00a0\u00a0\u00a0\u00a0\u00a0\u00a0\u00a0\u00a0\u00a0\u00a0\u00a0\u00a0\u00a0\u00a0\u00a0\u00a0\u00a0\u00a0\u00a0\u00a0\u00a0\u00a0\u00a0\u00a0\u00a0\u00a0\u00a0\u00a0\u00a0\u00a0\u00a0\u00a0\u00a0\u00a0\u00a0\u00a0\u00a0\u00a0\u00a0\u00a0\u00a0\u00a0\u00a0\u00a0\u00a0\u00a0\u00a0\u00a0\u00a0\u00a0\u00a0\u00a0\u00a0\u00a0\u00a0\u00a0\u00a0\u00a0\u00a0\u00a0 <\/em><\/p>\n<p><em>&#8211; Destacar una persona de su colegio\u00a0\u00a0\u00a0\u00a0\u00a0\u00a0\u00a0\u00a0\u00a0\u00a0\u00a0\u00a0\u00a0\u00a0\u00a0\u00a0\u00a0\u00a0\u00a0\u00a0\u00a0\u00a0\u00a0\u00a0\u00a0\u00a0\u00a0\u00a0\u00a0\u00a0\u00a0\u00a0\u00a0\u00a0\u00a0\u00a0\u00a0\u00a0\u00a0\u00a0\u00a0\u00a0\u00a0\u00a0\u00a0\u00a0\u00a0\u00a0\u00a0\u00a0\u00a0\u00a0\u00a0\u00a0\u00a0\u00a0\u00a0\u00a0 \u00a0\u00a0\u00a0\u00a0\u00a0\u00a0\u00a0\u00a0\u00a0\u00a0\u00a0\u00a0\u00a0\u00a0\u00a0\u00a0\u00a0\u00a0\u00a0\u00a0\u00a0\u00a0\u00a0\u00a0\u00a0\u00a0\u00a0\u00a0<\/em><\/p>\n<p>3.- Mes de la Solidaridad: Sra. Judith Villagr\u00e1n Directora Caritas motiv\u00f3 a los establecimientos a participar a la Eucar\u00edstica del 18 de agosto en la Catedral 11:00 con una Delegaci\u00f3n de estudiantes y sus estandartes. Y a realizar obras de caridad con toda la comunidad Escolar, enviar fotos, videos, etc. Con un resumen de lo vivido en este mes reconociendo el rostro sufriente de Cristo.<\/p>\n<p>4.- Segunda Formaci\u00f3n Diocesana de Asistentes de la Educaci\u00f3n. Por confirmar lugar, la fecha 27, 28 y 29 de octubre. Se enviar\u00e1 circular de dicha formaci\u00f3n a los colegios.<\/p>\n<p>5.- XI Congreso Nacional de Educaci\u00f3n Cat\u00f3lica.\u00a0 Plazo de inscripci\u00f3n al 14 de agosto.<\/p>\n<p>6.- XXXIV Congreso Diocesano de Profesores Cat\u00f3licos, se realizar\u00e1 de forma online, el d\u00eda s\u00e1bado 02 de septiembre.<\/p>\n<p>7.- S\u00ednodo Diocesano: Se solicita la presencia de todos los Directores, Coordinador de Pastoral, Encargado de la PJ, Encargado de Infancia Misionera y Representante de Padres y Apoderados, para participar de forma activa.<\/p>\n<p>8.- Cuarto Post\u00edtulo- Menci\u00f3n en Religi\u00f3n: se encuentra a la espera del apoyo Beca Fundaci\u00f3n Centro Cristiano. Para ofrecer a aquellos profesores que desean continuar en este servicio Evangelizador en nuestra Di\u00f3cesis.<\/p>\n<p>9.- Orientaciones Pedag\u00f3gicas y Fundamentos para la Formaci\u00f3n Religiosa de ni\u00f1as y ni\u00f1os de Educaci\u00f3n Parvularia. Se invita a un Diplomado a todas las Educadoras para acreditar y Certificar su servicio en el \u00e1rea Pre-Escolar. Se est\u00e1 solicitando el reconocimiento del CPEIP<\/p>\n","protected":false},"excerpt":{"rendered":"<p>El jueves 10 de agosto se realiz\u00f3 en dependencias del Obispado de Linares, importante reuni\u00f3n de coordinaci\u00f3n e informaci\u00f3n, en la que participaron los Directores de los diferentes Colegios Cat\u00f3licos de los cinco decanatos de la Di\u00f3cesis de Linares. Luego de la bienvenida y alegr\u00eda del reencuentro se abordaron los siguientes aspectos: 1.- Presentaci\u00f3n Orientaciones [&hellip;]<\/p>\n","protected":false},"author":1,"featured_media":16972,"comment_status":"closed","ping_status":"closed","sticky":false,"template":"","format":"standard","meta":{"h5ap_radio_sources":[],"footnotes":""},"categories":[414,48],"tags":[25,449],"class_list":["post-16971","post","type-post","status-publish","format-standard","has-post-thumbnail","hentry","category-414","category-educacion","tag-educacion","tag-jornada-diocesana-de-directores-de-colegios-catolicos"],"_links":{"self":[{"href":"https:\/\/obispadodelinares.cl\/ol\/index.php?rest_route=\/wp\/v2\/posts\/16971","targetHints":{"allow":["GET"]}}],"collection":[{"href":"https:\/\/obispadodelinares.cl\/ol\/index.php?rest_route=\/wp\/v2\/posts"}],"about":[{"href":"https:\/\/obispadodelinares.cl\/ol\/index.php?rest_route=\/wp\/v2\/types\/post"}],"author":[{"embeddable":true,"href":"https:\/\/obispadodelinares.cl\/ol\/index.php?rest_route=\/wp\/v2\/users\/1"}],"replies":[{"embeddable":true,"href":"https:\/\/obispadodelinares.cl\/ol\/index.php?rest_route=%2Fwp%2Fv2%2Fcomments&post=16971"}],"version-history":[{"count":0,"href":"https:\/\/obispadodelinares.cl\/ol\/index.php?rest_route=\/wp\/v2\/posts\/16971\/revisions"}],"wp:featuredmedia":[{"embeddable":true,"href":"https:\/\/obispadodelinares.cl\/ol\/index.php?rest_route=\/wp\/v2\/media\/16972"}],"wp:attachment":[{"href":"https:\/\/obispadodelinares.cl\/ol\/index.php?rest_route=%2Fwp%2Fv2%2Fmedia&parent=16971"}],"wp:term":[{"taxonomy":"category","embeddable":true,"href":"https:\/\/obispadodelinares.cl\/ol\/index.php?rest_route=%2Fwp%2Fv2%2Fcategories&post=16971"},{"taxonomy":"post_tag","embeddable":true,"href":"https:\/\/obispadodelinares.cl\/ol\/index.php?rest_route=%2Fwp%2Fv2%2Ftags&post=16971"}],"curies":[{"name":"wp","href":"https:\/\/api.w.org\/{rel}","templated":true}]}}