{"id":16934,"date":"2023-08-30T14:44:01","date_gmt":"2023-08-30T14:44:01","guid":{"rendered":"http:\/\/obispadodelinares.cl\/ol\/?p=16934"},"modified":"2023-08-30T14:44:01","modified_gmt":"2023-08-30T14:44:01","slug":"donacion-de-generadores-para-comunidades-afectadas-por-la-emergencia-climatica","status":"publish","type":"post","link":"https:\/\/obispadodelinares.cl\/ol\/?p=16934","title":{"rendered":"Donaci\u00f3n de generadores para comunidades afectadas por la emergencia clim\u00e1tica"},"content":{"rendered":"<div dir=\"auto\">El d\u00eda martes 29 de agosto Fundaci\u00f3n Caritas Linares y la oficina municipal de seguridad recibieron importante donaci\u00f3n para ir en\u00a0 ayuda directa a las comunidades afectadas por la emergencia clim\u00e1tica.<\/div>\n<div dir=\"auto\">La donaci\u00f3n gestionada en conjunto por Caritas Chile y Senapred Maule(Servicio Nacional de Prevenci\u00f3n y Respuesta ante Desastres), fue realizada por la Agencia de Asistencia Humanitaria del Estados Unidos (USAID\/BHA), y consiste en 4 generados de energ\u00eda.<\/div>\n<div dir=\"auto\">Catherine Mella encargada del programa MAGRE (Medio Ambiente, Gesti\u00f3n de Riesgos y Emergencias) de Caritas Chile se\u00f1al\u00f3 que estos generadores quedar\u00e1n para el uso en emergencias en el territorio, 2 de los cuales fueron entregados a la oficina de seguridad municipal de Linares representado por Rodrigo Beals y dos a Fundacipon Caritas Linares, representado por Monse\u00f1or Tomislav Koljatic, quienes agradecieron este importanta aporte para ir en apoyo de las comunidades especialmente de la pre cordillera donde la falta de energ\u00eda es un problema de alta complejidad. Este donativo se enmarca en la campa\u00f1a \u00abJuntos en solidaridad con damnificados por emergencia clim\u00e1tica\u00bb.<\/div>\n<div dir=\"auto\">A continuaci\u00f3n se realiz\u00f3 una reuni\u00f3n en la cu\u00e1l participaron Monse\u00f1or Tomislav Koljatic, obispo de Linares, la Sra. Judith Villagr\u00e1n M. directora de Fundaci\u00f3n Caritas Linares, Catherine Mella encargada del programa MAGRE de Caritas Chile y Don Carlos Bernales \u00a0Espinoza<br \/>\nDirector Regional de SENAPRED, en la que se coordino\u00a0 la entrega de posibles ayudas futuras especialmente dirigidas a familias y comunidades para la reactivaci\u00f3n de su productividad familiar, ya que con las inundaciones se ha perdido el terreno de cultivo que permit\u00eda el sustento familiar y de toda una econom\u00eda local.<\/div>\n<div dir=\"auto\">La emergencia no ha pasado y es una realidad que debe ser enfrentada por mucho tiempo y con diversos tipos de efectos, ya sea de conectividad (caminos y telecomunicaciones), acceso a servicios b\u00e1sicos como agua potable y electricidad, de alimentaci\u00f3n, salud y recuperaci\u00f3n y reactivaci\u00f3n de la econom\u00eda familiar.<\/div>\n<div dir=\"auto\"><\/div>\n<div dir=\"auto\"><\/div>\n<div dir=\"auto\"><a class=\"x1i10hfl xjbqb8w x6umtig x1b1mbwd xaqea5y xav7gou x9f619 x1ypdohk xt0psk2 xe8uvvx xdj266r x11i5rnm xat24cr x1mh8g0r xexx8yu x4uap5 x18d9i69 xkhd6sd x16tdsg8 x1hl2dhg xggy1nq x1a2a7pz xt0b8zv x1qq9wsj xo1l8bm\" tabindex=\"0\" role=\"link\" href=\"https:\/\/www.facebook.com\/hashtag\/testimoniosdefe?__eep__=6&amp;__cft__[0]=AZUSr_d0yzkupnND9sINkY7-JCU0dAd9XwQ3OW0SQxyiW0KZb4k_MRwkkAwOwvtSm22zUUof8LQpkbDHEJwBk8-FzymxYWQT_lvlG48wzO6W6gXMAbSBUAsvaLa3W0uzeJpwua3CmMWgXiWHzb8fCxpXGgVpdcNh8XB3qTlDu8qkVZXEtoh_V0d0pEP5KJ4u8o4&amp;__tn__=*NK-R\">#TestimoniosDeFe<\/a> <a class=\"x1i10hfl xjbqb8w x6umtig x1b1mbwd xaqea5y xav7gou x9f619 x1ypdohk xt0psk2 xe8uvvx xdj266r x11i5rnm xat24cr x1mh8g0r xexx8yu x4uap5 x18d9i69 xkhd6sd x16tdsg8 x1hl2dhg xggy1nq x1a2a7pz xt0b8zv x1qq9wsj xo1l8bm\" tabindex=\"0\" role=\"link\" href=\"https:\/\/www.facebook.com\/hashtag\/100a%C3%B1osdehistoria?__eep__=6&amp;__cft__[0]=AZUSr_d0yzkupnND9sINkY7-JCU0dAd9XwQ3OW0SQxyiW0KZb4k_MRwkkAwOwvtSm22zUUof8LQpkbDHEJwBk8-FzymxYWQT_lvlG48wzO6W6gXMAbSBUAsvaLa3W0uzeJpwua3CmMWgXiWHzb8fCxpXGgVpdcNh8XB3qTlDu8qkVZXEtoh_V0d0pEP5KJ4u8o4&amp;__tn__=*NK-R\">#100A\u00f1osDeHistoria<\/a> <a class=\"x1i10hfl xjbqb8w x6umtig x1b1mbwd xaqea5y xav7gou x9f619 x1ypdohk xt0psk2 xe8uvvx xdj266r x11i5rnm xat24cr x1mh8g0r xexx8yu x4uap5 x18d9i69 xkhd6sd x16tdsg8 x1hl2dhg xggy1nq x1a2a7pz xt0b8zv x1qq9wsj xo1l8bm\" tabindex=\"0\" role=\"link\" href=\"https:\/\/www.facebook.com\/hashtag\/semillasdeesperanza?__eep__=6&amp;__cft__[0]=AZUSr_d0yzkupnND9sINkY7-JCU0dAd9XwQ3OW0SQxyiW0KZb4k_MRwkkAwOwvtSm22zUUof8LQpkbDHEJwBk8-FzymxYWQT_lvlG48wzO6W6gXMAbSBUAsvaLa3W0uzeJpwua3CmMWgXiWHzb8fCxpXGgVpdcNh8XB3qTlDu8qkVZXEtoh_V0d0pEP5KJ4u8o4&amp;__tn__=*NK-R\">#SemillasDeEsperanza<\/a> <a class=\"x1i10hfl xjbqb8w x6umtig x1b1mbwd xaqea5y xav7gou x9f619 x1ypdohk xt0psk2 xe8uvvx xdj266r x11i5rnm xat24cr x1mh8g0r xexx8yu x4uap5 x18d9i69 xkhd6sd x16tdsg8 x1hl2dhg xggy1nq x1a2a7pz xt0b8zv x1qq9wsj xo1l8bm\" tabindex=\"0\" role=\"link\" href=\"https:\/\/www.facebook.com\/hashtag\/semillasdefe?__eep__=6&amp;__cft__[0]=AZUSr_d0yzkupnND9sINkY7-JCU0dAd9XwQ3OW0SQxyiW0KZb4k_MRwkkAwOwvtSm22zUUof8LQpkbDHEJwBk8-FzymxYWQT_lvlG48wzO6W6gXMAbSBUAsvaLa3W0uzeJpwua3CmMWgXiWHzb8fCxpXGgVpdcNh8XB3qTlDu8qkVZXEtoh_V0d0pEP5KJ4u8o4&amp;__tn__=*NK-R\">#semillasdefe<\/a> <a class=\"x1i10hfl xjbqb8w x6umtig x1b1mbwd xaqea5y xav7gou x9f619 x1ypdohk xt0psk2 xe8uvvx xdj266r x11i5rnm xat24cr x1mh8g0r xexx8yu x4uap5 x18d9i69 xkhd6sd x16tdsg8 x1hl2dhg xggy1nq x1a2a7pz xt0b8zv x1qq9wsj xo1l8bm\" tabindex=\"0\" role=\"link\" href=\"https:\/\/www.facebook.com\/hashtag\/semillasdelreino?__eep__=6&amp;__cft__[0]=AZUSr_d0yzkupnND9sINkY7-JCU0dAd9XwQ3OW0SQxyiW0KZb4k_MRwkkAwOwvtSm22zUUof8LQpkbDHEJwBk8-FzymxYWQT_lvlG48wzO6W6gXMAbSBUAsvaLa3W0uzeJpwua3CmMWgXiWHzb8fCxpXGgVpdcNh8XB3qTlDu8qkVZXEtoh_V0d0pEP5KJ4u8o4&amp;__tn__=*NK-R\">#semillasdelReino<\/a><\/div>\n<div dir=\"auto\"><\/div>\n<div dir=\"auto\">\n\n\t\t<style type=\"text\/css\">\n\t\t\t#gallery-1 {\n\t\t\t\tmargin: auto;\n\t\t\t}\n\t\t\t#gallery-1 .gallery-item {\n\t\t\t\tfloat: left;\n\t\t\t\tmargin-top: 10px;\n\t\t\t\ttext-align: center;\n\t\t\t\twidth: 33%;\n\t\t\t}\n\t\t\t#gallery-1 img {\n\t\t\t\tborder: 2px solid #cfcfcf;\n\t\t\t}\n\t\t\t#gallery-1 .gallery-caption {\n\t\t\t\tmargin-left: 0;\n\t\t\t}\n\t\t\t\/* see gallery_shortcode() in wp-includes\/media.php *\/\n\t\t<\/style>\n\t\t<div id='gallery-1' class='gallery galleryid-16934 gallery-columns-3 gallery-size-large'><dl class='gallery-item'>\n\t\t\t<dt class='gallery-icon landscape'>\n\t\t\t\t<a href='https:\/\/obispadodelinares.cl\/ol\/wp-content\/uploads\/2023\/08\/WhatsApp-Image-2023-08-29-at-17.34.01.jpeg'><img fetchpriority=\"high\" decoding=\"async\" width=\"1024\" height=\"768\" src=\"https:\/\/obispadodelinares.cl\/ol\/wp-content\/uploads\/2023\/08\/WhatsApp-Image-2023-08-29-at-17.34.01-1024x768.jpeg\" class=\"attachment-large size-large\" alt=\"\" srcset=\"https:\/\/obispadodelinares.cl\/ol\/wp-content\/uploads\/2023\/08\/WhatsApp-Image-2023-08-29-at-17.34.01-1024x768.jpeg 1024w, https:\/\/obispadodelinares.cl\/ol\/wp-content\/uploads\/2023\/08\/WhatsApp-Image-2023-08-29-at-17.34.01-300x225.jpeg 300w, https:\/\/obispadodelinares.cl\/ol\/wp-content\/uploads\/2023\/08\/WhatsApp-Image-2023-08-29-at-17.34.01-768x576.jpeg 768w, https:\/\/obispadodelinares.cl\/ol\/wp-content\/uploads\/2023\/08\/WhatsApp-Image-2023-08-29-at-17.34.01-1536x1152.jpeg 1536w, https:\/\/obispadodelinares.cl\/ol\/wp-content\/uploads\/2023\/08\/WhatsApp-Image-2023-08-29-at-17.34.01.jpeg 1600w\" sizes=\"(max-width: 1024px) 100vw, 1024px\" \/><\/a>\n\t\t\t<\/dt><\/dl><dl class='gallery-item'>\n\t\t\t<dt class='gallery-icon landscape'>\n\t\t\t\t<a href='https:\/\/obispadodelinares.cl\/ol\/wp-content\/uploads\/2023\/08\/WhatsApp-Image-2023-08-29-at-17.33.54.jpeg'><img decoding=\"async\" width=\"1024\" height=\"768\" data-src=\"https:\/\/obispadodelinares.cl\/ol\/wp-content\/uploads\/2023\/08\/WhatsApp-Image-2023-08-29-at-17.33.54-1024x768.jpeg\" class=\"attachment-large size-large lazyload\" alt=\"\" data-srcset=\"https:\/\/obispadodelinares.cl\/ol\/wp-content\/uploads\/2023\/08\/WhatsApp-Image-2023-08-29-at-17.33.54-1024x768.jpeg 1024w, https:\/\/obispadodelinares.cl\/ol\/wp-content\/uploads\/2023\/08\/WhatsApp-Image-2023-08-29-at-17.33.54-300x225.jpeg 300w, https:\/\/obispadodelinares.cl\/ol\/wp-content\/uploads\/2023\/08\/WhatsApp-Image-2023-08-29-at-17.33.54-768x576.jpeg 768w, https:\/\/obispadodelinares.cl\/ol\/wp-content\/uploads\/2023\/08\/WhatsApp-Image-2023-08-29-at-17.33.54-1536x1152.jpeg 1536w, https:\/\/obispadodelinares.cl\/ol\/wp-content\/uploads\/2023\/08\/WhatsApp-Image-2023-08-29-at-17.33.54.jpeg 1600w\" data-sizes=\"(max-width: 1024px) 100vw, 1024px\" src=\"data:image\/svg+xml;base64,PHN2ZyB3aWR0aD0iMSIgaGVpZ2h0PSIxIiB4bWxucz0iaHR0cDovL3d3dy53My5vcmcvMjAwMC9zdmciPjwvc3ZnPg==\" style=\"--smush-placeholder-width: 1024px; --smush-placeholder-aspect-ratio: 1024\/768;\" \/><\/a>\n\t\t\t<\/dt><\/dl><dl class='gallery-item'>\n\t\t\t<dt class='gallery-icon landscape'>\n\t\t\t\t<a href='https:\/\/obispadodelinares.cl\/ol\/wp-content\/uploads\/2023\/08\/WhatsApp-Image-2023-08-29-at-17.34.01-1.jpeg'><img decoding=\"async\" width=\"1024\" height=\"768\" data-src=\"https:\/\/obispadodelinares.cl\/ol\/wp-content\/uploads\/2023\/08\/WhatsApp-Image-2023-08-29-at-17.34.01-1-1024x768.jpeg\" class=\"attachment-large size-large lazyload\" alt=\"\" data-srcset=\"https:\/\/obispadodelinares.cl\/ol\/wp-content\/uploads\/2023\/08\/WhatsApp-Image-2023-08-29-at-17.34.01-1-1024x768.jpeg 1024w, https:\/\/obispadodelinares.cl\/ol\/wp-content\/uploads\/2023\/08\/WhatsApp-Image-2023-08-29-at-17.34.01-1-300x225.jpeg 300w, https:\/\/obispadodelinares.cl\/ol\/wp-content\/uploads\/2023\/08\/WhatsApp-Image-2023-08-29-at-17.34.01-1-768x576.jpeg 768w, https:\/\/obispadodelinares.cl\/ol\/wp-content\/uploads\/2023\/08\/WhatsApp-Image-2023-08-29-at-17.34.01-1-1536x1152.jpeg 1536w, https:\/\/obispadodelinares.cl\/ol\/wp-content\/uploads\/2023\/08\/WhatsApp-Image-2023-08-29-at-17.34.01-1.jpeg 1600w\" data-sizes=\"(max-width: 1024px) 100vw, 1024px\" src=\"data:image\/svg+xml;base64,PHN2ZyB3aWR0aD0iMSIgaGVpZ2h0PSIxIiB4bWxucz0iaHR0cDovL3d3dy53My5vcmcvMjAwMC9zdmciPjwvc3ZnPg==\" style=\"--smush-placeholder-width: 1024px; --smush-placeholder-aspect-ratio: 1024\/768;\" \/><\/a>\n\t\t\t<\/dt><\/dl><br style=\"clear: both\" \/><dl class='gallery-item'>\n\t\t\t<dt class='gallery-icon landscape'>\n\t\t\t\t<a href='https:\/\/obispadodelinares.cl\/ol\/wp-content\/uploads\/2023\/08\/WhatsApp-Image-2023-08-29-at-17.33.56-2.jpeg'><img decoding=\"async\" width=\"1024\" height=\"768\" data-src=\"https:\/\/obispadodelinares.cl\/ol\/wp-content\/uploads\/2023\/08\/WhatsApp-Image-2023-08-29-at-17.33.56-2-1024x768.jpeg\" class=\"attachment-large size-large lazyload\" alt=\"\" data-srcset=\"https:\/\/obispadodelinares.cl\/ol\/wp-content\/uploads\/2023\/08\/WhatsApp-Image-2023-08-29-at-17.33.56-2-1024x768.jpeg 1024w, https:\/\/obispadodelinares.cl\/ol\/wp-content\/uploads\/2023\/08\/WhatsApp-Image-2023-08-29-at-17.33.56-2-300x225.jpeg 300w, https:\/\/obispadodelinares.cl\/ol\/wp-content\/uploads\/2023\/08\/WhatsApp-Image-2023-08-29-at-17.33.56-2-768x576.jpeg 768w, https:\/\/obispadodelinares.cl\/ol\/wp-content\/uploads\/2023\/08\/WhatsApp-Image-2023-08-29-at-17.33.56-2-1536x1152.jpeg 1536w, https:\/\/obispadodelinares.cl\/ol\/wp-content\/uploads\/2023\/08\/WhatsApp-Image-2023-08-29-at-17.33.56-2.jpeg 1600w\" data-sizes=\"(max-width: 1024px) 100vw, 1024px\" src=\"data:image\/svg+xml;base64,PHN2ZyB3aWR0aD0iMSIgaGVpZ2h0PSIxIiB4bWxucz0iaHR0cDovL3d3dy53My5vcmcvMjAwMC9zdmciPjwvc3ZnPg==\" style=\"--smush-placeholder-width: 1024px; --smush-placeholder-aspect-ratio: 1024\/768;\" \/><\/a>\n\t\t\t<\/dt><\/dl><dl class='gallery-item'>\n\t\t\t<dt class='gallery-icon landscape'>\n\t\t\t\t<a href='https:\/\/obispadodelinares.cl\/ol\/wp-content\/uploads\/2023\/08\/WhatsApp-Image-2023-08-29-at-17.33.57.jpeg'><img decoding=\"async\" width=\"1024\" height=\"768\" data-src=\"https:\/\/obispadodelinares.cl\/ol\/wp-content\/uploads\/2023\/08\/WhatsApp-Image-2023-08-29-at-17.33.57-1024x768.jpeg\" class=\"attachment-large size-large lazyload\" alt=\"\" data-srcset=\"https:\/\/obispadodelinares.cl\/ol\/wp-content\/uploads\/2023\/08\/WhatsApp-Image-2023-08-29-at-17.33.57-1024x768.jpeg 1024w, https:\/\/obispadodelinares.cl\/ol\/wp-content\/uploads\/2023\/08\/WhatsApp-Image-2023-08-29-at-17.33.57-300x225.jpeg 300w, https:\/\/obispadodelinares.cl\/ol\/wp-content\/uploads\/2023\/08\/WhatsApp-Image-2023-08-29-at-17.33.57-768x576.jpeg 768w, https:\/\/obispadodelinares.cl\/ol\/wp-content\/uploads\/2023\/08\/WhatsApp-Image-2023-08-29-at-17.33.57-1536x1152.jpeg 1536w, https:\/\/obispadodelinares.cl\/ol\/wp-content\/uploads\/2023\/08\/WhatsApp-Image-2023-08-29-at-17.33.57.jpeg 1600w\" data-sizes=\"(max-width: 1024px) 100vw, 1024px\" src=\"data:image\/svg+xml;base64,PHN2ZyB3aWR0aD0iMSIgaGVpZ2h0PSIxIiB4bWxucz0iaHR0cDovL3d3dy53My5vcmcvMjAwMC9zdmciPjwvc3ZnPg==\" style=\"--smush-placeholder-width: 1024px; --smush-placeholder-aspect-ratio: 1024\/768;\" \/><\/a>\n\t\t\t<\/dt><\/dl><dl class='gallery-item'>\n\t\t\t<dt class='gallery-icon landscape'>\n\t\t\t\t<a href='https:\/\/obispadodelinares.cl\/ol\/wp-content\/uploads\/2023\/08\/WhatsApp-Image-2023-08-29-at-17.33.58-1.jpeg'><img decoding=\"async\" width=\"1024\" height=\"768\" data-src=\"https:\/\/obispadodelinares.cl\/ol\/wp-content\/uploads\/2023\/08\/WhatsApp-Image-2023-08-29-at-17.33.58-1-1024x768.jpeg\" class=\"attachment-large size-large lazyload\" alt=\"\" data-srcset=\"https:\/\/obispadodelinares.cl\/ol\/wp-content\/uploads\/2023\/08\/WhatsApp-Image-2023-08-29-at-17.33.58-1-1024x768.jpeg 1024w, https:\/\/obispadodelinares.cl\/ol\/wp-content\/uploads\/2023\/08\/WhatsApp-Image-2023-08-29-at-17.33.58-1-300x225.jpeg 300w, https:\/\/obispadodelinares.cl\/ol\/wp-content\/uploads\/2023\/08\/WhatsApp-Image-2023-08-29-at-17.33.58-1-768x576.jpeg 768w, https:\/\/obispadodelinares.cl\/ol\/wp-content\/uploads\/2023\/08\/WhatsApp-Image-2023-08-29-at-17.33.58-1-1536x1152.jpeg 1536w, https:\/\/obispadodelinares.cl\/ol\/wp-content\/uploads\/2023\/08\/WhatsApp-Image-2023-08-29-at-17.33.58-1.jpeg 1600w\" data-sizes=\"(max-width: 1024px) 100vw, 1024px\" src=\"data:image\/svg+xml;base64,PHN2ZyB3aWR0aD0iMSIgaGVpZ2h0PSIxIiB4bWxucz0iaHR0cDovL3d3dy53My5vcmcvMjAwMC9zdmciPjwvc3ZnPg==\" style=\"--smush-placeholder-width: 1024px; --smush-placeholder-aspect-ratio: 1024\/768;\" \/><\/a>\n\t\t\t<\/dt><\/dl><br style=\"clear: both\" \/><dl class='gallery-item'>\n\t\t\t<dt class='gallery-icon portrait'>\n\t\t\t\t<a href='https:\/\/obispadodelinares.cl\/ol\/wp-content\/uploads\/2023\/08\/WhatsApp-Image-2023-08-29-at-17.33.56-1.jpeg'><img decoding=\"async\" width=\"768\" height=\"1024\" data-src=\"https:\/\/obispadodelinares.cl\/ol\/wp-content\/uploads\/2023\/08\/WhatsApp-Image-2023-08-29-at-17.33.56-1-768x1024.jpeg\" class=\"attachment-large size-large lazyload\" alt=\"\" data-srcset=\"https:\/\/obispadodelinares.cl\/ol\/wp-content\/uploads\/2023\/08\/WhatsApp-Image-2023-08-29-at-17.33.56-1-768x1024.jpeg 768w, https:\/\/obispadodelinares.cl\/ol\/wp-content\/uploads\/2023\/08\/WhatsApp-Image-2023-08-29-at-17.33.56-1-225x300.jpeg 225w, https:\/\/obispadodelinares.cl\/ol\/wp-content\/uploads\/2023\/08\/WhatsApp-Image-2023-08-29-at-17.33.56-1-1152x1536.jpeg 1152w, https:\/\/obispadodelinares.cl\/ol\/wp-content\/uploads\/2023\/08\/WhatsApp-Image-2023-08-29-at-17.33.56-1.jpeg 1200w\" data-sizes=\"(max-width: 768px) 100vw, 768px\" src=\"data:image\/svg+xml;base64,PHN2ZyB3aWR0aD0iMSIgaGVpZ2h0PSIxIiB4bWxucz0iaHR0cDovL3d3dy53My5vcmcvMjAwMC9zdmciPjwvc3ZnPg==\" style=\"--smush-placeholder-width: 768px; --smush-placeholder-aspect-ratio: 768\/1024;\" \/><\/a>\n\t\t\t<\/dt><\/dl>\n\t\t\t<br style='clear: both' \/>\n\t\t<\/div>\n\n<\/div>\n","protected":false},"excerpt":{"rendered":"<p>El d\u00eda martes 29 de agosto Fundaci\u00f3n Caritas Linares y la oficina municipal de seguridad recibieron importante donaci\u00f3n para ir en\u00a0 ayuda directa a las comunidades afectadas por la emergencia clim\u00e1tica. La donaci\u00f3n gestionada en conjunto por Caritas Chile y Senapred Maule(Servicio Nacional de Prevenci\u00f3n y Respuesta ante Desastres), fue realizada por la Agencia de [&hellip;]<\/p>\n","protected":false},"author":1,"featured_media":16939,"comment_status":"closed","ping_status":"closed","sticky":false,"template":"","format":"standard","meta":{"h5ap_radio_sources":[],"footnotes":""},"categories":[414,57],"tags":[58,448,437],"class_list":["post-16934","post","type-post","status-publish","format-standard","has-post-thumbnail","hentry","category-414","category-pastoral-social","tag-caritas","tag-donaciones","tag-emergencia-climatica"],"_links":{"self":[{"href":"https:\/\/obispadodelinares.cl\/ol\/index.php?rest_route=\/wp\/v2\/posts\/16934","targetHints":{"allow":["GET"]}}],"collection":[{"href":"https:\/\/obispadodelinares.cl\/ol\/index.php?rest_route=\/wp\/v2\/posts"}],"about":[{"href":"https:\/\/obispadodelinares.cl\/ol\/index.php?rest_route=\/wp\/v2\/types\/post"}],"author":[{"embeddable":true,"href":"https:\/\/obispadodelinares.cl\/ol\/index.php?rest_route=\/wp\/v2\/users\/1"}],"replies":[{"embeddable":true,"href":"https:\/\/obispadodelinares.cl\/ol\/index.php?rest_route=%2Fwp%2Fv2%2Fcomments&post=16934"}],"version-history":[{"count":0,"href":"https:\/\/obispadodelinares.cl\/ol\/index.php?rest_route=\/wp\/v2\/posts\/16934\/revisions"}],"wp:featuredmedia":[{"embeddable":true,"href":"https:\/\/obispadodelinares.cl\/ol\/index.php?rest_route=\/wp\/v2\/media\/16939"}],"wp:attachment":[{"href":"https:\/\/obispadodelinares.cl\/ol\/index.php?rest_route=%2Fwp%2Fv2%2Fmedia&parent=16934"}],"wp:term":[{"taxonomy":"category","embeddable":true,"href":"https:\/\/obispadodelinares.cl\/ol\/index.php?rest_route=%2Fwp%2Fv2%2Fcategories&post=16934"},{"taxonomy":"post_tag","embeddable":true,"href":"https:\/\/obispadodelinares.cl\/ol\/index.php?rest_route=%2Fwp%2Fv2%2Ftags&post=16934"}],"curies":[{"name":"wp","href":"https:\/\/api.w.org\/{rel}","templated":true}]}}