{"id":1693,"date":"2014-06-20T02:53:08","date_gmt":"2014-06-20T02:53:08","guid":{"rendered":"http:\/\/obispadodelinares.cl\/ol\/?p=1693"},"modified":"2018-02-06T02:56:15","modified_gmt":"2018-02-06T02:56:15","slug":"chi-chi-chi-vamos-chile","status":"publish","type":"post","link":"https:\/\/obispadodelinares.cl\/ol\/?p=1693","title":{"rendered":"Chi, Chi, Chi,\u2026 Vamos Chile!!!"},"content":{"rendered":"<p>Todos en Modo Mundial, uni\u00e9ndose a la alegr\u00eda e ilusi\u00f3n por los logros de la Selecci\u00f3n Chilena en el Mundial Brasil 2014, es que se repartieron poleras chilenas para que los Internos de la Unidad Penal, de Linares se vistieran de rojo para ver los partidos y apoyar a la Selecci\u00f3n. Sin duda una alegr\u00eda para toda la Poblaci\u00f3n Penal, y que agradecieron mucho.<\/p>\n<p>Este regalito se logr\u00f3 gracias a la gesti\u00f3n del Equipo de Pastoral Penitenciaria, siempre apoyados por el P. Juan Pinto, Capell\u00e1n<\/p>\n","protected":false},"excerpt":{"rendered":"<p>Todos en Modo Mundial, uni\u00e9ndose a la alegr\u00eda e ilusi\u00f3n por los logros de la Selecci\u00f3n Chilena en el Mundial Brasil 2014, es que se repartieron poleras chilenas para que los Internos de la Unidad Penal, de Linares se vistieran de rojo para ver los partidos y apoyar a la Selecci\u00f3n. Sin duda una alegr\u00eda [&hellip;]<\/p>\n","protected":false},"author":1,"featured_media":1694,"comment_status":"open","ping_status":"open","sticky":false,"template":"","format":"standard","meta":{"h5ap_radio_sources":[],"footnotes":""},"categories":[150,57],"tags":[95],"class_list":["post-1693","post","type-post","status-publish","format-standard","has-post-thumbnail","hentry","category-150","category-pastoral-social","tag-pastoral-carcelaria"],"_links":{"self":[{"href":"https:\/\/obispadodelinares.cl\/ol\/index.php?rest_route=\/wp\/v2\/posts\/1693","targetHints":{"allow":["GET"]}}],"collection":[{"href":"https:\/\/obispadodelinares.cl\/ol\/index.php?rest_route=\/wp\/v2\/posts"}],"about":[{"href":"https:\/\/obispadodelinares.cl\/ol\/index.php?rest_route=\/wp\/v2\/types\/post"}],"author":[{"embeddable":true,"href":"https:\/\/obispadodelinares.cl\/ol\/index.php?rest_route=\/wp\/v2\/users\/1"}],"replies":[{"embeddable":true,"href":"https:\/\/obispadodelinares.cl\/ol\/index.php?rest_route=%2Fwp%2Fv2%2Fcomments&post=1693"}],"version-history":[{"count":0,"href":"https:\/\/obispadodelinares.cl\/ol\/index.php?rest_route=\/wp\/v2\/posts\/1693\/revisions"}],"wp:featuredmedia":[{"embeddable":true,"href":"https:\/\/obispadodelinares.cl\/ol\/index.php?rest_route=\/wp\/v2\/media\/1694"}],"wp:attachment":[{"href":"https:\/\/obispadodelinares.cl\/ol\/index.php?rest_route=%2Fwp%2Fv2%2Fmedia&parent=1693"}],"wp:term":[{"taxonomy":"category","embeddable":true,"href":"https:\/\/obispadodelinares.cl\/ol\/index.php?rest_route=%2Fwp%2Fv2%2Fcategories&post=1693"},{"taxonomy":"post_tag","embeddable":true,"href":"https:\/\/obispadodelinares.cl\/ol\/index.php?rest_route=%2Fwp%2Fv2%2Ftags&post=1693"}],"curies":[{"name":"wp","href":"https:\/\/api.w.org\/{rel}","templated":true}]}}