{"id":16900,"date":"2023-08-01T16:27:20","date_gmt":"2023-08-01T16:27:20","guid":{"rendered":"https:\/\/obispadodelinares.cl\/ol\/?p=16900"},"modified":"2023-08-01T20:25:57","modified_gmt":"2023-08-01T20:25:57","slug":"empedrado-rinde-homenajes-a-san-ignacio-de-loyola-su-patrono","status":"publish","type":"post","link":"https:\/\/obispadodelinares.cl\/ol\/?p=16900","title":{"rendered":"Empedrado rinde homenajes a San Ignacio de Loyola, su Patrono"},"content":{"rendered":"<p>La comunidad de Empedrado se visti\u00f3 de fiesta para celebrar a su Santo Patrono, San Ignacio de Loyola. Con masiva participaci\u00f3n de feligreses comenz\u00f3 la Procesi\u00f3n por las calles del Pueblo, saliendo desde el frontis del Templo, fundado en febrero de 1835, declara Monumento Hist\u00f3rico Nacional el 28 de agosto de 2008 y que, a\u00fan espera su restauraci\u00f3n, tras los da\u00f1os sufridos en el terremoto del 27-F.<\/p>\n<p>La peregrinaci\u00f3n avanz\u00f3 por la Plaza, llevando la imagen en carret\u00f3n tirado por caballo, siendo escoltada por la Banda del Liceo San Ignacio y una delegaci\u00f3n de estudiantes del Colegio del mismo nombre, autoridades civiles encabezadas por el Sr. Alcalde don Gonzalo Tejos, Concejales y Carabineros, as\u00ed como cat\u00f3licos del Pueblo y sus alrededores. Durante el recorrido el P\u00e1rroco, P. Jos\u00e9 Ulloa, fue bendiciendo los Altares que se colocaron para saludar el paso de la imagen del Santo Patrono y la multitud que le acompa\u00f1aba.<\/p>\n<p>Al avanzar la peregrinaci\u00f3n, los homenajes no se hicieron esperar en el Colegio y en el Liceo, donde los estudiantes se lucieron bailando el baile nacional.\u00a0 La celebraci\u00f3n concluy\u00f3 con una solemne Eucarist\u00eda en el gimnasio habilitado a la espera de la restauraci\u00f3n del Templo parroquial. Presidi\u00f3 la celebraci\u00f3n el P. Silvio Jara, Vicario General, concelebrando el P. Jos\u00e9 Ulloa, p\u00e1rroco, junto a Sacerdotes y Di\u00e1conos de los cinco decanatos. Destacando en el Coro las voces del Conjunto Folcl\u00f3rico San Ignacio de Empedrado, quienes en este d\u00eda celebraban sus 25 a\u00f1os de Fundaci\u00f3n.<\/p>\n<p>En su homil\u00eda el P. Silvio Jara, Vicario General de la Di\u00f3cesis, hizo un recorrido por la historia de San Ignacio y la evoluci\u00f3n del Pueblo de Empedrado, felicitando y agradeciendo la masiva asistencia a esta celebraci\u00f3n en honor de su Santo Patrono.<\/p>\n<p>En la Oraci\u00f3n, se rez\u00f3 por la Iglesia Universal, por la Di\u00f3cesis, por el Obispo y los sacerdotes, as\u00ed como tambi\u00e9n por cada una de las comunidades, haciendo una menci\u00f3n especial por el Encuentro Mundial de J\u00f3venes que se realiza en Lisboa, espec\u00edficamente por los peregrinos de la Di\u00f3cesis de Linares.<\/p>\n<p>A San Ignacio tambi\u00e9n se le pidi\u00f3 por las autoridades, por el Liceo y Escuela San Ignacio, por sus funcionarios, sus estudiantes, por los Huasos que cada a\u00f1o se suman con sus cabalgaduras hermosamente ataviadas para la celebraci\u00f3n.<\/p>\n<p><strong>Memoria agradecida<\/strong><\/p>\n<p>En este d\u00eda especial en que se conmemor\u00f3 a San Ignacio de Loyola, se realiz\u00f3 tambi\u00e9n un p\u00fablico reconocimiento a las Autoridades representadas por el Sr. Alcalde Don Gonzalo Tejos y cuerpo de Concejales, por la valiosa colaboraci\u00f3n de prestar el recinto donde cada d\u00eda se puede celebrar la Eucarist\u00eda, debido al mal estado del Templo principal, as\u00ed como por su apoyo activo en las celebraciones. A Carabineros, Bomberos y fuerzas vivas de la comunidad.<\/p>\n<p>Un recuerdo especial a quienes trabajaron y de acuerdo a sus dones prestaron su servicio en la Iglesia de Empedrado y que ya han sido llamados por el Padre Dios a su presencia y sin duda que, de \u00c9l, han recibido el mejor de los reconocimientos. Entre ellos se destaca:<\/p>\n<p>Don Agust\u00edn Quintana y Bravo, que don\u00f3 el terreno para la construcci\u00f3n del Templo parroquial (que a\u00fan espera su restauraci\u00f3n); Sra. Demofila Solar, encargada de Coro; Sra. Mercedes Tejos y Sra. Marta Arellano, integrantes del coro; Sra. Estela Fuentes, acci\u00f3n cat\u00f3lica; Constanza Meza, catequesis y social del SS.CC.; Sra. Aurelia Pereira, catequista; Don Lorenzo Opazo, mantenci\u00f3n del jard\u00edn y toque de campanas; Srta. Ana Ferrada, corresponsal de Buena Nueva; Sra. Adriana Guajardo, coordinadora del grupo Sagrado Coraz\u00f3n; Srta. Rosita Vald\u00e9s, catequista y secretaria parroquial; Sra. Mar\u00eda Luna, Catequista. En ellos se record\u00f3 a todos los que con su testimonio de fe han sembrado las semillas del Reino en tierras maulinas.<\/p>\n<p><img fetchpriority=\"high\" decoding=\"async\" class=\"alignnone size-medium wp-image-16906\" src=\"https:\/\/obispadodelinares.cl\/ol\/wp-content\/uploads\/2023\/08\/MPDR-1-300x240.jpg\" alt=\"\" width=\"300\" height=\"240\" srcset=\"https:\/\/obispadodelinares.cl\/ol\/wp-content\/uploads\/2023\/08\/MPDR-1-300x240.jpg 300w, https:\/\/obispadodelinares.cl\/ol\/wp-content\/uploads\/2023\/08\/MPDR-1-768x614.jpg 768w, https:\/\/obispadodelinares.cl\/ol\/wp-content\/uploads\/2023\/08\/MPDR-1.jpg 1000w\" sizes=\"(max-width: 300px) 100vw, 300px\" \/> <img decoding=\"async\" class=\"alignnone size-medium wp-image-16907 lazyload\" data-src=\"https:\/\/obispadodelinares.cl\/ol\/wp-content\/uploads\/2023\/08\/SnIna-2-300x240.jpg\" alt=\"\" width=\"300\" height=\"240\" data-srcset=\"https:\/\/obispadodelinares.cl\/ol\/wp-content\/uploads\/2023\/08\/SnIna-2-300x240.jpg 300w, https:\/\/obispadodelinares.cl\/ol\/wp-content\/uploads\/2023\/08\/SnIna-2-768x614.jpg 768w, https:\/\/obispadodelinares.cl\/ol\/wp-content\/uploads\/2023\/08\/SnIna-2.jpg 1000w\" data-sizes=\"(max-width: 300px) 100vw, 300px\" src=\"data:image\/svg+xml;base64,PHN2ZyB3aWR0aD0iMSIgaGVpZ2h0PSIxIiB4bWxucz0iaHR0cDovL3d3dy53My5vcmcvMjAwMC9zdmciPjwvc3ZnPg==\" style=\"--smush-placeholder-width: 300px; --smush-placeholder-aspect-ratio: 300\/240;\" \/><\/p>\n","protected":false},"excerpt":{"rendered":"<p>La comunidad de Empedrado se visti\u00f3 de fiesta para celebrar a su Santo Patrono, San Ignacio de Loyola. Con masiva participaci\u00f3n de feligreses comenz\u00f3 la Procesi\u00f3n por las calles del Pueblo, saliendo desde el frontis del Templo, fundado en febrero de 1835, declara Monumento Hist\u00f3rico Nacional el 28 de agosto de 2008 y que, a\u00fan [&hellip;]<\/p>\n","protected":false},"author":4,"featured_media":16901,"comment_status":"closed","ping_status":"closed","sticky":false,"template":"","format":"standard","meta":{"h5ap_radio_sources":[],"footnotes":""},"categories":[414,291,74,193],"tags":[446,76,445],"class_list":["post-16900","post","type-post","status-publish","format-standard","has-post-thumbnail","hentry","category-414","category-diocesana","category-fiesta-religiosa","category-historia-diocesana","tag-decanato-constitucion","tag-empedrado","tag-parroquia-san-ignacio"],"_links":{"self":[{"href":"https:\/\/obispadodelinares.cl\/ol\/index.php?rest_route=\/wp\/v2\/posts\/16900","targetHints":{"allow":["GET"]}}],"collection":[{"href":"https:\/\/obispadodelinares.cl\/ol\/index.php?rest_route=\/wp\/v2\/posts"}],"about":[{"href":"https:\/\/obispadodelinares.cl\/ol\/index.php?rest_route=\/wp\/v2\/types\/post"}],"author":[{"embeddable":true,"href":"https:\/\/obispadodelinares.cl\/ol\/index.php?rest_route=\/wp\/v2\/users\/4"}],"replies":[{"embeddable":true,"href":"https:\/\/obispadodelinares.cl\/ol\/index.php?rest_route=%2Fwp%2Fv2%2Fcomments&post=16900"}],"version-history":[{"count":0,"href":"https:\/\/obispadodelinares.cl\/ol\/index.php?rest_route=\/wp\/v2\/posts\/16900\/revisions"}],"wp:featuredmedia":[{"embeddable":true,"href":"https:\/\/obispadodelinares.cl\/ol\/index.php?rest_route=\/wp\/v2\/media\/16901"}],"wp:attachment":[{"href":"https:\/\/obispadodelinares.cl\/ol\/index.php?rest_route=%2Fwp%2Fv2%2Fmedia&parent=16900"}],"wp:term":[{"taxonomy":"category","embeddable":true,"href":"https:\/\/obispadodelinares.cl\/ol\/index.php?rest_route=%2Fwp%2Fv2%2Fcategories&post=16900"},{"taxonomy":"post_tag","embeddable":true,"href":"https:\/\/obispadodelinares.cl\/ol\/index.php?rest_route=%2Fwp%2Fv2%2Ftags&post=16900"}],"curies":[{"name":"wp","href":"https:\/\/api.w.org\/{rel}","templated":true}]}}