{"id":16874,"date":"2023-07-27T20:37:22","date_gmt":"2023-07-27T20:37:22","guid":{"rendered":"http:\/\/obispadodelinares.cl\/ol\/?p=16874"},"modified":"2023-07-27T20:37:22","modified_gmt":"2023-07-27T20:37:22","slug":"diocesis-de-linares-presente-en-encuentro-internacional-sobre-paz-social-en-iberoamerica","status":"publish","type":"post","link":"https:\/\/obispadodelinares.cl\/ol\/?p=16874","title":{"rendered":"Di\u00f3cesis de Linares presente en Encuentro Internacional sobre Paz Social en Iberoam\u00e9rica"},"content":{"rendered":"<p><em>A 60 a\u00f1os de Pecem in Terris: De la amenaza de una guerra nuclear a la reconstrucci\u00f3n del tejido social,<\/em> es que se desarrolla en la Universidad La Salle (ULSA), ciudad mexicana de Chihuahua, M\u00e9xico, desde el lunes 24 hasta el s\u00e1bado 29 de julio, el VIII Diplomado Internacional de Doctrina Social de la Iglesia, encuentro que, aborda los desaf\u00edos y claves para construir la Paz Social en Iberoam\u00e9rica.<\/p>\n<p>Este, encuentro formativo es certificado por la Academia Internacional de L\u00edderes Cat\u00f3licos, la Universidad La Salle \u2013 Chihuahua y la Federaci\u00f3n Internacional de Universidades Cat\u00f3licas. La 8\u00b0 versi\u00f3n cuenta con la asistencia de 100 alumnos de 7 pa\u00edses, incluyendo Chile, Colombia, Hait\u00ed, M\u00e9xico, Per\u00fa, Estados Unidos y Venezuela, consagrados y laicos profesionales.<\/p>\n<p>La delegaci\u00f3n chilena la integran Rodrigo Barrera, Administrador de Bienes del Obispado de Linares, Pbro. Juan Sebasti\u00e1n P\u00e9rez N\u00fa\u00f1ez, Decano de San Javier y Zuly Ram\u00edrez psic\u00f3loga y Directora de Mejoramiento Educativo de las Fundaciones Educacionales del Obispado de Linares, junto a Cristian Nazer Rector Universidad Finis Terrae y Juan Pablo Fa\u00fandez presidente del Comit\u00e9 Acad\u00e9mico de la Academia Internacional de L\u00edderes Cat\u00f3licos.<\/p>\n<p>Cabe recordar que, la Academia Internacional de L\u00edderes Cat\u00f3licos es un centro de formaci\u00f3n de liderazgos con presencia en 12 pa\u00edses de Europa y Am\u00e9rica cuya misi\u00f3n es formar a una nueva generaci\u00f3n de responsables pol\u00edticos, sociales y econ\u00f3micos para el continente.<\/p>\n<p>El objetivo central de este VIII Diplomado Internacional de Doctrina Social es presentar, analizar y profundizar los desaf\u00edos, condiciones y caminos para construir y educar en la paz a nivel personal, comunitario y social a partir de la DSI, con \u00e9nfasis en el Magisterio del Papa Francisco. Exponiendo la naturaleza, el m\u00e9todo, los principios fundamentales y la renovaci\u00f3n de la Doctrina Social de la Iglesia, que permitan a los asistentes comprender sus diferencias con cualquier ideolog\u00eda. Presentando el m\u00e9todo sinodal como una clave del liderazgo eclesial, social y pol\u00edtico para enfrenar el cambio de \u00e9poca.<\/p>\n<p><strong>Programa Actividades abiertas del VIII Diplomado Internacional de Doctrina Social<\/strong><\/p>\n<ul>\n<li>Naturaleza, m\u00e9todo, principios y renovaci\u00f3n de la DSI.<\/li>\n<li>Taller de liderazgo sinodal social y pol\u00edtico.<\/li>\n<li>Geopol\u00edtica de la paz y la guerra en el mundo actual.<\/li>\n<li>Una Evangelizaci\u00f3n para la Paz.<\/li>\n<li>La cultura del Encuentro en tiempos de indignaci\u00f3n, desintegraci\u00f3n y polarizaci\u00f3n.<\/li>\n<li>Rostros y situaciones de violencia: migrantes, trata de personas, narcotr\u00e1fico, ind\u00edgenas, c\u00e1rceles\u2026<\/li>\n<li>El protagonismo de l\u00edderes populares en la construcci\u00f3n de paz.<\/li>\n<li>Desarrollo Humano Integral y Solidario.<\/li>\n<li>Condiciones de la Paz Social: Libertad, Justicia, Solidaridad y Verdad.<\/li>\n<li>Taller de reconciliaci\u00f3n: el arte de ser hermanos.<\/li>\n<li>Taller de reparaci\u00f3n a v\u00edctimas.<\/li>\n<li>Taller de reconstrucci\u00f3n del tejido social.<\/li>\n<li>Visita a una experiencia de intervenci\u00f3n social: Centro Comunitario Riberas de Sacramento.<\/li>\n<li>Visita a la Fundaci\u00f3n del Empresariado Chihuahuense: referente internacional de colaboraci\u00f3n sociedad civil -gobierno.<\/li>\n<li>Visita a Plataforma Escudo Chihuahua: experiencia de prevenci\u00f3n, investigaci\u00f3n y combate del crimen en Chihuahua.<\/li>\n<li>Visita al calabozo de Hidalgo, catedral y centro hist\u00f3rico.<\/li>\n<li><img fetchpriority=\"high\" decoding=\"async\" class=\"alignnone size-medium wp-image-16876\" src=\"https:\/\/obispadodelinares.cl\/ol\/wp-content\/uploads\/2023\/07\/5e83c9d8-eb05-4514-ae4b-1317b980c393-300x225.jpg\" alt=\"\" width=\"300\" height=\"225\" srcset=\"https:\/\/obispadodelinares.cl\/ol\/wp-content\/uploads\/2023\/07\/5e83c9d8-eb05-4514-ae4b-1317b980c393-300x225.jpg 300w, https:\/\/obispadodelinares.cl\/ol\/wp-content\/uploads\/2023\/07\/5e83c9d8-eb05-4514-ae4b-1317b980c393-1024x768.jpg 1024w, https:\/\/obispadodelinares.cl\/ol\/wp-content\/uploads\/2023\/07\/5e83c9d8-eb05-4514-ae4b-1317b980c393-768x576.jpg 768w, https:\/\/obispadodelinares.cl\/ol\/wp-content\/uploads\/2023\/07\/5e83c9d8-eb05-4514-ae4b-1317b980c393.jpg 1280w\" sizes=\"(max-width: 300px) 100vw, 300px\" \/> <img decoding=\"async\" class=\"alignnone size-medium wp-image-16877 lazyload\" data-src=\"https:\/\/obispadodelinares.cl\/ol\/wp-content\/uploads\/2023\/07\/8cbdd3be-dbcb-48c1-a1b6-ddf9276a2b41-285x300.jpg\" alt=\"\" width=\"285\" height=\"300\" data-srcset=\"https:\/\/obispadodelinares.cl\/ol\/wp-content\/uploads\/2023\/07\/8cbdd3be-dbcb-48c1-a1b6-ddf9276a2b41-285x300.jpg 285w, https:\/\/obispadodelinares.cl\/ol\/wp-content\/uploads\/2023\/07\/8cbdd3be-dbcb-48c1-a1b6-ddf9276a2b41-974x1024.jpg 974w, https:\/\/obispadodelinares.cl\/ol\/wp-content\/uploads\/2023\/07\/8cbdd3be-dbcb-48c1-a1b6-ddf9276a2b41-768x808.jpg 768w, https:\/\/obispadodelinares.cl\/ol\/wp-content\/uploads\/2023\/07\/8cbdd3be-dbcb-48c1-a1b6-ddf9276a2b41.jpg 1008w\" data-sizes=\"(max-width: 285px) 100vw, 285px\" src=\"data:image\/svg+xml;base64,PHN2ZyB3aWR0aD0iMSIgaGVpZ2h0PSIxIiB4bWxucz0iaHR0cDovL3d3dy53My5vcmcvMjAwMC9zdmciPjwvc3ZnPg==\" style=\"--smush-placeholder-width: 285px; --smush-placeholder-aspect-ratio: 285\/300;\" \/> <img decoding=\"async\" class=\"alignnone size-medium wp-image-16878 lazyload\" data-src=\"https:\/\/obispadodelinares.cl\/ol\/wp-content\/uploads\/2023\/07\/9abeafe1-fbe8-4274-a24b-36d43833701e-222x300.jpg\" alt=\"\" width=\"222\" height=\"300\" data-srcset=\"https:\/\/obispadodelinares.cl\/ol\/wp-content\/uploads\/2023\/07\/9abeafe1-fbe8-4274-a24b-36d43833701e-222x300.jpg 222w, https:\/\/obispadodelinares.cl\/ol\/wp-content\/uploads\/2023\/07\/9abeafe1-fbe8-4274-a24b-36d43833701e-757x1024.jpg 757w, https:\/\/obispadodelinares.cl\/ol\/wp-content\/uploads\/2023\/07\/9abeafe1-fbe8-4274-a24b-36d43833701e-768x1039.jpg 768w, https:\/\/obispadodelinares.cl\/ol\/wp-content\/uploads\/2023\/07\/9abeafe1-fbe8-4274-a24b-36d43833701e.jpg 902w\" data-sizes=\"(max-width: 222px) 100vw, 222px\" src=\"data:image\/svg+xml;base64,PHN2ZyB3aWR0aD0iMSIgaGVpZ2h0PSIxIiB4bWxucz0iaHR0cDovL3d3dy53My5vcmcvMjAwMC9zdmciPjwvc3ZnPg==\" style=\"--smush-placeholder-width: 222px; --smush-placeholder-aspect-ratio: 222\/300;\" \/> <img decoding=\"async\" class=\"alignnone size-medium wp-image-16879 lazyload\" data-src=\"https:\/\/obispadodelinares.cl\/ol\/wp-content\/uploads\/2023\/07\/91acd501-b732-4f0b-b291-81af1af71135-231x300.jpg\" alt=\"\" width=\"231\" height=\"300\" data-srcset=\"https:\/\/obispadodelinares.cl\/ol\/wp-content\/uploads\/2023\/07\/91acd501-b732-4f0b-b291-81af1af71135-231x300.jpg 231w, https:\/\/obispadodelinares.cl\/ol\/wp-content\/uploads\/2023\/07\/91acd501-b732-4f0b-b291-81af1af71135-789x1024.jpg 789w, https:\/\/obispadodelinares.cl\/ol\/wp-content\/uploads\/2023\/07\/91acd501-b732-4f0b-b291-81af1af71135-768x997.jpg 768w, https:\/\/obispadodelinares.cl\/ol\/wp-content\/uploads\/2023\/07\/91acd501-b732-4f0b-b291-81af1af71135.jpg 799w\" data-sizes=\"(max-width: 231px) 100vw, 231px\" src=\"data:image\/svg+xml;base64,PHN2ZyB3aWR0aD0iMSIgaGVpZ2h0PSIxIiB4bWxucz0iaHR0cDovL3d3dy53My5vcmcvMjAwMC9zdmciPjwvc3ZnPg==\" style=\"--smush-placeholder-width: 231px; --smush-placeholder-aspect-ratio: 231\/300;\" \/><\/li>\n<\/ul>\n","protected":false},"excerpt":{"rendered":"<p>A 60 a\u00f1os de Pecem in Terris: De la amenaza de una guerra nuclear a la reconstrucci\u00f3n del tejido social, es que se desarrolla en la Universidad La Salle (ULSA), ciudad mexicana de Chihuahua, M\u00e9xico, desde el lunes 24 hasta el s\u00e1bado 29 de julio, el VIII Diplomado Internacional de Doctrina Social de la Iglesia, [&hellip;]<\/p>\n","protected":false},"author":4,"featured_media":16875,"comment_status":"closed","ping_status":"closed","sticky":false,"template":"","format":"standard","meta":{"h5ap_radio_sources":[],"footnotes":""},"categories":[414,291],"tags":[444],"class_list":["post-16874","post","type-post","status-publish","format-standard","has-post-thumbnail","hentry","category-414","category-diocesana","tag-escuela-de-lideres"],"_links":{"self":[{"href":"https:\/\/obispadodelinares.cl\/ol\/index.php?rest_route=\/wp\/v2\/posts\/16874","targetHints":{"allow":["GET"]}}],"collection":[{"href":"https:\/\/obispadodelinares.cl\/ol\/index.php?rest_route=\/wp\/v2\/posts"}],"about":[{"href":"https:\/\/obispadodelinares.cl\/ol\/index.php?rest_route=\/wp\/v2\/types\/post"}],"author":[{"embeddable":true,"href":"https:\/\/obispadodelinares.cl\/ol\/index.php?rest_route=\/wp\/v2\/users\/4"}],"replies":[{"embeddable":true,"href":"https:\/\/obispadodelinares.cl\/ol\/index.php?rest_route=%2Fwp%2Fv2%2Fcomments&post=16874"}],"version-history":[{"count":0,"href":"https:\/\/obispadodelinares.cl\/ol\/index.php?rest_route=\/wp\/v2\/posts\/16874\/revisions"}],"wp:featuredmedia":[{"embeddable":true,"href":"https:\/\/obispadodelinares.cl\/ol\/index.php?rest_route=\/wp\/v2\/media\/16875"}],"wp:attachment":[{"href":"https:\/\/obispadodelinares.cl\/ol\/index.php?rest_route=%2Fwp%2Fv2%2Fmedia&parent=16874"}],"wp:term":[{"taxonomy":"category","embeddable":true,"href":"https:\/\/obispadodelinares.cl\/ol\/index.php?rest_route=%2Fwp%2Fv2%2Fcategories&post=16874"},{"taxonomy":"post_tag","embeddable":true,"href":"https:\/\/obispadodelinares.cl\/ol\/index.php?rest_route=%2Fwp%2Fv2%2Ftags&post=16874"}],"curies":[{"name":"wp","href":"https:\/\/api.w.org\/{rel}","templated":true}]}}