{"id":16846,"date":"2023-07-18T16:00:04","date_gmt":"2023-07-18T16:00:04","guid":{"rendered":"http:\/\/obispadodelinares.cl\/ol\/?p=16846"},"modified":"2023-07-18T16:00:04","modified_gmt":"2023-07-18T16:00:04","slug":"un-corazon-inquieto-y-fraterno-al-servicio-de-los-hermanos","status":"publish","type":"post","link":"https:\/\/obispadodelinares.cl\/ol\/?p=16846","title":{"rendered":"Un coraz\u00f3n inquieto y fraterno, al servicio de los hermanos"},"content":{"rendered":"<p>Con un coraz\u00f3n inquieto y fraterno, motivados por el servicio y el amor al pr\u00f3jimo, el P. Bernardo Venegas, sacerdote Salesiano, el Padre Alex Troncoso, sacerdote diocesano, el P. Julio Campos y equipo sacerdotal franciscano de Parral, religiosas y religiosos, en silencio llevan la ayuda donada por tantas personas y la comparten con las familias de las comunidades en la precordillera de Linares, en especial el Caj\u00f3n Achibueno y Ancoa, los m\u00e1s afectados por las crecidas de los r\u00edos y esteros cordilleranos.<\/p>\n<p>Desde los primeros d\u00edas de la emergencia, se comenzaron a recibir los aportes y han cargado en sus hombros carb\u00f3n, bidones con agua, ropa y v\u00edveres no perecibles, llevando esta ayuda a quienes m\u00e1s necesitan, en nombre de la Iglesia y de muchos hermanos que han realizado sus donaciones, desde diversos rincones de la Di\u00f3cesis y del pa\u00eds, que conmovidos con las consecuencias clim\u00e1ticas se han organizado para ayudar a los est\u00e1n sufriendo.<\/p>\n<p>As\u00ed como el P. Bernardo y el P. Alex, en Linares, el P. Julio y comunidad sacerdotal franciascana en Parral, muchos han sido los sacerdotes, religiosos y religiosas que, en silencio, junto a esforzados y espont\u00e1neos grupos de voluntarios, llegan con alimentos, \u00fatiles de aseo, carb\u00f3n y ropa de abrigo hasta las comunidades de la precordillera de Linares y riveras del Perquilauqu\u00e9n en Parral, all\u00ed donde la ayuda est\u00e1 escaseando, y la televisi\u00f3n ya no muestra el d\u00eda a d\u00eda de estas familias, que siguen luchando por secar sus hogares y restablecer un poco la normalidad a sus vidas.<\/p>\n<p>Tristemente no podemos solucionar los problemas de aislamiento, fr\u00edo y soledad que la gente est\u00e1 viviendo, pero <em>\u201cal menos podemos llevar un poco de esperanza, un poco abrigo, un poco de compa\u00f1\u00eda y el cari\u00f1o de tanta gente que grano a grano va sumando su ayuda\u201d<\/em>, se\u00f1alan los cl\u00e9rigos y los equipos de voluntarios quienes, sin miedo al fr\u00edo, sin asco al barro y sin hacer caso a los dolores lumbares, siguen firmes junto a las diversas comunidades.<\/p>\n\n\t\t<style type=\"text\/css\">\n\t\t\t#gallery-1 {\n\t\t\t\tmargin: auto;\n\t\t\t}\n\t\t\t#gallery-1 .gallery-item {\n\t\t\t\tfloat: left;\n\t\t\t\tmargin-top: 10px;\n\t\t\t\ttext-align: center;\n\t\t\t\twidth: 33%;\n\t\t\t}\n\t\t\t#gallery-1 img {\n\t\t\t\tborder: 2px solid #cfcfcf;\n\t\t\t}\n\t\t\t#gallery-1 .gallery-caption {\n\t\t\t\tmargin-left: 0;\n\t\t\t}\n\t\t\t\/* see gallery_shortcode() in wp-includes\/media.php *\/\n\t\t<\/style>\n\t\t<div id='gallery-1' class='gallery galleryid-16846 gallery-columns-3 gallery-size-large'><dl class='gallery-item'>\n\t\t\t<dt class='gallery-icon portrait'>\n\t\t\t\t<a href='https:\/\/obispadodelinares.cl\/ol\/?attachment_id=16840'><img fetchpriority=\"high\" decoding=\"async\" width=\"768\" height=\"1024\" src=\"https:\/\/obispadodelinares.cl\/ol\/wp-content\/uploads\/2023\/07\/5df3c1df-999a-4d30-81ba-a6fe3e5a7a72-768x1024.jpg\" class=\"attachment-large size-large\" alt=\"\" srcset=\"https:\/\/obispadodelinares.cl\/ol\/wp-content\/uploads\/2023\/07\/5df3c1df-999a-4d30-81ba-a6fe3e5a7a72-768x1024.jpg 768w, https:\/\/obispadodelinares.cl\/ol\/wp-content\/uploads\/2023\/07\/5df3c1df-999a-4d30-81ba-a6fe3e5a7a72-225x300.jpg 225w, https:\/\/obispadodelinares.cl\/ol\/wp-content\/uploads\/2023\/07\/5df3c1df-999a-4d30-81ba-a6fe3e5a7a72-1152x1536.jpg 1152w, https:\/\/obispadodelinares.cl\/ol\/wp-content\/uploads\/2023\/07\/5df3c1df-999a-4d30-81ba-a6fe3e5a7a72.jpg 1200w\" sizes=\"(max-width: 768px) 100vw, 768px\" \/><\/a>\n\t\t\t<\/dt><\/dl><dl class='gallery-item'>\n\t\t\t<dt class='gallery-icon portrait'>\n\t\t\t\t<a href='https:\/\/obispadodelinares.cl\/ol\/?attachment_id=16845'><img decoding=\"async\" width=\"768\" height=\"1024\" data-src=\"https:\/\/obispadodelinares.cl\/ol\/wp-content\/uploads\/2023\/07\/1260515b-9042-4ae2-b6de-d13ff76afca5-768x1024.jpg\" class=\"attachment-large size-large lazyload\" alt=\"\" data-srcset=\"https:\/\/obispadodelinares.cl\/ol\/wp-content\/uploads\/2023\/07\/1260515b-9042-4ae2-b6de-d13ff76afca5-768x1024.jpg 768w, https:\/\/obispadodelinares.cl\/ol\/wp-content\/uploads\/2023\/07\/1260515b-9042-4ae2-b6de-d13ff76afca5-225x300.jpg 225w, https:\/\/obispadodelinares.cl\/ol\/wp-content\/uploads\/2023\/07\/1260515b-9042-4ae2-b6de-d13ff76afca5.jpg 960w\" data-sizes=\"(max-width: 768px) 100vw, 768px\" src=\"data:image\/svg+xml;base64,PHN2ZyB3aWR0aD0iMSIgaGVpZ2h0PSIxIiB4bWxucz0iaHR0cDovL3d3dy53My5vcmcvMjAwMC9zdmciPjwvc3ZnPg==\" style=\"--smush-placeholder-width: 768px; --smush-placeholder-aspect-ratio: 768\/1024;\" \/><\/a>\n\t\t\t<\/dt><\/dl><dl class='gallery-item'>\n\t\t\t<dt class='gallery-icon landscape'>\n\t\t\t\t<a href='https:\/\/obispadodelinares.cl\/ol\/?attachment_id=16843'><img decoding=\"async\" width=\"1024\" height=\"768\" data-src=\"https:\/\/obispadodelinares.cl\/ol\/wp-content\/uploads\/2023\/07\/92ade71a-7b36-49aa-a1fc-ee100bc7c13a-1024x768.jpg\" class=\"attachment-large size-large lazyload\" alt=\"\" data-srcset=\"https:\/\/obispadodelinares.cl\/ol\/wp-content\/uploads\/2023\/07\/92ade71a-7b36-49aa-a1fc-ee100bc7c13a-1024x768.jpg 1024w, https:\/\/obispadodelinares.cl\/ol\/wp-content\/uploads\/2023\/07\/92ade71a-7b36-49aa-a1fc-ee100bc7c13a-300x225.jpg 300w, https:\/\/obispadodelinares.cl\/ol\/wp-content\/uploads\/2023\/07\/92ade71a-7b36-49aa-a1fc-ee100bc7c13a-768x576.jpg 768w, https:\/\/obispadodelinares.cl\/ol\/wp-content\/uploads\/2023\/07\/92ade71a-7b36-49aa-a1fc-ee100bc7c13a.jpg 1280w\" data-sizes=\"(max-width: 1024px) 100vw, 1024px\" src=\"data:image\/svg+xml;base64,PHN2ZyB3aWR0aD0iMSIgaGVpZ2h0PSIxIiB4bWxucz0iaHR0cDovL3d3dy53My5vcmcvMjAwMC9zdmciPjwvc3ZnPg==\" style=\"--smush-placeholder-width: 1024px; --smush-placeholder-aspect-ratio: 1024\/768;\" \/><\/a>\n\t\t\t<\/dt><\/dl><br style=\"clear: both\" \/><dl class='gallery-item'>\n\t\t\t<dt class='gallery-icon landscape'>\n\t\t\t\t<a href='https:\/\/obispadodelinares.cl\/ol\/?attachment_id=16842'><img decoding=\"async\" width=\"1024\" height=\"768\" data-src=\"https:\/\/obispadodelinares.cl\/ol\/wp-content\/uploads\/2023\/07\/64c8d83a-2bd7-49c7-9e4a-38d665b21547-1024x768.jpg\" class=\"attachment-large size-large lazyload\" alt=\"\" data-srcset=\"https:\/\/obispadodelinares.cl\/ol\/wp-content\/uploads\/2023\/07\/64c8d83a-2bd7-49c7-9e4a-38d665b21547-1024x768.jpg 1024w, https:\/\/obispadodelinares.cl\/ol\/wp-content\/uploads\/2023\/07\/64c8d83a-2bd7-49c7-9e4a-38d665b21547-300x225.jpg 300w, https:\/\/obispadodelinares.cl\/ol\/wp-content\/uploads\/2023\/07\/64c8d83a-2bd7-49c7-9e4a-38d665b21547-768x576.jpg 768w, https:\/\/obispadodelinares.cl\/ol\/wp-content\/uploads\/2023\/07\/64c8d83a-2bd7-49c7-9e4a-38d665b21547.jpg 1280w\" data-sizes=\"(max-width: 1024px) 100vw, 1024px\" src=\"data:image\/svg+xml;base64,PHN2ZyB3aWR0aD0iMSIgaGVpZ2h0PSIxIiB4bWxucz0iaHR0cDovL3d3dy53My5vcmcvMjAwMC9zdmciPjwvc3ZnPg==\" style=\"--smush-placeholder-width: 1024px; --smush-placeholder-aspect-ratio: 1024\/768;\" \/><\/a>\n\t\t\t<\/dt><\/dl><dl class='gallery-item'>\n\t\t\t<dt class='gallery-icon portrait'>\n\t\t\t\t<a href='https:\/\/obispadodelinares.cl\/ol\/?attachment_id=16841'><img decoding=\"async\" width=\"486\" height=\"763\" data-src=\"https:\/\/obispadodelinares.cl\/ol\/wp-content\/uploads\/2023\/07\/61dba4be-5a1c-49db-bbe6-3591b30eac74.jpg\" class=\"attachment-large size-large lazyload\" alt=\"\" data-srcset=\"https:\/\/obispadodelinares.cl\/ol\/wp-content\/uploads\/2023\/07\/61dba4be-5a1c-49db-bbe6-3591b30eac74.jpg 486w, https:\/\/obispadodelinares.cl\/ol\/wp-content\/uploads\/2023\/07\/61dba4be-5a1c-49db-bbe6-3591b30eac74-191x300.jpg 191w\" data-sizes=\"(max-width: 486px) 100vw, 486px\" src=\"data:image\/svg+xml;base64,PHN2ZyB3aWR0aD0iMSIgaGVpZ2h0PSIxIiB4bWxucz0iaHR0cDovL3d3dy53My5vcmcvMjAwMC9zdmciPjwvc3ZnPg==\" style=\"--smush-placeholder-width: 486px; --smush-placeholder-aspect-ratio: 486\/763;\" \/><\/a>\n\t\t\t<\/dt><\/dl><dl class='gallery-item'>\n\t\t\t<dt class='gallery-icon portrait'>\n\t\t\t\t<a href='https:\/\/obispadodelinares.cl\/ol\/?attachment_id=16847'><img decoding=\"async\" width=\"768\" height=\"1024\" data-src=\"https:\/\/obispadodelinares.cl\/ol\/wp-content\/uploads\/2023\/07\/12659fd9-27ec-4119-aecb-b6dfd73e39ea-1.jpg\" class=\"attachment-large size-large lazyload\" alt=\"\" data-srcset=\"https:\/\/obispadodelinares.cl\/ol\/wp-content\/uploads\/2023\/07\/12659fd9-27ec-4119-aecb-b6dfd73e39ea-1.jpg 768w, https:\/\/obispadodelinares.cl\/ol\/wp-content\/uploads\/2023\/07\/12659fd9-27ec-4119-aecb-b6dfd73e39ea-1-225x300.jpg 225w\" data-sizes=\"(max-width: 768px) 100vw, 768px\" src=\"data:image\/svg+xml;base64,PHN2ZyB3aWR0aD0iMSIgaGVpZ2h0PSIxIiB4bWxucz0iaHR0cDovL3d3dy53My5vcmcvMjAwMC9zdmciPjwvc3ZnPg==\" style=\"--smush-placeholder-width: 768px; --smush-placeholder-aspect-ratio: 768\/1024;\" \/><\/a>\n\t\t\t<\/dt><\/dl><br style=\"clear: both\" \/>\n\t\t<\/div>\n\n","protected":false},"excerpt":{"rendered":"<p>Con un coraz\u00f3n inquieto y fraterno, motivados por el servicio y el amor al pr\u00f3jimo, el P. Bernardo Venegas, sacerdote Salesiano, el Padre Alex Troncoso, sacerdote diocesano, el P. Julio Campos y equipo sacerdotal franciscano de Parral, religiosas y religiosos, en silencio llevan la ayuda donada por tantas personas y la comparten con las familias [&hellip;]<\/p>\n","protected":false},"author":4,"featured_media":16845,"comment_status":"closed","ping_status":"closed","sticky":false,"template":"","format":"standard","meta":{"h5ap_radio_sources":[],"footnotes":""},"categories":[414,291],"tags":[442,437],"class_list":["post-16846","post","type-post","status-publish","format-standard","has-post-thumbnail","hentry","category-414","category-diocesana","tag-clero","tag-emergencia-climatica"],"_links":{"self":[{"href":"https:\/\/obispadodelinares.cl\/ol\/index.php?rest_route=\/wp\/v2\/posts\/16846","targetHints":{"allow":["GET"]}}],"collection":[{"href":"https:\/\/obispadodelinares.cl\/ol\/index.php?rest_route=\/wp\/v2\/posts"}],"about":[{"href":"https:\/\/obispadodelinares.cl\/ol\/index.php?rest_route=\/wp\/v2\/types\/post"}],"author":[{"embeddable":true,"href":"https:\/\/obispadodelinares.cl\/ol\/index.php?rest_route=\/wp\/v2\/users\/4"}],"replies":[{"embeddable":true,"href":"https:\/\/obispadodelinares.cl\/ol\/index.php?rest_route=%2Fwp%2Fv2%2Fcomments&post=16846"}],"version-history":[{"count":0,"href":"https:\/\/obispadodelinares.cl\/ol\/index.php?rest_route=\/wp\/v2\/posts\/16846\/revisions"}],"wp:featuredmedia":[{"embeddable":true,"href":"https:\/\/obispadodelinares.cl\/ol\/index.php?rest_route=\/wp\/v2\/media\/16845"}],"wp:attachment":[{"href":"https:\/\/obispadodelinares.cl\/ol\/index.php?rest_route=%2Fwp%2Fv2%2Fmedia&parent=16846"}],"wp:term":[{"taxonomy":"category","embeddable":true,"href":"https:\/\/obispadodelinares.cl\/ol\/index.php?rest_route=%2Fwp%2Fv2%2Fcategories&post=16846"},{"taxonomy":"post_tag","embeddable":true,"href":"https:\/\/obispadodelinares.cl\/ol\/index.php?rest_route=%2Fwp%2Fv2%2Ftags&post=16846"}],"curies":[{"name":"wp","href":"https:\/\/api.w.org\/{rel}","templated":true}]}}