{"id":16742,"date":"2023-07-06T14:52:40","date_gmt":"2023-07-06T14:52:40","guid":{"rendered":"http:\/\/obispadodelinares.cl\/ol\/?p=16742"},"modified":"2023-07-06T14:52:40","modified_gmt":"2023-07-06T14:52:40","slug":"longavi-despide-al-p-tito-javier-y-con-carino-lo-envia-a-su-nueva-mision-en-argentina","status":"publish","type":"post","link":"https:\/\/obispadodelinares.cl\/ol\/?p=16742","title":{"rendered":"Longav\u00ed despide al P. Tito Javier y con cari\u00f1o lo env\u00eda a su nueva misi\u00f3n en Argentina"},"content":{"rendered":"<p><em>El martes 4 de julio, con sentidos discursos, fuertes abrazos, aplausos, regalos y otras muchas expresiones de cari\u00f1o recibi\u00f3 el P. Tito Javier Ponce Vargas, en la despedida que le brind\u00f3 la comunidad longaviana, al asumir su nueva misi\u00f3n en Buenos Aires, Argentina, para seguir haciendo vida su lema de ordenaci\u00f3n \u201cEl Amor todo lo cree, todo lo espera y todo lo soporta\u201d 1 Cor 13.<\/em><\/p>\n<p>Con una Eucarist\u00eda presidida por el p\u00e1rroco P. Agustinus Saryanto, acompa\u00f1ado por el vicario P. Genivaldo de Souza, la comunidad longaviana quiso agradecer a Dios por la vida y la vocaci\u00f3n del padre Tito Javier, por su servicio y misi\u00f3n en las comunidades, en los campos y en el Pueblo de la parroquia San Lorenzo M\u00e1rtir de Longav\u00ed y al Dios de la Vida encomendarlo para que asuma con su alegr\u00eda caracter\u00edstica la nueva Misi\u00f3n que su Congregaci\u00f3n le ha pedido, ir a la parroquia en Buenos Aires.<\/p>\n<p>En su homil\u00eda, el p\u00e1rroco coment\u00f3 que al conversar en comunidad sobre el cambio, la respuesta fue <em>\u201cqu\u00e9 bueno que, desde nuestra pobreza, podemos enviar a alguien y que ese alguien tambi\u00e9n est\u00e1 dispuesto para ir. M\u00e1s pobre ser\u00edamos si teniendo una misi\u00f3n que asumir, nadie est\u00e1 dispuesto para aceptarla. Por eso, nuestra repuesta fue <\/em><em>\u00ab<\/em><em>vaya, sin duda que se le extra\u00f1ar\u00e1 y con un sacerdote menos se nos har\u00e1 m\u00e1s dif\u00edcil atender prontamente a m\u00e1s de 45 comunidades, pero los longavianos tendr\u00e1n que despertar y caminar junto con los sacerdotes, asumiendo la misi\u00f3n de seguir avanzando unidos como una gran familia<\/em><em>\u00bb Hoy no es una despedida, es m\u00e1s bien un env\u00edo, con un coraz\u00f3n dispuesto para asumir una misi\u00f3n regalada por la Iglesia y por el Se\u00f1or. Por eso, hermano Tito Javier, vaya con confianza y nuestra c\u00e1lida oraci\u00f3n de nuestra comunidad sacerdotal y esta <\/em><em>querida parroquia de San Lorenzo M\u00e1rtir de Longav\u00ed\u201d.<\/em><\/p>\n<p>Por su parte el P. Tito Javier comparti\u00f3, <em>durante esto \u00faltimos d\u00edas, recorriendo las comunidades del campo, el comentario era y por qu\u00e9\u2026 \u201cpor qu\u00e9 se lo llevan\u201d, \u201cpor qu\u00e9 lo cambian\u201d. Pero para superar esos porqu\u00e9s, hay que entender y asimilarlo como lo que ocurre en una familia, cuando un miembro de esta familia se debilita \u00bfqu\u00e9 hacen los dem\u00e1s?, solidarizan. Eso es parte de los principios que nos deja Jes\u00fas, no podemos perder esa sensibilidad y frente a eso, nosotros los sacerdotes y religiosos y consagrados, no formamos la familia tradicional, hacemos votos a Dios, nos consagramos por entero a \u00c9l y pasamos a formar otro tipo de familia en la que tambi\u00e9n debemos apoyarnos. As\u00ed es que, cuando el Superior me pregunt\u00f3 sobre este cambio, no era f\u00e1cil responder de inmediato, me dio un tiempo para rezarlo y conversar con mis hermanos Genivaldo y Agustinus, como la familia que somos. Y aqu\u00ed estamos para eso, para seguir sinti\u00e9ndonos enviados, no soy el s\u00faper misionero, soy un simple misionero que quiere seguir creciendo, que necesita seguir creciendo y que, tiene mucho que aprender todav\u00eda. As\u00ed es que, cuento con sus oraciones para que, este Tito Javier, siga siendo un servidor fiel del mensaje de la Buena Nueva del Se\u00f1or para los hermanos\u201d.<\/em><\/p>\n<p><em>Luego de la Misa, un rico c\u00f3ctel, momento en que los representantes de las comunidades entregaron sus regalitos y parabienes, junto a un apretado y sincero abrazo de hasta pronto.<\/em><\/p>\n<p><strong>Breve Biograf\u00eda<\/strong><strong>:<\/strong><\/p>\n<p>Tito Javier Ponce Vargas, Ordenado Sacerdote religioso Misionero de la Sagrada Familia el 6 de abril del a\u00f1o 2002, en la parroquia Santa Isabel de Hungr\u00eda en la ciudad de Santiago, Chile.<\/p>\n<p>Su lema sacerdotal elegido <em>\u201cEl amor todo lo cree, todo lo espera y todo lo soporta\u201d <\/em>1 Cor 13.<\/p>\n<p>Su misi\u00f3n la ha desarrollado en:<\/p>\n<p>2003 \u2013 2006 Hornopir\u00e9n<\/p>\n<p>2007 \u2013 2011, Santa Cruz de la Sierra, Bolivia<\/p>\n<p>2012 \u2013 2015, Santiago<\/p>\n<p>2016 \u2013 2017, San Lorenzo, Longav\u00ed<\/p>\n<p>2018 \u2013 2021, Pueblo Camajuan\u00ed, Cuba<\/p>\n<p>2022 a julio 2023, Parroquia San Lorenzo M\u00e1rtir, Longav\u00ed. Desde donde es enviado a Buenos Aires Argentina, para que, Dios mediante sega sirviendo al Reino y a los hermanos.<\/p>\n<p>&nbsp;<\/p>\n\n\t\t<style type=\"text\/css\">\n\t\t\t#gallery-1 {\n\t\t\t\tmargin: auto;\n\t\t\t}\n\t\t\t#gallery-1 .gallery-item {\n\t\t\t\tfloat: left;\n\t\t\t\tmargin-top: 10px;\n\t\t\t\ttext-align: center;\n\t\t\t\twidth: 33%;\n\t\t\t}\n\t\t\t#gallery-1 img {\n\t\t\t\tborder: 2px solid #cfcfcf;\n\t\t\t}\n\t\t\t#gallery-1 .gallery-caption {\n\t\t\t\tmargin-left: 0;\n\t\t\t}\n\t\t\t\/* see gallery_shortcode() in wp-includes\/media.php *\/\n\t\t<\/style>\n\t\t<div id='gallery-1' class='gallery galleryid-16742 gallery-columns-3 gallery-size-large'><dl class='gallery-item'>\n\t\t\t<dt class='gallery-icon landscape'>\n\t\t\t\t<a href='https:\/\/obispadodelinares.cl\/ol\/wp-content\/uploads\/2023\/07\/IMG_1035.jpg'><img fetchpriority=\"high\" decoding=\"async\" width=\"789\" height=\"592\" src=\"https:\/\/obispadodelinares.cl\/ol\/wp-content\/uploads\/2023\/07\/IMG_1035.jpg\" class=\"attachment-large size-large\" alt=\"\" srcset=\"https:\/\/obispadodelinares.cl\/ol\/wp-content\/uploads\/2023\/07\/IMG_1035.jpg 789w, https:\/\/obispadodelinares.cl\/ol\/wp-content\/uploads\/2023\/07\/IMG_1035-300x225.jpg 300w, https:\/\/obispadodelinares.cl\/ol\/wp-content\/uploads\/2023\/07\/IMG_1035-768x576.jpg 768w\" sizes=\"(max-width: 789px) 100vw, 789px\" \/><\/a>\n\t\t\t<\/dt><\/dl><dl class='gallery-item'>\n\t\t\t<dt class='gallery-icon landscape'>\n\t\t\t\t<a href='https:\/\/obispadodelinares.cl\/ol\/wp-content\/uploads\/2023\/07\/2525b6bf-0a94-48e1-8a15-b6663873b163.jpg'><img decoding=\"async\" width=\"789\" height=\"592\" data-src=\"https:\/\/obispadodelinares.cl\/ol\/wp-content\/uploads\/2023\/07\/2525b6bf-0a94-48e1-8a15-b6663873b163.jpg\" class=\"attachment-large size-large lazyload\" alt=\"\" data-srcset=\"https:\/\/obispadodelinares.cl\/ol\/wp-content\/uploads\/2023\/07\/2525b6bf-0a94-48e1-8a15-b6663873b163.jpg 789w, https:\/\/obispadodelinares.cl\/ol\/wp-content\/uploads\/2023\/07\/2525b6bf-0a94-48e1-8a15-b6663873b163-300x225.jpg 300w, https:\/\/obispadodelinares.cl\/ol\/wp-content\/uploads\/2023\/07\/2525b6bf-0a94-48e1-8a15-b6663873b163-768x576.jpg 768w\" data-sizes=\"(max-width: 789px) 100vw, 789px\" src=\"data:image\/svg+xml;base64,PHN2ZyB3aWR0aD0iMSIgaGVpZ2h0PSIxIiB4bWxucz0iaHR0cDovL3d3dy53My5vcmcvMjAwMC9zdmciPjwvc3ZnPg==\" style=\"--smush-placeholder-width: 789px; --smush-placeholder-aspect-ratio: 789\/592;\" \/><\/a>\n\t\t\t<\/dt><\/dl><dl class='gallery-item'>\n\t\t\t<dt class='gallery-icon landscape'>\n\t\t\t\t<a href='https:\/\/obispadodelinares.cl\/ol\/wp-content\/uploads\/2023\/07\/0549b2fb-3b01-4073-b877-23e9e5ce9c85.jpg'><img decoding=\"async\" width=\"789\" height=\"592\" data-src=\"https:\/\/obispadodelinares.cl\/ol\/wp-content\/uploads\/2023\/07\/0549b2fb-3b01-4073-b877-23e9e5ce9c85.jpg\" class=\"attachment-large size-large lazyload\" alt=\"\" data-srcset=\"https:\/\/obispadodelinares.cl\/ol\/wp-content\/uploads\/2023\/07\/0549b2fb-3b01-4073-b877-23e9e5ce9c85.jpg 789w, https:\/\/obispadodelinares.cl\/ol\/wp-content\/uploads\/2023\/07\/0549b2fb-3b01-4073-b877-23e9e5ce9c85-300x225.jpg 300w, https:\/\/obispadodelinares.cl\/ol\/wp-content\/uploads\/2023\/07\/0549b2fb-3b01-4073-b877-23e9e5ce9c85-768x576.jpg 768w\" data-sizes=\"(max-width: 789px) 100vw, 789px\" src=\"data:image\/svg+xml;base64,PHN2ZyB3aWR0aD0iMSIgaGVpZ2h0PSIxIiB4bWxucz0iaHR0cDovL3d3dy53My5vcmcvMjAwMC9zdmciPjwvc3ZnPg==\" style=\"--smush-placeholder-width: 789px; --smush-placeholder-aspect-ratio: 789\/592;\" \/><\/a>\n\t\t\t<\/dt><\/dl><br style=\"clear: both\" \/><dl class='gallery-item'>\n\t\t\t<dt class='gallery-icon landscape'>\n\t\t\t\t<a href='https:\/\/obispadodelinares.cl\/ol\/wp-content\/uploads\/2023\/07\/505aecbf-a1ee-4698-814d-82299c51be97.jpg'><img decoding=\"async\" width=\"789\" height=\"592\" data-src=\"https:\/\/obispadodelinares.cl\/ol\/wp-content\/uploads\/2023\/07\/505aecbf-a1ee-4698-814d-82299c51be97.jpg\" class=\"attachment-large size-large lazyload\" alt=\"\" data-srcset=\"https:\/\/obispadodelinares.cl\/ol\/wp-content\/uploads\/2023\/07\/505aecbf-a1ee-4698-814d-82299c51be97.jpg 789w, https:\/\/obispadodelinares.cl\/ol\/wp-content\/uploads\/2023\/07\/505aecbf-a1ee-4698-814d-82299c51be97-300x225.jpg 300w, https:\/\/obispadodelinares.cl\/ol\/wp-content\/uploads\/2023\/07\/505aecbf-a1ee-4698-814d-82299c51be97-768x576.jpg 768w\" data-sizes=\"(max-width: 789px) 100vw, 789px\" src=\"data:image\/svg+xml;base64,PHN2ZyB3aWR0aD0iMSIgaGVpZ2h0PSIxIiB4bWxucz0iaHR0cDovL3d3dy53My5vcmcvMjAwMC9zdmciPjwvc3ZnPg==\" style=\"--smush-placeholder-width: 789px; --smush-placeholder-aspect-ratio: 789\/592;\" \/><\/a>\n\t\t\t<\/dt><\/dl><dl class='gallery-item'>\n\t\t\t<dt class='gallery-icon landscape'>\n\t\t\t\t<a href='https:\/\/obispadodelinares.cl\/ol\/wp-content\/uploads\/2023\/07\/6b7d4028-e542-4e1e-9257-89044ddf9a44.jpg'><img decoding=\"async\" width=\"789\" height=\"592\" data-src=\"https:\/\/obispadodelinares.cl\/ol\/wp-content\/uploads\/2023\/07\/6b7d4028-e542-4e1e-9257-89044ddf9a44.jpg\" class=\"attachment-large size-large lazyload\" alt=\"\" data-srcset=\"https:\/\/obispadodelinares.cl\/ol\/wp-content\/uploads\/2023\/07\/6b7d4028-e542-4e1e-9257-89044ddf9a44.jpg 789w, https:\/\/obispadodelinares.cl\/ol\/wp-content\/uploads\/2023\/07\/6b7d4028-e542-4e1e-9257-89044ddf9a44-300x225.jpg 300w, https:\/\/obispadodelinares.cl\/ol\/wp-content\/uploads\/2023\/07\/6b7d4028-e542-4e1e-9257-89044ddf9a44-768x576.jpg 768w\" data-sizes=\"(max-width: 789px) 100vw, 789px\" src=\"data:image\/svg+xml;base64,PHN2ZyB3aWR0aD0iMSIgaGVpZ2h0PSIxIiB4bWxucz0iaHR0cDovL3d3dy53My5vcmcvMjAwMC9zdmciPjwvc3ZnPg==\" style=\"--smush-placeholder-width: 789px; --smush-placeholder-aspect-ratio: 789\/592;\" \/><\/a>\n\t\t\t<\/dt><\/dl>\n\t\t\t<br style='clear: both' \/>\n\t\t<\/div>\n\n<p>&nbsp;<\/p>\n<p>&nbsp;<\/p>\n","protected":false},"excerpt":{"rendered":"<p>El martes 4 de julio, con sentidos discursos, fuertes abrazos, aplausos, regalos y otras muchas expresiones de cari\u00f1o recibi\u00f3 el P. Tito Javier Ponce Vargas, en la despedida que le brind\u00f3 la comunidad longaviana, al asumir su nueva misi\u00f3n en Buenos Aires, Argentina, para seguir haciendo vida su lema de ordenaci\u00f3n \u201cEl Amor todo lo [&hellip;]<\/p>\n","protected":false},"author":1,"featured_media":16743,"comment_status":"closed","ping_status":"closed","sticky":false,"template":"","format":"standard","meta":{"h5ap_radio_sources":[],"footnotes":""},"categories":[414,193,154],"tags":[132,438,281],"class_list":["post-16742","post","type-post","status-publish","format-standard","has-post-thumbnail","hentry","category-414","category-historia-diocesana","category-vocacion","tag-longavi","tag-misioneros-de-la-sagrada-familia","tag-parroquia-san-lorenzo"],"_links":{"self":[{"href":"https:\/\/obispadodelinares.cl\/ol\/index.php?rest_route=\/wp\/v2\/posts\/16742","targetHints":{"allow":["GET"]}}],"collection":[{"href":"https:\/\/obispadodelinares.cl\/ol\/index.php?rest_route=\/wp\/v2\/posts"}],"about":[{"href":"https:\/\/obispadodelinares.cl\/ol\/index.php?rest_route=\/wp\/v2\/types\/post"}],"author":[{"embeddable":true,"href":"https:\/\/obispadodelinares.cl\/ol\/index.php?rest_route=\/wp\/v2\/users\/1"}],"replies":[{"embeddable":true,"href":"https:\/\/obispadodelinares.cl\/ol\/index.php?rest_route=%2Fwp%2Fv2%2Fcomments&post=16742"}],"version-history":[{"count":0,"href":"https:\/\/obispadodelinares.cl\/ol\/index.php?rest_route=\/wp\/v2\/posts\/16742\/revisions"}],"wp:featuredmedia":[{"embeddable":true,"href":"https:\/\/obispadodelinares.cl\/ol\/index.php?rest_route=\/wp\/v2\/media\/16743"}],"wp:attachment":[{"href":"https:\/\/obispadodelinares.cl\/ol\/index.php?rest_route=%2Fwp%2Fv2%2Fmedia&parent=16742"}],"wp:term":[{"taxonomy":"category","embeddable":true,"href":"https:\/\/obispadodelinares.cl\/ol\/index.php?rest_route=%2Fwp%2Fv2%2Fcategories&post=16742"},{"taxonomy":"post_tag","embeddable":true,"href":"https:\/\/obispadodelinares.cl\/ol\/index.php?rest_route=%2Fwp%2Fv2%2Ftags&post=16742"}],"curies":[{"name":"wp","href":"https:\/\/api.w.org\/{rel}","templated":true}]}}