{"id":1662,"date":"2014-06-06T02:18:39","date_gmt":"2014-06-06T02:18:39","guid":{"rendered":"http:\/\/obispadodelinares.cl\/ol\/?p=1662"},"modified":"2018-02-06T02:20:38","modified_gmt":"2018-02-06T02:20:38","slug":"fiesta-del-espiritu-santo-en-colegio-san-miguel","status":"publish","type":"post","link":"https:\/\/obispadodelinares.cl\/ol\/?p=1662","title":{"rendered":"Fiesta del Esp\u00edritu santo en Colegio San Miguel"},"content":{"rendered":"<p>Con el lema: \u201cRemen Mar Adentro y echen Las Redes\u00bb, celebramos la Fiesta de Pentecost\u00e9s observando \u00a0como el Esp\u00edritu Santo act\u00faa en nuestras vidas. \u00a0Participaron m\u00e1s de 130 personas de la familia San Miguelina, j\u00f3venes, ni\u00f1os, padres, apoderados, docentes y asistentes de la educaci\u00f3n. Nos acompa\u00f1\u00f3 Mons. Tomislav, quien tras las din\u00e1micas dio el inicio del trabajo comunitario con la oraci\u00f3n, luego comparti\u00f3 con los grupos. \u00a0Finalizamos con la ceremonia del fuego, \u00a0signo de la presencia del Esp\u00edritu Santo, llama que vivifica y purifica.<\/p>\n","protected":false},"excerpt":{"rendered":"<p>Con el lema: \u201cRemen Mar Adentro y echen Las Redes\u00bb, celebramos la Fiesta de Pentecost\u00e9s observando \u00a0como el Esp\u00edritu Santo act\u00faa en nuestras vidas. \u00a0Participaron m\u00e1s de 130 personas de la familia San Miguelina, j\u00f3venes, ni\u00f1os, padres, apoderados, docentes y asistentes de la educaci\u00f3n. Nos acompa\u00f1\u00f3 Mons. Tomislav, quien tras las din\u00e1micas dio el inicio [&hellip;]<\/p>\n","protected":false},"author":1,"featured_media":1663,"comment_status":"open","ping_status":"open","sticky":false,"template":"","format":"standard","meta":{"h5ap_radio_sources":[],"footnotes":""},"categories":[150,74],"tags":[127,91],"class_list":["post-1662","post","type-post","status-publish","format-standard","has-post-thumbnail","hentry","category-150","category-fiesta-religiosa","tag-colegio-san-miguel","tag-colegios"],"_links":{"self":[{"href":"https:\/\/obispadodelinares.cl\/ol\/index.php?rest_route=\/wp\/v2\/posts\/1662","targetHints":{"allow":["GET"]}}],"collection":[{"href":"https:\/\/obispadodelinares.cl\/ol\/index.php?rest_route=\/wp\/v2\/posts"}],"about":[{"href":"https:\/\/obispadodelinares.cl\/ol\/index.php?rest_route=\/wp\/v2\/types\/post"}],"author":[{"embeddable":true,"href":"https:\/\/obispadodelinares.cl\/ol\/index.php?rest_route=\/wp\/v2\/users\/1"}],"replies":[{"embeddable":true,"href":"https:\/\/obispadodelinares.cl\/ol\/index.php?rest_route=%2Fwp%2Fv2%2Fcomments&post=1662"}],"version-history":[{"count":0,"href":"https:\/\/obispadodelinares.cl\/ol\/index.php?rest_route=\/wp\/v2\/posts\/1662\/revisions"}],"wp:featuredmedia":[{"embeddable":true,"href":"https:\/\/obispadodelinares.cl\/ol\/index.php?rest_route=\/wp\/v2\/media\/1663"}],"wp:attachment":[{"href":"https:\/\/obispadodelinares.cl\/ol\/index.php?rest_route=%2Fwp%2Fv2%2Fmedia&parent=1662"}],"wp:term":[{"taxonomy":"category","embeddable":true,"href":"https:\/\/obispadodelinares.cl\/ol\/index.php?rest_route=%2Fwp%2Fv2%2Fcategories&post=1662"},{"taxonomy":"post_tag","embeddable":true,"href":"https:\/\/obispadodelinares.cl\/ol\/index.php?rest_route=%2Fwp%2Fv2%2Ftags&post=1662"}],"curies":[{"name":"wp","href":"https:\/\/api.w.org\/{rel}","templated":true}]}}