{"id":16594,"date":"2023-06-26T22:45:56","date_gmt":"2023-06-26T22:45:56","guid":{"rendered":"http:\/\/obispadodelinares.cl\/ol\/?p=16594"},"modified":"2023-06-26T22:48:52","modified_gmt":"2023-06-26T22:48:52","slug":"monsenor-koljatic-visita-albergues-comedores-solidarios-ollas-fraternas-y-centro-de-acopio","status":"publish","type":"post","link":"https:\/\/obispadodelinares.cl\/ol\/?p=16594","title":{"rendered":"Monse\u00f1or Koljatic visita albergues, comedores solidarios, ollas fraternas y centro de acopio."},"content":{"rendered":"<div class=\"xdj266r x11i5rnm xat24cr x1mh8g0r x1vvkbs x126k92a\">\n<div dir=\"auto\">Al finalizar el recorrido el obispo se\u00f1al\u00f3: \u00abEn estos d\u00edas de tanto dolor y sufrimiento tambi\u00e9n Caritas Linares y nuestra Iglesia diocesana ha estado cerca de los hermanos y hermanas que est\u00e1n sufriendo los efectos de la emergencia clim\u00e1tica, muchos voluntarios han salido en apoyo o ayuda, se han organizado y est\u00e1n participando en diferentes labores de apoyo, lo que m\u00e1s destaco es esta enorme generosidad, solidaridad y deseo de colaborar, que empatiza con los que sufren, esto es una buena noticia dentro de esta tragedia que estamos viviendo, esto nos alegra y motiva en la esperanza de superar estos momentos con la solidaridad, la esperanza y el amor a Dios reflejada en el servicio al pr\u00f3jimo \u00ab.<\/div>\n<div dir=\"auto\">La visita Pastoral comenz\u00f3 en la ma\u00f1ana de hoy 26 de junio, en la olla com\u00fan Flavio Torres, continuando por los albergues que funcionan en las escuelas de Llancanao y Juan Mart\u00ednez de Rozas, finalizando en el centro de acopio de la Municipalidad de Linares.<\/div>\n<div dir=\"auto\"><\/div>\n<\/div>\n<div class=\"x11i5rnm xat24cr x1mh8g0r x1vvkbs xtlvy1s x126k92a\">\n<div dir=\"auto\">Si desea colaborar puede hacerlo apoyando:<\/div>\n<div dir=\"auto\">CAMPA\u00d1A SOLIDARIA<\/div>\n<div dir=\"auto\">\u2022 Frente a Emergencia Clim\u00e1tica \u2022<\/div>\n<div dir=\"auto\">Con tu aporte ayudaremos a los damnificados por las inundaciones en el Maule Sur<\/div>\n<div dir=\"auto\">HAZ TU APORTE Fundaci\u00f3n C\u00e1ritas Diocesana de Linares<\/div>\n<div dir=\"auto\">Rut 75.463.400-6<\/div>\n<div dir=\"auto\">Cuenta Corriente Banco Scotiabank N\u00famero 972135984<\/div>\n<\/div>\n<div class=\"x11i5rnm xat24cr x1mh8g0r x1vvkbs xtlvy1s x126k92a\">\n<div dir=\"auto\"><a class=\"x1i10hfl xjbqb8w x6umtig x1b1mbwd xaqea5y xav7gou x9f619 x1ypdohk xt0psk2 xe8uvvx xdj266r x11i5rnm xat24cr x1mh8g0r xexx8yu x4uap5 x18d9i69 xkhd6sd x16tdsg8 x1hl2dhg xggy1nq x1a2a7pz xt0b8zv x1qq9wsj xo1l8bm\" tabindex=\"0\" role=\"link\" href=\"https:\/\/web.facebook.com\/hashtag\/100a%C3%B1ossembrando?__eep__=6&amp;__cft__[0]=AZWCgzEkGh_u3X4Y5aSt9sic_M_zsQHV_J8GfVEJNx8-2zhTbfF1tY27PJRcdqHYNqDXuDLIeCC6f0DnTdPBgN5wX8jrDTDSr7-p4Qvrpu9eSmc55aFtzFUCpca4esyFtA3p5dHgDUJ3HasO4ltzaNe2&amp;__tn__=*NK-R\">#100a\u00f1ossembrando<\/a> <a class=\"x1i10hfl xjbqb8w x6umtig x1b1mbwd xaqea5y xav7gou x9f619 x1ypdohk xt0psk2 xe8uvvx xdj266r x11i5rnm xat24cr x1mh8g0r xexx8yu x4uap5 x18d9i69 xkhd6sd x16tdsg8 x1hl2dhg xggy1nq x1a2a7pz xt0b8zv x1qq9wsj xo1l8bm\" tabindex=\"0\" role=\"link\" href=\"https:\/\/web.facebook.com\/hashtag\/semillasdeesperanza?__eep__=6&amp;__cft__[0]=AZWCgzEkGh_u3X4Y5aSt9sic_M_zsQHV_J8GfVEJNx8-2zhTbfF1tY27PJRcdqHYNqDXuDLIeCC6f0DnTdPBgN5wX8jrDTDSr7-p4Qvrpu9eSmc55aFtzFUCpca4esyFtA3p5dHgDUJ3HasO4ltzaNe2&amp;__tn__=*NK-R\">#SemillasDeEsperanza<\/a> <a class=\"x1i10hfl xjbqb8w x6umtig x1b1mbwd xaqea5y xav7gou x9f619 x1ypdohk xt0psk2 xe8uvvx xdj266r x11i5rnm xat24cr x1mh8g0r xexx8yu x4uap5 x18d9i69 xkhd6sd x16tdsg8 x1hl2dhg xggy1nq x1a2a7pz xt0b8zv x1qq9wsj xo1l8bm\" tabindex=\"0\" role=\"link\" href=\"https:\/\/web.facebook.com\/hashtag\/semillasdefe?__eep__=6&amp;__cft__[0]=AZWCgzEkGh_u3X4Y5aSt9sic_M_zsQHV_J8GfVEJNx8-2zhTbfF1tY27PJRcdqHYNqDXuDLIeCC6f0DnTdPBgN5wX8jrDTDSr7-p4Qvrpu9eSmc55aFtzFUCpca4esyFtA3p5dHgDUJ3HasO4ltzaNe2&amp;__tn__=*NK-R\">#semillasdefe<\/a> <a class=\"x1i10hfl xjbqb8w x6umtig x1b1mbwd xaqea5y xav7gou x9f619 x1ypdohk xt0psk2 xe8uvvx xdj266r x11i5rnm xat24cr x1mh8g0r xexx8yu x4uap5 x18d9i69 xkhd6sd x16tdsg8 x1hl2dhg xggy1nq x1a2a7pz xt0b8zv x1qq9wsj xo1l8bm\" tabindex=\"0\" role=\"link\" href=\"https:\/\/web.facebook.com\/hashtag\/testimoniosdefe?__eep__=6&amp;__cft__[0]=AZWCgzEkGh_u3X4Y5aSt9sic_M_zsQHV_J8GfVEJNx8-2zhTbfF1tY27PJRcdqHYNqDXuDLIeCC6f0DnTdPBgN5wX8jrDTDSr7-p4Qvrpu9eSmc55aFtzFUCpca4esyFtA3p5dHgDUJ3HasO4ltzaNe2&amp;__tn__=*NK-R\">#TestimoniosDeFe<\/a><\/div>\n<\/div>\n<div dir=\"auto\">\n\n\t\t<style type=\"text\/css\">\n\t\t\t#gallery-1 {\n\t\t\t\tmargin: auto;\n\t\t\t}\n\t\t\t#gallery-1 .gallery-item {\n\t\t\t\tfloat: left;\n\t\t\t\tmargin-top: 10px;\n\t\t\t\ttext-align: center;\n\t\t\t\twidth: 33%;\n\t\t\t}\n\t\t\t#gallery-1 img {\n\t\t\t\tborder: 2px solid #cfcfcf;\n\t\t\t}\n\t\t\t#gallery-1 .gallery-caption {\n\t\t\t\tmargin-left: 0;\n\t\t\t}\n\t\t\t\/* see gallery_shortcode() in wp-includes\/media.php *\/\n\t\t<\/style>\n\t\t<div id='gallery-1' class='gallery galleryid-16594 gallery-columns-3 gallery-size-large'><dl class='gallery-item'>\n\t\t\t<dt class='gallery-icon landscape'>\n\t\t\t\t<a href='https:\/\/obispadodelinares.cl\/ol\/wp-content\/uploads\/2023\/06\/emergencia-climatica-campana-caritas-linares-2023.jpeg'><img fetchpriority=\"high\" decoding=\"async\" width=\"1024\" height=\"768\" src=\"https:\/\/obispadodelinares.cl\/ol\/wp-content\/uploads\/2023\/06\/emergencia-climatica-campana-caritas-linares-2023-1024x768.jpeg\" class=\"attachment-large size-large\" alt=\"\" srcset=\"https:\/\/obispadodelinares.cl\/ol\/wp-content\/uploads\/2023\/06\/emergencia-climatica-campana-caritas-linares-2023-1024x768.jpeg 1024w, https:\/\/obispadodelinares.cl\/ol\/wp-content\/uploads\/2023\/06\/emergencia-climatica-campana-caritas-linares-2023-300x225.jpeg 300w, https:\/\/obispadodelinares.cl\/ol\/wp-content\/uploads\/2023\/06\/emergencia-climatica-campana-caritas-linares-2023-768x576.jpeg 768w, https:\/\/obispadodelinares.cl\/ol\/wp-content\/uploads\/2023\/06\/emergencia-climatica-campana-caritas-linares-2023-1536x1152.jpeg 1536w, https:\/\/obispadodelinares.cl\/ol\/wp-content\/uploads\/2023\/06\/emergencia-climatica-campana-caritas-linares-2023.jpeg 1600w\" sizes=\"(max-width: 1024px) 100vw, 1024px\" \/><\/a>\n\t\t\t<\/dt><\/dl><dl class='gallery-item'>\n\t\t\t<dt class='gallery-icon landscape'>\n\t\t\t\t<a href='https:\/\/obispadodelinares.cl\/ol\/wp-content\/uploads\/2023\/06\/emergencia-climatica-campana-caritas-linares-2023_2.jpeg'><img decoding=\"async\" width=\"1024\" height=\"768\" data-src=\"https:\/\/obispadodelinares.cl\/ol\/wp-content\/uploads\/2023\/06\/emergencia-climatica-campana-caritas-linares-2023_2-1024x768.jpeg\" class=\"attachment-large size-large lazyload\" alt=\"\" data-srcset=\"https:\/\/obispadodelinares.cl\/ol\/wp-content\/uploads\/2023\/06\/emergencia-climatica-campana-caritas-linares-2023_2-1024x768.jpeg 1024w, https:\/\/obispadodelinares.cl\/ol\/wp-content\/uploads\/2023\/06\/emergencia-climatica-campana-caritas-linares-2023_2-300x225.jpeg 300w, https:\/\/obispadodelinares.cl\/ol\/wp-content\/uploads\/2023\/06\/emergencia-climatica-campana-caritas-linares-2023_2-768x576.jpeg 768w, https:\/\/obispadodelinares.cl\/ol\/wp-content\/uploads\/2023\/06\/emergencia-climatica-campana-caritas-linares-2023_2-1536x1152.jpeg 1536w, https:\/\/obispadodelinares.cl\/ol\/wp-content\/uploads\/2023\/06\/emergencia-climatica-campana-caritas-linares-2023_2.jpeg 1600w\" data-sizes=\"(max-width: 1024px) 100vw, 1024px\" src=\"data:image\/svg+xml;base64,PHN2ZyB3aWR0aD0iMSIgaGVpZ2h0PSIxIiB4bWxucz0iaHR0cDovL3d3dy53My5vcmcvMjAwMC9zdmciPjwvc3ZnPg==\" style=\"--smush-placeholder-width: 1024px; --smush-placeholder-aspect-ratio: 1024\/768;\" \/><\/a>\n\t\t\t<\/dt><\/dl><dl class='gallery-item'>\n\t\t\t<dt class='gallery-icon landscape'>\n\t\t\t\t<a href='https:\/\/obispadodelinares.cl\/ol\/wp-content\/uploads\/2023\/06\/emergencia-climatica-campana-caritas-linares-2023_3.jpeg'><img decoding=\"async\" width=\"1024\" height=\"768\" data-src=\"https:\/\/obispadodelinares.cl\/ol\/wp-content\/uploads\/2023\/06\/emergencia-climatica-campana-caritas-linares-2023_3-1024x768.jpeg\" class=\"attachment-large size-large lazyload\" alt=\"\" data-srcset=\"https:\/\/obispadodelinares.cl\/ol\/wp-content\/uploads\/2023\/06\/emergencia-climatica-campana-caritas-linares-2023_3-1024x768.jpeg 1024w, https:\/\/obispadodelinares.cl\/ol\/wp-content\/uploads\/2023\/06\/emergencia-climatica-campana-caritas-linares-2023_3-300x225.jpeg 300w, https:\/\/obispadodelinares.cl\/ol\/wp-content\/uploads\/2023\/06\/emergencia-climatica-campana-caritas-linares-2023_3-768x576.jpeg 768w, https:\/\/obispadodelinares.cl\/ol\/wp-content\/uploads\/2023\/06\/emergencia-climatica-campana-caritas-linares-2023_3-1536x1152.jpeg 1536w, https:\/\/obispadodelinares.cl\/ol\/wp-content\/uploads\/2023\/06\/emergencia-climatica-campana-caritas-linares-2023_3.jpeg 1600w\" data-sizes=\"(max-width: 1024px) 100vw, 1024px\" src=\"data:image\/svg+xml;base64,PHN2ZyB3aWR0aD0iMSIgaGVpZ2h0PSIxIiB4bWxucz0iaHR0cDovL3d3dy53My5vcmcvMjAwMC9zdmciPjwvc3ZnPg==\" style=\"--smush-placeholder-width: 1024px; --smush-placeholder-aspect-ratio: 1024\/768;\" \/><\/a>\n\t\t\t<\/dt><\/dl><br style=\"clear: both\" \/><dl class='gallery-item'>\n\t\t\t<dt class='gallery-icon landscape'>\n\t\t\t\t<a href='https:\/\/obispadodelinares.cl\/ol\/wp-content\/uploads\/2023\/06\/emergencia-climatica-campana-caritas-linares-2023_4.jpeg'><img decoding=\"async\" width=\"1024\" height=\"768\" data-src=\"https:\/\/obispadodelinares.cl\/ol\/wp-content\/uploads\/2023\/06\/emergencia-climatica-campana-caritas-linares-2023_4-1024x768.jpeg\" class=\"attachment-large size-large lazyload\" alt=\"\" data-srcset=\"https:\/\/obispadodelinares.cl\/ol\/wp-content\/uploads\/2023\/06\/emergencia-climatica-campana-caritas-linares-2023_4-1024x768.jpeg 1024w, https:\/\/obispadodelinares.cl\/ol\/wp-content\/uploads\/2023\/06\/emergencia-climatica-campana-caritas-linares-2023_4-300x225.jpeg 300w, https:\/\/obispadodelinares.cl\/ol\/wp-content\/uploads\/2023\/06\/emergencia-climatica-campana-caritas-linares-2023_4-768x576.jpeg 768w, https:\/\/obispadodelinares.cl\/ol\/wp-content\/uploads\/2023\/06\/emergencia-climatica-campana-caritas-linares-2023_4-1536x1152.jpeg 1536w, https:\/\/obispadodelinares.cl\/ol\/wp-content\/uploads\/2023\/06\/emergencia-climatica-campana-caritas-linares-2023_4.jpeg 1600w\" data-sizes=\"(max-width: 1024px) 100vw, 1024px\" src=\"data:image\/svg+xml;base64,PHN2ZyB3aWR0aD0iMSIgaGVpZ2h0PSIxIiB4bWxucz0iaHR0cDovL3d3dy53My5vcmcvMjAwMC9zdmciPjwvc3ZnPg==\" style=\"--smush-placeholder-width: 1024px; --smush-placeholder-aspect-ratio: 1024\/768;\" \/><\/a>\n\t\t\t<\/dt><\/dl>\n\t\t\t<br style='clear: both' \/>\n\t\t<\/div>\n\n<\/div>\n","protected":false},"excerpt":{"rendered":"<p>Al finalizar el recorrido el obispo se\u00f1al\u00f3: \u00abEn estos d\u00edas de tanto dolor y sufrimiento tambi\u00e9n Caritas Linares y nuestra Iglesia diocesana ha estado cerca de los hermanos y hermanas que est\u00e1n sufriendo los efectos de la emergencia clim\u00e1tica, muchos voluntarios han salido en apoyo o ayuda, se han organizado y est\u00e1n participando en diferentes [&hellip;]<\/p>\n","protected":false},"author":1,"featured_media":16595,"comment_status":"closed","ping_status":"closed","sticky":false,"template":"","format":"standard","meta":{"h5ap_radio_sources":[],"footnotes":""},"categories":[414,57],"tags":[437,151],"class_list":["post-16594","post","type-post","status-publish","format-standard","has-post-thumbnail","hentry","category-414","category-pastoral-social","tag-emergencia-climatica","tag-emergencias"],"_links":{"self":[{"href":"https:\/\/obispadodelinares.cl\/ol\/index.php?rest_route=\/wp\/v2\/posts\/16594","targetHints":{"allow":["GET"]}}],"collection":[{"href":"https:\/\/obispadodelinares.cl\/ol\/index.php?rest_route=\/wp\/v2\/posts"}],"about":[{"href":"https:\/\/obispadodelinares.cl\/ol\/index.php?rest_route=\/wp\/v2\/types\/post"}],"author":[{"embeddable":true,"href":"https:\/\/obispadodelinares.cl\/ol\/index.php?rest_route=\/wp\/v2\/users\/1"}],"replies":[{"embeddable":true,"href":"https:\/\/obispadodelinares.cl\/ol\/index.php?rest_route=%2Fwp%2Fv2%2Fcomments&post=16594"}],"version-history":[{"count":0,"href":"https:\/\/obispadodelinares.cl\/ol\/index.php?rest_route=\/wp\/v2\/posts\/16594\/revisions"}],"wp:featuredmedia":[{"embeddable":true,"href":"https:\/\/obispadodelinares.cl\/ol\/index.php?rest_route=\/wp\/v2\/media\/16595"}],"wp:attachment":[{"href":"https:\/\/obispadodelinares.cl\/ol\/index.php?rest_route=%2Fwp%2Fv2%2Fmedia&parent=16594"}],"wp:term":[{"taxonomy":"category","embeddable":true,"href":"https:\/\/obispadodelinares.cl\/ol\/index.php?rest_route=%2Fwp%2Fv2%2Fcategories&post=16594"},{"taxonomy":"post_tag","embeddable":true,"href":"https:\/\/obispadodelinares.cl\/ol\/index.php?rest_route=%2Fwp%2Fv2%2Ftags&post=16594"}],"curies":[{"name":"wp","href":"https:\/\/api.w.org\/{rel}","templated":true}]}}