{"id":16588,"date":"2023-06-25T22:42:04","date_gmt":"2023-06-25T22:42:04","guid":{"rendered":"http:\/\/obispadodelinares.cl\/ol\/?p=16588"},"modified":"2023-06-25T22:42:04","modified_gmt":"2023-06-25T22:42:04","slug":"caritas-linares-presente-en-comedores-y-albergues","status":"publish","type":"post","link":"https:\/\/obispadodelinares.cl\/ol\/?p=16588","title":{"rendered":"Caritas Linares presente en Comedores y Albergues"},"content":{"rendered":"<div dir=\"auto\"><a class=\"x1i10hfl xjbqb8w x6umtig x1b1mbwd xaqea5y xav7gou x9f619 x1ypdohk xt0psk2 xe8uvvx xdj266r x11i5rnm xat24cr x1mh8g0r xexx8yu x4uap5 x18d9i69 xkhd6sd x16tdsg8 x1hl2dhg xggy1nq x1a2a7pz xt0b8zv x1qq9wsj xo1l8bm\" tabindex=\"0\" role=\"link\" href=\"https:\/\/web.facebook.com\/caritaslinares?__cft__[0]=AZWCEjg0dDjNhkPQKzK7JV27RfgazTpBEbqzT8jQKoeskFOx3Qlo9nbOwnC1Ljq3IFQddoccb0Ge0OExGX4nZX8rZfsuX5eTmjl9q5ucahXDgO5xxy1jWPc2iA0jl42EW_HkG2MifN4i8wt35i68eVjahquhHbW_pbET8LbJHi1UlRpx6ht6Yk9nrodTLLMLki0&amp;__tn__=-]K-R\"><span class=\"xt0psk2\">Fundaci\u00f3n Caritas Linares<\/span><\/a> entrega ayuda consistente en alimentos no perecibles a voluntarios de Parroquia El Carmen <a class=\"x1i10hfl xjbqb8w x6umtig x1b1mbwd xaqea5y xav7gou x9f619 x1ypdohk xt0psk2 xe8uvvx xdj266r x11i5rnm xat24cr x1mh8g0r xexx8yu x4uap5 x18d9i69 xkhd6sd x16tdsg8 x1hl2dhg xggy1nq x1a2a7pz xt0b8zv x1qq9wsj xo1l8bm\" tabindex=\"0\" role=\"link\" href=\"https:\/\/web.facebook.com\/hashtag\/linares?__eep__=6&amp;__cft__[0]=AZWCEjg0dDjNhkPQKzK7JV27RfgazTpBEbqzT8jQKoeskFOx3Qlo9nbOwnC1Ljq3IFQddoccb0Ge0OExGX4nZX8rZfsuX5eTmjl9q5ucahXDgO5xxy1jWPc2iA0jl42EW_HkG2MifN4i8wt35i68eVjahquhHbW_pbET8LbJHi1UlRpx6ht6Yk9nrodTLLMLki0&amp;__tn__=*NK-R\">#Linares<\/a>, quienes est\u00e1n colaborando con el albergue de la Escuela Juan Mart\u00ednez de Rozas, la cual esta ubicada tras el gimansio Municipal Ignacio Carrera Pinto.<\/div>\n<div dir=\"auto\">Los voluntarios (as) preparan almuerzo para las 30 familias albergadas en el recinto.<\/div>\n<div dir=\"auto\">La ayuda entregada se financi\u00f3 con recursos provenientes de la campa\u00f1a de Cuaresma de Fraternidad del a\u00f1o 2022.<\/div>\n<div dir=\"auto\">Si desea colaborar puede hacerlo apoyando:<\/div>\n<div dir=\"auto\">CAMPA\u00d1A SOLIDARIA<\/div>\n<div dir=\"auto\">\u2022 Frente a Emergencia Clim\u00e1tica \u2022<\/div>\n<div dir=\"auto\">Con tu aporte ayudaremos a los damnificados por las inundaciones en el Maule Sur<\/div>\n<div dir=\"auto\">HAZ TU APORTE Fundaci\u00f3n C\u00e1ritas Diocesana de Linares<\/div>\n<div dir=\"auto\">Rut 75.463.400-6<\/div>\n<div dir=\"auto\">Cuenta Corriente Banco Scotiabank N\u00famero 972135984 <a class=\"x1i10hfl xjbqb8w x6umtig x1b1mbwd xaqea5y xav7gou x9f619 x1ypdohk xt0psk2 xe8uvvx xdj266r x11i5rnm xat24cr x1mh8g0r xexx8yu x4uap5 x18d9i69 xkhd6sd x16tdsg8 x1hl2dhg xggy1nq x1a2a7pz xt0b8zv x1qq9wsj xo1l8bm\" tabindex=\"0\" role=\"link\" href=\"https:\/\/web.facebook.com\/hashtag\/testimoniosdefe?__eep__=6&amp;__cft__[0]=AZWCEjg0dDjNhkPQKzK7JV27RfgazTpBEbqzT8jQKoeskFOx3Qlo9nbOwnC1Ljq3IFQddoccb0Ge0OExGX4nZX8rZfsuX5eTmjl9q5ucahXDgO5xxy1jWPc2iA0jl42EW_HkG2MifN4i8wt35i68eVjahquhHbW_pbET8LbJHi1UlRpx6ht6Yk9nrodTLLMLki0&amp;__tn__=*NK-R\">#TestimoniosDeFe<\/a> <a class=\"x1i10hfl xjbqb8w x6umtig x1b1mbwd xaqea5y xav7gou x9f619 x1ypdohk xt0psk2 xe8uvvx xdj266r x11i5rnm xat24cr x1mh8g0r xexx8yu x4uap5 x18d9i69 xkhd6sd x16tdsg8 x1hl2dhg xggy1nq x1a2a7pz xt0b8zv x1qq9wsj xo1l8bm\" tabindex=\"0\" role=\"link\" href=\"https:\/\/web.facebook.com\/hashtag\/semillasdefe?__eep__=6&amp;__cft__[0]=AZWCEjg0dDjNhkPQKzK7JV27RfgazTpBEbqzT8jQKoeskFOx3Qlo9nbOwnC1Ljq3IFQddoccb0Ge0OExGX4nZX8rZfsuX5eTmjl9q5ucahXDgO5xxy1jWPc2iA0jl42EW_HkG2MifN4i8wt35i68eVjahquhHbW_pbET8LbJHi1UlRpx6ht6Yk9nrodTLLMLki0&amp;__tn__=*NK-R\">#semillasdefe<\/a> <a class=\"x1i10hfl xjbqb8w x6umtig x1b1mbwd xaqea5y xav7gou x9f619 x1ypdohk xt0psk2 xe8uvvx xdj266r x11i5rnm xat24cr x1mh8g0r xexx8yu x4uap5 x18d9i69 xkhd6sd x16tdsg8 x1hl2dhg xggy1nq x1a2a7pz xt0b8zv x1qq9wsj xo1l8bm\" tabindex=\"0\" role=\"link\" href=\"https:\/\/web.facebook.com\/hashtag\/semillasdeesperanza?__eep__=6&amp;__cft__[0]=AZWCEjg0dDjNhkPQKzK7JV27RfgazTpBEbqzT8jQKoeskFOx3Qlo9nbOwnC1Ljq3IFQddoccb0Ge0OExGX4nZX8rZfsuX5eTmjl9q5ucahXDgO5xxy1jWPc2iA0jl42EW_HkG2MifN4i8wt35i68eVjahquhHbW_pbET8LbJHi1UlRpx6ht6Yk9nrodTLLMLki0&amp;__tn__=*NK-R\">#SemillasDeEsperanza<\/a> <a class=\"x1i10hfl xjbqb8w x6umtig x1b1mbwd xaqea5y xav7gou x9f619 x1ypdohk xt0psk2 xe8uvvx xdj266r x11i5rnm xat24cr x1mh8g0r xexx8yu x4uap5 x18d9i69 xkhd6sd x16tdsg8 x1hl2dhg xggy1nq x1a2a7pz xt0b8zv x1qq9wsj xo1l8bm\" tabindex=\"0\" role=\"link\" href=\"https:\/\/web.facebook.com\/hashtag\/100a%C3%B1osdehistoria?__eep__=6&amp;__cft__[0]=AZWCEjg0dDjNhkPQKzK7JV27RfgazTpBEbqzT8jQKoeskFOx3Qlo9nbOwnC1Ljq3IFQddoccb0Ge0OExGX4nZX8rZfsuX5eTmjl9q5ucahXDgO5xxy1jWPc2iA0jl42EW_HkG2MifN4i8wt35i68eVjahquhHbW_pbET8LbJHi1UlRpx6ht6Yk9nrodTLLMLki0&amp;__tn__=*NK-R\">#100a\u00f1osdeHistoria<\/a> <a class=\"x1i10hfl xjbqb8w x6umtig x1b1mbwd xaqea5y xav7gou x9f619 x1ypdohk xt0psk2 xe8uvvx xdj266r x11i5rnm xat24cr x1mh8g0r xexx8yu x4uap5 x18d9i69 xkhd6sd x16tdsg8 x1hl2dhg xggy1nq x1a2a7pz xt0b8zv x1qq9wsj xo1l8bm\" tabindex=\"0\" role=\"link\" href=\"https:\/\/web.facebook.com\/hashtag\/100a%C3%B1ossembrando?__eep__=6&amp;__cft__[0]=AZWCEjg0dDjNhkPQKzK7JV27RfgazTpBEbqzT8jQKoeskFOx3Qlo9nbOwnC1Ljq3IFQddoccb0Ge0OExGX4nZX8rZfsuX5eTmjl9q5ucahXDgO5xxy1jWPc2iA0jl42EW_HkG2MifN4i8wt35i68eVjahquhHbW_pbET8LbJHi1UlRpx6ht6Yk9nrodTLLMLki0&amp;__tn__=*NK-R\">#100a\u00f1ossembrando<\/a><\/div>\n<div dir=\"auto\"><\/div>\n<div dir=\"auto\">\n\n\t\t<style type=\"text\/css\">\n\t\t\t#gallery-1 {\n\t\t\t\tmargin: auto;\n\t\t\t}\n\t\t\t#gallery-1 .gallery-item {\n\t\t\t\tfloat: left;\n\t\t\t\tmargin-top: 10px;\n\t\t\t\ttext-align: center;\n\t\t\t\twidth: 33%;\n\t\t\t}\n\t\t\t#gallery-1 img {\n\t\t\t\tborder: 2px solid #cfcfcf;\n\t\t\t}\n\t\t\t#gallery-1 .gallery-caption {\n\t\t\t\tmargin-left: 0;\n\t\t\t}\n\t\t\t\/* see gallery_shortcode() in wp-includes\/media.php *\/\n\t\t<\/style>\n\t\t<div id='gallery-1' class='gallery galleryid-16588 gallery-columns-3 gallery-size-medium'><dl class='gallery-item'>\n\t\t\t<dt class='gallery-icon landscape'>\n\t\t\t\t<a href='https:\/\/obispadodelinares.cl\/ol\/wp-content\/uploads\/2023\/06\/b196f1df-51cf-4bec-822a-e03b525fda01-1.jpg'><img fetchpriority=\"high\" decoding=\"async\" width=\"300\" height=\"300\" src=\"https:\/\/obispadodelinares.cl\/ol\/wp-content\/uploads\/2023\/06\/b196f1df-51cf-4bec-822a-e03b525fda01-1-300x300.jpg\" class=\"attachment-medium size-medium\" alt=\"\" srcset=\"https:\/\/obispadodelinares.cl\/ol\/wp-content\/uploads\/2023\/06\/b196f1df-51cf-4bec-822a-e03b525fda01-1-300x300.jpg 300w, https:\/\/obispadodelinares.cl\/ol\/wp-content\/uploads\/2023\/06\/b196f1df-51cf-4bec-822a-e03b525fda01-1-1024x1024.jpg 1024w, https:\/\/obispadodelinares.cl\/ol\/wp-content\/uploads\/2023\/06\/b196f1df-51cf-4bec-822a-e03b525fda01-1-150x150.jpg 150w, https:\/\/obispadodelinares.cl\/ol\/wp-content\/uploads\/2023\/06\/b196f1df-51cf-4bec-822a-e03b525fda01-1-768x768.jpg 768w, https:\/\/obispadodelinares.cl\/ol\/wp-content\/uploads\/2023\/06\/b196f1df-51cf-4bec-822a-e03b525fda01-1.jpg 1080w\" sizes=\"(max-width: 300px) 100vw, 300px\" \/><\/a>\n\t\t\t<\/dt><\/dl><dl class='gallery-item'>\n\t\t\t<dt class='gallery-icon landscape'>\n\t\t\t\t<a href='https:\/\/obispadodelinares.cl\/ol\/wp-content\/uploads\/2023\/06\/emergencia-Climatica.jpeg'><img decoding=\"async\" width=\"300\" height=\"182\" data-src=\"https:\/\/obispadodelinares.cl\/ol\/wp-content\/uploads\/2023\/06\/emergencia-Climatica-300x182.jpeg\" class=\"attachment-medium size-medium lazyload\" alt=\"\" data-srcset=\"https:\/\/obispadodelinares.cl\/ol\/wp-content\/uploads\/2023\/06\/emergencia-Climatica-300x182.jpeg 300w, https:\/\/obispadodelinares.cl\/ol\/wp-content\/uploads\/2023\/06\/emergencia-Climatica-1024x620.jpeg 1024w, https:\/\/obispadodelinares.cl\/ol\/wp-content\/uploads\/2023\/06\/emergencia-Climatica-768x465.jpeg 768w, https:\/\/obispadodelinares.cl\/ol\/wp-content\/uploads\/2023\/06\/emergencia-Climatica.jpeg 1386w\" data-sizes=\"(max-width: 300px) 100vw, 300px\" src=\"data:image\/svg+xml;base64,PHN2ZyB3aWR0aD0iMSIgaGVpZ2h0PSIxIiB4bWxucz0iaHR0cDovL3d3dy53My5vcmcvMjAwMC9zdmciPjwvc3ZnPg==\" style=\"--smush-placeholder-width: 300px; --smush-placeholder-aspect-ratio: 300\/182;\" \/><\/a>\n\t\t\t<\/dt><\/dl><dl class='gallery-item'>\n\t\t\t<dt class='gallery-icon landscape'>\n\t\t\t\t<a href='https:\/\/obispadodelinares.cl\/ol\/wp-content\/uploads\/2023\/06\/WhatsApp-Image-2023-06-25-at-16.53.18.jpeg'><img decoding=\"async\" width=\"300\" height=\"135\" data-src=\"https:\/\/obispadodelinares.cl\/ol\/wp-content\/uploads\/2023\/06\/WhatsApp-Image-2023-06-25-at-16.53.18-300x135.jpeg\" class=\"attachment-medium size-medium lazyload\" alt=\"\" data-srcset=\"https:\/\/obispadodelinares.cl\/ol\/wp-content\/uploads\/2023\/06\/WhatsApp-Image-2023-06-25-at-16.53.18-300x135.jpeg 300w, https:\/\/obispadodelinares.cl\/ol\/wp-content\/uploads\/2023\/06\/WhatsApp-Image-2023-06-25-at-16.53.18-1024x461.jpeg 1024w, https:\/\/obispadodelinares.cl\/ol\/wp-content\/uploads\/2023\/06\/WhatsApp-Image-2023-06-25-at-16.53.18-768x346.jpeg 768w, https:\/\/obispadodelinares.cl\/ol\/wp-content\/uploads\/2023\/06\/WhatsApp-Image-2023-06-25-at-16.53.18-1536x691.jpeg 1536w, https:\/\/obispadodelinares.cl\/ol\/wp-content\/uploads\/2023\/06\/WhatsApp-Image-2023-06-25-at-16.53.18.jpeg 1600w\" data-sizes=\"(max-width: 300px) 100vw, 300px\" src=\"data:image\/svg+xml;base64,PHN2ZyB3aWR0aD0iMSIgaGVpZ2h0PSIxIiB4bWxucz0iaHR0cDovL3d3dy53My5vcmcvMjAwMC9zdmciPjwvc3ZnPg==\" style=\"--smush-placeholder-width: 300px; --smush-placeholder-aspect-ratio: 300\/135;\" \/><\/a>\n\t\t\t<\/dt><\/dl><br style=\"clear: both\" \/>\n\t\t<\/div>\n\n<\/div>\n","protected":false},"excerpt":{"rendered":"<p>Fundaci\u00f3n Caritas Linares entrega ayuda consistente en alimentos no perecibles a voluntarios de Parroquia El Carmen #Linares, quienes est\u00e1n colaborando con el albergue de la Escuela Juan Mart\u00ednez de Rozas, la cual esta ubicada tras el gimansio Municipal Ignacio Carrera Pinto. Los voluntarios (as) preparan almuerzo para las 30 familias albergadas en el recinto. La [&hellip;]<\/p>\n","protected":false},"author":1,"featured_media":16589,"comment_status":"closed","ping_status":"closed","sticky":false,"template":"","format":"standard","meta":{"h5ap_radio_sources":[],"footnotes":""},"categories":[414,57],"tags":[437,151],"class_list":["post-16588","post","type-post","status-publish","format-standard","has-post-thumbnail","hentry","category-414","category-pastoral-social","tag-emergencia-climatica","tag-emergencias"],"_links":{"self":[{"href":"https:\/\/obispadodelinares.cl\/ol\/index.php?rest_route=\/wp\/v2\/posts\/16588","targetHints":{"allow":["GET"]}}],"collection":[{"href":"https:\/\/obispadodelinares.cl\/ol\/index.php?rest_route=\/wp\/v2\/posts"}],"about":[{"href":"https:\/\/obispadodelinares.cl\/ol\/index.php?rest_route=\/wp\/v2\/types\/post"}],"author":[{"embeddable":true,"href":"https:\/\/obispadodelinares.cl\/ol\/index.php?rest_route=\/wp\/v2\/users\/1"}],"replies":[{"embeddable":true,"href":"https:\/\/obispadodelinares.cl\/ol\/index.php?rest_route=%2Fwp%2Fv2%2Fcomments&post=16588"}],"version-history":[{"count":0,"href":"https:\/\/obispadodelinares.cl\/ol\/index.php?rest_route=\/wp\/v2\/posts\/16588\/revisions"}],"wp:featuredmedia":[{"embeddable":true,"href":"https:\/\/obispadodelinares.cl\/ol\/index.php?rest_route=\/wp\/v2\/media\/16589"}],"wp:attachment":[{"href":"https:\/\/obispadodelinares.cl\/ol\/index.php?rest_route=%2Fwp%2Fv2%2Fmedia&parent=16588"}],"wp:term":[{"taxonomy":"category","embeddable":true,"href":"https:\/\/obispadodelinares.cl\/ol\/index.php?rest_route=%2Fwp%2Fv2%2Fcategories&post=16588"},{"taxonomy":"post_tag","embeddable":true,"href":"https:\/\/obispadodelinares.cl\/ol\/index.php?rest_route=%2Fwp%2Fv2%2Ftags&post=16588"}],"curies":[{"name":"wp","href":"https:\/\/api.w.org\/{rel}","templated":true}]}}