{"id":16563,"date":"2023-06-22T20:22:06","date_gmt":"2023-06-22T20:22:06","guid":{"rendered":"http:\/\/obispadodelinares.cl\/ol\/?p=16563"},"modified":"2023-06-22T20:41:41","modified_gmt":"2023-06-22T20:41:41","slug":"tercera-jornada-de-discernimiento-parroquial","status":"publish","type":"post","link":"https:\/\/obispadodelinares.cl\/ol\/?p=16563","title":{"rendered":"Tercera Jornada de Discernimiento Parroquial"},"content":{"rendered":"<div dir=\"auto\">El d\u00eda mi\u00e9rcoles 21 de junio 35 agentes pastorales, representantes de comunidades y grupos de la parroquia Mar\u00eda Auxiliadora (Salesianos), Linares, se reunieron para continuar el\u00a0 proceso de escucha-discernimiento y acci\u00f3n pastoral, en el marco del centenario de la parroquia.<\/div>\n<div dir=\"auto\">La jornada inici\u00f3 con la bienvenida y din\u00e1micas a cargo del grupo scout, luego el p\u00e1rroco P. Esteban Merino junto a los coordinadores presentaron el contexto en que se est\u00e1 desarrollando el proceso centenario.<\/div>\n<div dir=\"auto\">La metodolog\u00eda aplicada a este encuentro se bas\u00f3 en un an\u00e1lisis desde psicol\u00f3gica, presentada por Mar\u00eda Jes\u00fas Aravena Parra(Psic\u00f3loga), y comunicacional\u00a0 (presentado por el Dpto de Comunicaciones del Obispado de Linares) y el desarrollo de un ejercicio que motiv\u00f3 el moldeamiento de una vasija de arcilla, donde cada uno de los participantes pudo expresar desde su ser y sentir c\u00f3mo\u00a0 se ve en esta etapa del proceso.<\/div>\n<div dir=\"auto\">Despu\u00e9s del almuerzo fraterno el trabajo contin\u00fao con una din\u00e1mica de tarjetas en colores del sem\u00e1foro, en la que cada cual tuvo otro momento para expresar y compartir su sentir. Resultando de esto un claro an\u00e1lisis de la encuesta parroquial trabajada durante la ma\u00f1ana. Dando paso a la evaluaci\u00f3n de la jornada.<\/div>\n<div dir=\"auto\">Concluy\u00f3 este encuentro con la solemne Eucarist\u00eda donde entre los signos se ofrend\u00f3 las vasijas que cada uno molde\u00f3 en la ma\u00f1ana, conteniendo en ellas una vela encendida en el cirio pascual, signo con el que cada uno se asume portador de la Luz de Cristo en sus comunidades.<\/div>\n<div dir=\"auto\">Ecos de la Jornada, expresiones y comentarios de los participantes:<br \/>\n\u00abHoy amanec\u00ed mas feliz!!!!contenta!! Me hizo muy bien haber participado\u00bb.\u00a0\u00abFeliz de ser Iglesia que escucha y camina, bendiciones\u00bb. \u00abInteresante&#8230;amena, entretenida, nos deja.. varios desafios&#8230;Felicitaciones a este equipo por este importante trabajo y aporte para nuestra Parroquia&#8230;.Muy bien&#8230;\u00bb. \u00abSiii&#8230;muy de familia y esperanzador&#8230;gracias Se\u00f1or.\u00bb.<\/div>\n<div dir=\"auto\"><\/div>\n<div dir=\"auto\">\n\n\t\t<style type=\"text\/css\">\n\t\t\t#gallery-1 {\n\t\t\t\tmargin: auto;\n\t\t\t}\n\t\t\t#gallery-1 .gallery-item {\n\t\t\t\tfloat: left;\n\t\t\t\tmargin-top: 10px;\n\t\t\t\ttext-align: center;\n\t\t\t\twidth: 33%;\n\t\t\t}\n\t\t\t#gallery-1 img {\n\t\t\t\tborder: 2px solid #cfcfcf;\n\t\t\t}\n\t\t\t#gallery-1 .gallery-caption {\n\t\t\t\tmargin-left: 0;\n\t\t\t}\n\t\t\t\/* see gallery_shortcode() in wp-includes\/media.php *\/\n\t\t<\/style>\n\t\t<div id='gallery-1' class='gallery galleryid-16563 gallery-columns-3 gallery-size-large'><dl class='gallery-item'>\n\t\t\t<dt class='gallery-icon landscape'>\n\t\t\t\t<a href='https:\/\/obispadodelinares.cl\/ol\/wp-content\/uploads\/2023\/06\/Jornada-Parroquial-Maria-Auxiliadora-Linares-9.jpg'><img fetchpriority=\"high\" decoding=\"async\" width=\"960\" height=\"720\" src=\"https:\/\/obispadodelinares.cl\/ol\/wp-content\/uploads\/2023\/06\/Jornada-Parroquial-Maria-Auxiliadora-Linares-9.jpg\" class=\"attachment-large size-large\" alt=\"\" srcset=\"https:\/\/obispadodelinares.cl\/ol\/wp-content\/uploads\/2023\/06\/Jornada-Parroquial-Maria-Auxiliadora-Linares-9.jpg 960w, https:\/\/obispadodelinares.cl\/ol\/wp-content\/uploads\/2023\/06\/Jornada-Parroquial-Maria-Auxiliadora-Linares-9-300x225.jpg 300w, https:\/\/obispadodelinares.cl\/ol\/wp-content\/uploads\/2023\/06\/Jornada-Parroquial-Maria-Auxiliadora-Linares-9-768x576.jpg 768w\" sizes=\"(max-width: 960px) 100vw, 960px\" \/><\/a>\n\t\t\t<\/dt><\/dl><dl class='gallery-item'>\n\t\t\t<dt class='gallery-icon portrait'>\n\t\t\t\t<a href='https:\/\/obispadodelinares.cl\/ol\/wp-content\/uploads\/2023\/06\/Jornada-Parroquial-Maria-Auxiliadora-Linares-2.jpg'><img decoding=\"async\" width=\"720\" height=\"960\" data-src=\"https:\/\/obispadodelinares.cl\/ol\/wp-content\/uploads\/2023\/06\/Jornada-Parroquial-Maria-Auxiliadora-Linares-2.jpg\" class=\"attachment-large size-large lazyload\" alt=\"\" data-srcset=\"https:\/\/obispadodelinares.cl\/ol\/wp-content\/uploads\/2023\/06\/Jornada-Parroquial-Maria-Auxiliadora-Linares-2.jpg 720w, https:\/\/obispadodelinares.cl\/ol\/wp-content\/uploads\/2023\/06\/Jornada-Parroquial-Maria-Auxiliadora-Linares-2-225x300.jpg 225w\" data-sizes=\"(max-width: 720px) 100vw, 720px\" src=\"data:image\/svg+xml;base64,PHN2ZyB3aWR0aD0iMSIgaGVpZ2h0PSIxIiB4bWxucz0iaHR0cDovL3d3dy53My5vcmcvMjAwMC9zdmciPjwvc3ZnPg==\" style=\"--smush-placeholder-width: 720px; --smush-placeholder-aspect-ratio: 720\/960;\" \/><\/a>\n\t\t\t<\/dt><\/dl><dl class='gallery-item'>\n\t\t\t<dt class='gallery-icon landscape'>\n\t\t\t\t<a href='https:\/\/obispadodelinares.cl\/ol\/wp-content\/uploads\/2023\/06\/Jornada-Parroquial-Maria-Auxiliadora-Linares-10.jpg'><img decoding=\"async\" width=\"1024\" height=\"768\" data-src=\"https:\/\/obispadodelinares.cl\/ol\/wp-content\/uploads\/2023\/06\/Jornada-Parroquial-Maria-Auxiliadora-Linares-10-1024x768.jpg\" class=\"attachment-large size-large lazyload\" alt=\"\" data-srcset=\"https:\/\/obispadodelinares.cl\/ol\/wp-content\/uploads\/2023\/06\/Jornada-Parroquial-Maria-Auxiliadora-Linares-10-1024x768.jpg 1024w, https:\/\/obispadodelinares.cl\/ol\/wp-content\/uploads\/2023\/06\/Jornada-Parroquial-Maria-Auxiliadora-Linares-10-300x225.jpg 300w, https:\/\/obispadodelinares.cl\/ol\/wp-content\/uploads\/2023\/06\/Jornada-Parroquial-Maria-Auxiliadora-Linares-10-768x576.jpg 768w, https:\/\/obispadodelinares.cl\/ol\/wp-content\/uploads\/2023\/06\/Jornada-Parroquial-Maria-Auxiliadora-Linares-10-1536x1152.jpg 1536w, https:\/\/obispadodelinares.cl\/ol\/wp-content\/uploads\/2023\/06\/Jornada-Parroquial-Maria-Auxiliadora-Linares-10.jpg 2048w\" data-sizes=\"(max-width: 1024px) 100vw, 1024px\" src=\"data:image\/svg+xml;base64,PHN2ZyB3aWR0aD0iMSIgaGVpZ2h0PSIxIiB4bWxucz0iaHR0cDovL3d3dy53My5vcmcvMjAwMC9zdmciPjwvc3ZnPg==\" style=\"--smush-placeholder-width: 1024px; --smush-placeholder-aspect-ratio: 1024\/768;\" \/><\/a>\n\t\t\t<\/dt><\/dl><br style=\"clear: both\" \/><dl class='gallery-item'>\n\t\t\t<dt class='gallery-icon landscape'>\n\t\t\t\t<a href='https:\/\/obispadodelinares.cl\/ol\/wp-content\/uploads\/2023\/06\/Jornada-Parroquial-Maria-Auxiliadora-Linares-4.jpg'><img decoding=\"async\" width=\"1024\" height=\"768\" data-src=\"https:\/\/obispadodelinares.cl\/ol\/wp-content\/uploads\/2023\/06\/Jornada-Parroquial-Maria-Auxiliadora-Linares-4-1024x768.jpg\" class=\"attachment-large size-large lazyload\" alt=\"\" data-srcset=\"https:\/\/obispadodelinares.cl\/ol\/wp-content\/uploads\/2023\/06\/Jornada-Parroquial-Maria-Auxiliadora-Linares-4-1024x768.jpg 1024w, https:\/\/obispadodelinares.cl\/ol\/wp-content\/uploads\/2023\/06\/Jornada-Parroquial-Maria-Auxiliadora-Linares-4-300x225.jpg 300w, https:\/\/obispadodelinares.cl\/ol\/wp-content\/uploads\/2023\/06\/Jornada-Parroquial-Maria-Auxiliadora-Linares-4-768x576.jpg 768w, https:\/\/obispadodelinares.cl\/ol\/wp-content\/uploads\/2023\/06\/Jornada-Parroquial-Maria-Auxiliadora-Linares-4-1536x1152.jpg 1536w, https:\/\/obispadodelinares.cl\/ol\/wp-content\/uploads\/2023\/06\/Jornada-Parroquial-Maria-Auxiliadora-Linares-4.jpg 2048w\" data-sizes=\"(max-width: 1024px) 100vw, 1024px\" src=\"data:image\/svg+xml;base64,PHN2ZyB3aWR0aD0iMSIgaGVpZ2h0PSIxIiB4bWxucz0iaHR0cDovL3d3dy53My5vcmcvMjAwMC9zdmciPjwvc3ZnPg==\" style=\"--smush-placeholder-width: 1024px; --smush-placeholder-aspect-ratio: 1024\/768;\" \/><\/a>\n\t\t\t<\/dt><\/dl><dl class='gallery-item'>\n\t\t\t<dt class='gallery-icon landscape'>\n\t\t\t\t<a href='https:\/\/obispadodelinares.cl\/ol\/wp-content\/uploads\/2023\/06\/Jornada-Parroquial-Maria-Auxiliadora-Linares-3.jpg'><img decoding=\"async\" width=\"1024\" height=\"768\" data-src=\"https:\/\/obispadodelinares.cl\/ol\/wp-content\/uploads\/2023\/06\/Jornada-Parroquial-Maria-Auxiliadora-Linares-3-1024x768.jpg\" class=\"attachment-large size-large lazyload\" alt=\"\" data-srcset=\"https:\/\/obispadodelinares.cl\/ol\/wp-content\/uploads\/2023\/06\/Jornada-Parroquial-Maria-Auxiliadora-Linares-3-1024x768.jpg 1024w, https:\/\/obispadodelinares.cl\/ol\/wp-content\/uploads\/2023\/06\/Jornada-Parroquial-Maria-Auxiliadora-Linares-3-300x225.jpg 300w, https:\/\/obispadodelinares.cl\/ol\/wp-content\/uploads\/2023\/06\/Jornada-Parroquial-Maria-Auxiliadora-Linares-3-768x576.jpg 768w, https:\/\/obispadodelinares.cl\/ol\/wp-content\/uploads\/2023\/06\/Jornada-Parroquial-Maria-Auxiliadora-Linares-3-1536x1152.jpg 1536w, https:\/\/obispadodelinares.cl\/ol\/wp-content\/uploads\/2023\/06\/Jornada-Parroquial-Maria-Auxiliadora-Linares-3.jpg 2048w\" data-sizes=\"(max-width: 1024px) 100vw, 1024px\" src=\"data:image\/svg+xml;base64,PHN2ZyB3aWR0aD0iMSIgaGVpZ2h0PSIxIiB4bWxucz0iaHR0cDovL3d3dy53My5vcmcvMjAwMC9zdmciPjwvc3ZnPg==\" style=\"--smush-placeholder-width: 1024px; --smush-placeholder-aspect-ratio: 1024\/768;\" \/><\/a>\n\t\t\t<\/dt><\/dl><dl class='gallery-item'>\n\t\t\t<dt class='gallery-icon landscape'>\n\t\t\t\t<a href='https:\/\/obispadodelinares.cl\/ol\/wp-content\/uploads\/2023\/06\/Jornada-Parroquial-Maria-Auxiliadora-Linares-5.jpg'><img decoding=\"async\" width=\"1024\" height=\"768\" data-src=\"https:\/\/obispadodelinares.cl\/ol\/wp-content\/uploads\/2023\/06\/Jornada-Parroquial-Maria-Auxiliadora-Linares-5-1024x768.jpg\" class=\"attachment-large size-large lazyload\" alt=\"\" data-srcset=\"https:\/\/obispadodelinares.cl\/ol\/wp-content\/uploads\/2023\/06\/Jornada-Parroquial-Maria-Auxiliadora-Linares-5-1024x768.jpg 1024w, https:\/\/obispadodelinares.cl\/ol\/wp-content\/uploads\/2023\/06\/Jornada-Parroquial-Maria-Auxiliadora-Linares-5-300x225.jpg 300w, https:\/\/obispadodelinares.cl\/ol\/wp-content\/uploads\/2023\/06\/Jornada-Parroquial-Maria-Auxiliadora-Linares-5-768x576.jpg 768w, https:\/\/obispadodelinares.cl\/ol\/wp-content\/uploads\/2023\/06\/Jornada-Parroquial-Maria-Auxiliadora-Linares-5-1536x1152.jpg 1536w, https:\/\/obispadodelinares.cl\/ol\/wp-content\/uploads\/2023\/06\/Jornada-Parroquial-Maria-Auxiliadora-Linares-5.jpg 2048w\" data-sizes=\"(max-width: 1024px) 100vw, 1024px\" src=\"data:image\/svg+xml;base64,PHN2ZyB3aWR0aD0iMSIgaGVpZ2h0PSIxIiB4bWxucz0iaHR0cDovL3d3dy53My5vcmcvMjAwMC9zdmciPjwvc3ZnPg==\" style=\"--smush-placeholder-width: 1024px; --smush-placeholder-aspect-ratio: 1024\/768;\" \/><\/a>\n\t\t\t<\/dt><\/dl><br style=\"clear: both\" \/><dl class='gallery-item'>\n\t\t\t<dt class='gallery-icon landscape'>\n\t\t\t\t<a href='https:\/\/obispadodelinares.cl\/ol\/wp-content\/uploads\/2023\/06\/Jornada-Parroquial-Maria-Auxiliadora-Linares-6.jpg'><img decoding=\"async\" width=\"1024\" height=\"768\" data-src=\"https:\/\/obispadodelinares.cl\/ol\/wp-content\/uploads\/2023\/06\/Jornada-Parroquial-Maria-Auxiliadora-Linares-6-1024x768.jpg\" class=\"attachment-large size-large lazyload\" alt=\"\" data-srcset=\"https:\/\/obispadodelinares.cl\/ol\/wp-content\/uploads\/2023\/06\/Jornada-Parroquial-Maria-Auxiliadora-Linares-6-1024x768.jpg 1024w, https:\/\/obispadodelinares.cl\/ol\/wp-content\/uploads\/2023\/06\/Jornada-Parroquial-Maria-Auxiliadora-Linares-6-300x225.jpg 300w, https:\/\/obispadodelinares.cl\/ol\/wp-content\/uploads\/2023\/06\/Jornada-Parroquial-Maria-Auxiliadora-Linares-6-768x576.jpg 768w, https:\/\/obispadodelinares.cl\/ol\/wp-content\/uploads\/2023\/06\/Jornada-Parroquial-Maria-Auxiliadora-Linares-6-1536x1152.jpg 1536w, https:\/\/obispadodelinares.cl\/ol\/wp-content\/uploads\/2023\/06\/Jornada-Parroquial-Maria-Auxiliadora-Linares-6.jpg 2048w\" data-sizes=\"(max-width: 1024px) 100vw, 1024px\" src=\"data:image\/svg+xml;base64,PHN2ZyB3aWR0aD0iMSIgaGVpZ2h0PSIxIiB4bWxucz0iaHR0cDovL3d3dy53My5vcmcvMjAwMC9zdmciPjwvc3ZnPg==\" style=\"--smush-placeholder-width: 1024px; --smush-placeholder-aspect-ratio: 1024\/768;\" \/><\/a>\n\t\t\t<\/dt><\/dl><dl class='gallery-item'>\n\t\t\t<dt class='gallery-icon landscape'>\n\t\t\t\t<a href='https:\/\/obispadodelinares.cl\/ol\/wp-content\/uploads\/2023\/06\/Jornada-Parroquial-Maria-Auxiliadora-Linares-8.jpg'><img decoding=\"async\" width=\"1024\" height=\"768\" data-src=\"https:\/\/obispadodelinares.cl\/ol\/wp-content\/uploads\/2023\/06\/Jornada-Parroquial-Maria-Auxiliadora-Linares-8-1024x768.jpg\" class=\"attachment-large size-large lazyload\" alt=\"\" data-srcset=\"https:\/\/obispadodelinares.cl\/ol\/wp-content\/uploads\/2023\/06\/Jornada-Parroquial-Maria-Auxiliadora-Linares-8-1024x768.jpg 1024w, https:\/\/obispadodelinares.cl\/ol\/wp-content\/uploads\/2023\/06\/Jornada-Parroquial-Maria-Auxiliadora-Linares-8-300x225.jpg 300w, https:\/\/obispadodelinares.cl\/ol\/wp-content\/uploads\/2023\/06\/Jornada-Parroquial-Maria-Auxiliadora-Linares-8-768x576.jpg 768w, https:\/\/obispadodelinares.cl\/ol\/wp-content\/uploads\/2023\/06\/Jornada-Parroquial-Maria-Auxiliadora-Linares-8-1536x1152.jpg 1536w, https:\/\/obispadodelinares.cl\/ol\/wp-content\/uploads\/2023\/06\/Jornada-Parroquial-Maria-Auxiliadora-Linares-8.jpg 2048w\" data-sizes=\"(max-width: 1024px) 100vw, 1024px\" src=\"data:image\/svg+xml;base64,PHN2ZyB3aWR0aD0iMSIgaGVpZ2h0PSIxIiB4bWxucz0iaHR0cDovL3d3dy53My5vcmcvMjAwMC9zdmciPjwvc3ZnPg==\" style=\"--smush-placeholder-width: 1024px; --smush-placeholder-aspect-ratio: 1024\/768;\" \/><\/a>\n\t\t\t<\/dt><\/dl><dl class='gallery-item'>\n\t\t\t<dt class='gallery-icon landscape'>\n\t\t\t\t<a href='https:\/\/obispadodelinares.cl\/ol\/wp-content\/uploads\/2023\/06\/Jornada-Parroquial-Maria-Auxiliadora-Linares-1.jpg'><img decoding=\"async\" width=\"1024\" height=\"768\" data-src=\"https:\/\/obispadodelinares.cl\/ol\/wp-content\/uploads\/2023\/06\/Jornada-Parroquial-Maria-Auxiliadora-Linares-1-1024x768.jpg\" class=\"attachment-large size-large lazyload\" alt=\"\" data-srcset=\"https:\/\/obispadodelinares.cl\/ol\/wp-content\/uploads\/2023\/06\/Jornada-Parroquial-Maria-Auxiliadora-Linares-1-1024x768.jpg 1024w, https:\/\/obispadodelinares.cl\/ol\/wp-content\/uploads\/2023\/06\/Jornada-Parroquial-Maria-Auxiliadora-Linares-1-300x225.jpg 300w, https:\/\/obispadodelinares.cl\/ol\/wp-content\/uploads\/2023\/06\/Jornada-Parroquial-Maria-Auxiliadora-Linares-1-768x576.jpg 768w, https:\/\/obispadodelinares.cl\/ol\/wp-content\/uploads\/2023\/06\/Jornada-Parroquial-Maria-Auxiliadora-Linares-1-1536x1152.jpg 1536w, https:\/\/obispadodelinares.cl\/ol\/wp-content\/uploads\/2023\/06\/Jornada-Parroquial-Maria-Auxiliadora-Linares-1.jpg 2048w\" data-sizes=\"(max-width: 1024px) 100vw, 1024px\" src=\"data:image\/svg+xml;base64,PHN2ZyB3aWR0aD0iMSIgaGVpZ2h0PSIxIiB4bWxucz0iaHR0cDovL3d3dy53My5vcmcvMjAwMC9zdmciPjwvc3ZnPg==\" style=\"--smush-placeholder-width: 1024px; --smush-placeholder-aspect-ratio: 1024\/768;\" \/><\/a>\n\t\t\t<\/dt><\/dl><br style=\"clear: both\" \/><dl class='gallery-item'>\n\t\t\t<dt class='gallery-icon landscape'>\n\t\t\t\t<a href='https:\/\/obispadodelinares.cl\/ol\/wp-content\/uploads\/2023\/06\/Jornada-Parroquial-Maria-Auxiliadora-Linares.jpg'><img decoding=\"async\" width=\"1024\" height=\"768\" data-src=\"https:\/\/obispadodelinares.cl\/ol\/wp-content\/uploads\/2023\/06\/Jornada-Parroquial-Maria-Auxiliadora-Linares-1024x768.jpg\" class=\"attachment-large size-large lazyload\" alt=\"\" data-srcset=\"https:\/\/obispadodelinares.cl\/ol\/wp-content\/uploads\/2023\/06\/Jornada-Parroquial-Maria-Auxiliadora-Linares-1024x768.jpg 1024w, https:\/\/obispadodelinares.cl\/ol\/wp-content\/uploads\/2023\/06\/Jornada-Parroquial-Maria-Auxiliadora-Linares-300x225.jpg 300w, https:\/\/obispadodelinares.cl\/ol\/wp-content\/uploads\/2023\/06\/Jornada-Parroquial-Maria-Auxiliadora-Linares-768x576.jpg 768w, https:\/\/obispadodelinares.cl\/ol\/wp-content\/uploads\/2023\/06\/Jornada-Parroquial-Maria-Auxiliadora-Linares-1536x1152.jpg 1536w, https:\/\/obispadodelinares.cl\/ol\/wp-content\/uploads\/2023\/06\/Jornada-Parroquial-Maria-Auxiliadora-Linares.jpg 2048w\" data-sizes=\"(max-width: 1024px) 100vw, 1024px\" src=\"data:image\/svg+xml;base64,PHN2ZyB3aWR0aD0iMSIgaGVpZ2h0PSIxIiB4bWxucz0iaHR0cDovL3d3dy53My5vcmcvMjAwMC9zdmciPjwvc3ZnPg==\" style=\"--smush-placeholder-width: 1024px; --smush-placeholder-aspect-ratio: 1024\/768;\" \/><\/a>\n\t\t\t<\/dt><\/dl><dl class='gallery-item'>\n\t\t\t<dt class='gallery-icon portrait'>\n\t\t\t\t<a href='https:\/\/obispadodelinares.cl\/ol\/wp-content\/uploads\/2023\/06\/Jornada-Parroquial-Maria-Auxiliadora-Linares-7.jpg'><img decoding=\"async\" width=\"768\" height=\"1024\" data-src=\"https:\/\/obispadodelinares.cl\/ol\/wp-content\/uploads\/2023\/06\/Jornada-Parroquial-Maria-Auxiliadora-Linares-7-768x1024.jpg\" class=\"attachment-large size-large lazyload\" alt=\"\" data-srcset=\"https:\/\/obispadodelinares.cl\/ol\/wp-content\/uploads\/2023\/06\/Jornada-Parroquial-Maria-Auxiliadora-Linares-7-768x1024.jpg 768w, https:\/\/obispadodelinares.cl\/ol\/wp-content\/uploads\/2023\/06\/Jornada-Parroquial-Maria-Auxiliadora-Linares-7-225x300.jpg 225w, https:\/\/obispadodelinares.cl\/ol\/wp-content\/uploads\/2023\/06\/Jornada-Parroquial-Maria-Auxiliadora-Linares-7-1152x1536.jpg 1152w, https:\/\/obispadodelinares.cl\/ol\/wp-content\/uploads\/2023\/06\/Jornada-Parroquial-Maria-Auxiliadora-Linares-7.jpg 1536w\" data-sizes=\"(max-width: 768px) 100vw, 768px\" src=\"data:image\/svg+xml;base64,PHN2ZyB3aWR0aD0iMSIgaGVpZ2h0PSIxIiB4bWxucz0iaHR0cDovL3d3dy53My5vcmcvMjAwMC9zdmciPjwvc3ZnPg==\" style=\"--smush-placeholder-width: 768px; --smush-placeholder-aspect-ratio: 768\/1024;\" \/><\/a>\n\t\t\t<\/dt><\/dl>\n\t\t\t<br style='clear: both' \/>\n\t\t<\/div>\n\n<\/div>\n","protected":false},"excerpt":{"rendered":"<p>El d\u00eda mi\u00e9rcoles 21 de junio 35 agentes pastorales, representantes de comunidades y grupos de la parroquia Mar\u00eda Auxiliadora (Salesianos), Linares, se reunieron para continuar el\u00a0 proceso de escucha-discernimiento y acci\u00f3n pastoral, en el marco del centenario de la parroquia. La jornada inici\u00f3 con la bienvenida y din\u00e1micas a cargo del grupo scout, luego el [&hellip;]<\/p>\n","protected":false},"author":1,"featured_media":16574,"comment_status":"closed","ping_status":"closed","sticky":false,"template":"","format":"standard","meta":{"h5ap_radio_sources":[],"footnotes":""},"categories":[414,193],"tags":[436,268,114],"class_list":["post-16563","post","type-post","status-publish","format-standard","has-post-thumbnail","hentry","category-414","category-historia-diocesana","tag-discernimiento","tag-parroquia-maria-auxiliadora","tag-salesianos"],"_links":{"self":[{"href":"https:\/\/obispadodelinares.cl\/ol\/index.php?rest_route=\/wp\/v2\/posts\/16563","targetHints":{"allow":["GET"]}}],"collection":[{"href":"https:\/\/obispadodelinares.cl\/ol\/index.php?rest_route=\/wp\/v2\/posts"}],"about":[{"href":"https:\/\/obispadodelinares.cl\/ol\/index.php?rest_route=\/wp\/v2\/types\/post"}],"author":[{"embeddable":true,"href":"https:\/\/obispadodelinares.cl\/ol\/index.php?rest_route=\/wp\/v2\/users\/1"}],"replies":[{"embeddable":true,"href":"https:\/\/obispadodelinares.cl\/ol\/index.php?rest_route=%2Fwp%2Fv2%2Fcomments&post=16563"}],"version-history":[{"count":0,"href":"https:\/\/obispadodelinares.cl\/ol\/index.php?rest_route=\/wp\/v2\/posts\/16563\/revisions"}],"wp:featuredmedia":[{"embeddable":true,"href":"https:\/\/obispadodelinares.cl\/ol\/index.php?rest_route=\/wp\/v2\/media\/16574"}],"wp:attachment":[{"href":"https:\/\/obispadodelinares.cl\/ol\/index.php?rest_route=%2Fwp%2Fv2%2Fmedia&parent=16563"}],"wp:term":[{"taxonomy":"category","embeddable":true,"href":"https:\/\/obispadodelinares.cl\/ol\/index.php?rest_route=%2Fwp%2Fv2%2Fcategories&post=16563"},{"taxonomy":"post_tag","embeddable":true,"href":"https:\/\/obispadodelinares.cl\/ol\/index.php?rest_route=%2Fwp%2Fv2%2Ftags&post=16563"}],"curies":[{"name":"wp","href":"https:\/\/api.w.org\/{rel}","templated":true}]}}