{"id":16240,"date":"2023-05-22T17:22:42","date_gmt":"2023-05-22T17:22:42","guid":{"rendered":"http:\/\/obispadodelinares.cl\/ol\/?p=16240"},"modified":"2023-05-24T17:27:49","modified_gmt":"2023-05-24T17:27:49","slug":"i-congreso-sobre-vocacion-bautismal-vayan-y-hagan-discipulos-mios","status":"publish","type":"post","link":"https:\/\/obispadodelinares.cl\/ol\/?p=16240","title":{"rendered":"I Congreso sobre Vocaci\u00f3n Bautismal Vayan y hagan disc\u00edpulos m\u00edos"},"content":{"rendered":"<p><span style=\"font-weight: 400;\">El d\u00eda s\u00e1bado 20 de mayo de 2023, en el Colegio Instituto Linares se reunieron m\u00e1s de 80 personas provenientes de distintas comunidades que respondieron a la convocatoria al <\/span><b><i>1\u00b0 Congreso sobre Vocaci\u00f3n Bautismal<\/i><\/b><span style=\"font-weight: 400;\">, muchos de ellos Catequistas.<\/span><\/p>\n<p><span style=\"font-weight: 400;\">Los asistentes empezaron a llegar desde las 9:00 hrs al Colegio, una vez realizada la inscripci\u00f3n se realiz\u00f3 la Eucarist\u00eda presidida por Monse\u00f1or Tomislav Koljatic quien anim\u00f3 a los participantes a seguir profundizando en su vocaci\u00f3n al servicio de la comunidad y la edificaci\u00f3n de la fe en tantas personas que lo requieren, creciendo en la conciencia de su vocaci\u00f3n bautismal y viviendo corresponsablemente la misi\u00f3n evangelizadora De la Iglesia. Luego de la Eucarist\u00eda, un momento para compartir el desayuno, momento de fraternidad que ayud\u00f3 a pasar el frio de la ma\u00f1ana.<\/span><\/p>\n<p><b>Presentaci\u00f3n del tema central<\/b><\/p>\n<p><span style=\"font-weight: 400;\">El Evangelio de Mateo cap\u00edtulo 5, sobre la Sal y Luz del mundo, fue el eje formativo de esta jornada, en esta lectura orante animada por el P. Ra\u00fal Moris responsable Diocesano de Formaci\u00f3n, dio pie para comprender la triple vocaci\u00f3n recibida en el bautismo (sacerdote, profeta y rey) bajo dos im\u00e1genes, la Sal que da sabor a la vida del cristiano, que tambi\u00e9n asume la labor de cuidar la tierra y preservarla, junto a la Luz que tiene como misi\u00f3n iluminar nuestra realidad poniendo la misericordia de Dios en nuestras relaciones y espacios.<\/span><\/p>\n<p><span style=\"font-weight: 400;\">Con estos conocimientos en la mente y coraz\u00f3n de los asistentes se dio el siguiente paso que era 3 trabajos comunitarios donde el ejercicio del discernimiento fue la metodolog\u00eda propuesta, el fruto de este ejercicio fue un material confeccionado por las comunidades donde plasmaban sus respuestas de forma original y pl\u00e1stica, ten\u00edan a disposici\u00f3n una serie de materiales para crear lo que quisieran, lo importante es que fuera novedoso y creativo, lo que dio como resultado una experiencia nueva, en la forma de dialogar, de conseguir objetivos comunes, ponerse de acuerdo, construir consensos, comprender y valorar los talentos y habilidades de los miembros de la comunidad, de aprender a escuchar y plantear caminos a seguir seg\u00fan el rol de cada uno, es decir un ejercicio org\u00e1nico y corresponsable, todos estos elementos necesarios y valioso para ir construyendo juntos una Iglesia m\u00e1s sinodal, este era uno de los objetivos de este congreso. Nuestros esfuerzos por ir construyendo juntos una Iglesia m\u00e1s al estilo de Jes\u00fas es por medio de una atenci\u00f3n especial a la escucha del Esp\u00edritu Santo quien impulsa todos estos esfuerzos evangelizadores.<\/span><\/p>\n<p><span style=\"font-weight: 400;\">La jornada termino con un plenario donde se expusieron todos los trabajos, cada grupo expuso su experiencia, para finalizar con un break con una rica torta que nos regal\u00f3 la comunidad educativa del Instituto Linares, quienes, una vez m\u00e1s fueron unos grandes anfitriones. Los asistentes retornaron a sus hogares, agradecidos de la experiencia y con motivaci\u00f3n para seguir sirviendo en sus comunidades.\u00a0<\/span><\/p>\n<p><b>Agradecimientos<\/b><\/p>\n<p><span style=\"font-weight: 400;\">Como equipo organizador, agradecemos la participaci\u00f3n de todos los asistentes, quienes sorteando diferentes obst\u00e1culos quisieron participar con alegr\u00eda y entusiasmos, este esfuerzo de varios Departamentos del Obispado de Linares se alcanz\u00f3 con varias reuniones de trabajo y el apoyo de nuestro Obispo. Fue el 1\u00b0 Congreso sobre Vocaci\u00f3n Bautismal, confiamos en Dios que este impulso seguir\u00e1 hasta que podamos decir con seguridad que la Vocaci\u00f3n Bautismal es un Don querido por Dios y asumido por cada uno de nosotros de forma madura y al servicio de la comunidad.<\/span><\/p>\n\n\t\t<style>\n\t\t\t#gallery-1 {\n\t\t\t\tmargin: auto;\n\t\t\t}\n\t\t\t#gallery-1 .gallery-item {\n\t\t\t\tfloat: left;\n\t\t\t\tmargin-top: 10px;\n\t\t\t\ttext-align: center;\n\t\t\t\twidth: 33%;\n\t\t\t}\n\t\t\t#gallery-1 img {\n\t\t\t\tborder: 2px solid #cfcfcf;\n\t\t\t}\n\t\t\t#gallery-1 .gallery-caption {\n\t\t\t\tmargin-left: 0;\n\t\t\t}\n\t\t\t\/* see gallery_shortcode() in wp-includes\/media.php *\/\n\t\t<\/style>\n\t\t<div id='gallery-1' class='gallery galleryid-16240 gallery-columns-3 gallery-size-large'><dl class='gallery-item'>\n\t\t\t<dt class='gallery-icon landscape'>\n\t\t\t\t<a href='https:\/\/obispadodelinares.cl\/ol\/wp-content\/uploads\/2023\/05\/05490937-E983-4B88-8171-F0FFC96B42EA.png'><img fetchpriority=\"high\" decoding=\"async\" width=\"1024\" height=\"576\" src=\"https:\/\/obispadodelinares.cl\/ol\/wp-content\/uploads\/2023\/05\/05490937-E983-4B88-8171-F0FFC96B42EA.png\" class=\"attachment-large size-large\" alt=\"\" srcset=\"https:\/\/obispadodelinares.cl\/ol\/wp-content\/uploads\/2023\/05\/05490937-E983-4B88-8171-F0FFC96B42EA.png 1024w, https:\/\/obispadodelinares.cl\/ol\/wp-content\/uploads\/2023\/05\/05490937-E983-4B88-8171-F0FFC96B42EA-300x169.png 300w, https:\/\/obispadodelinares.cl\/ol\/wp-content\/uploads\/2023\/05\/05490937-E983-4B88-8171-F0FFC96B42EA-768x432.png 768w\" sizes=\"(max-width: 1024px) 100vw, 1024px\" \/><\/a>\n\t\t\t<\/dt><\/dl><dl class='gallery-item'>\n\t\t\t<dt class='gallery-icon landscape'>\n\t\t\t\t<a href='https:\/\/obispadodelinares.cl\/ol\/wp-content\/uploads\/2023\/05\/62A9DD8A-D756-4051-A1CD-524B601D170F.png'><img decoding=\"async\" width=\"1024\" height=\"576\" data-src=\"https:\/\/obispadodelinares.cl\/ol\/wp-content\/uploads\/2023\/05\/62A9DD8A-D756-4051-A1CD-524B601D170F.png\" class=\"attachment-large size-large lazyload\" alt=\"\" data-srcset=\"https:\/\/obispadodelinares.cl\/ol\/wp-content\/uploads\/2023\/05\/62A9DD8A-D756-4051-A1CD-524B601D170F.png 1024w, https:\/\/obispadodelinares.cl\/ol\/wp-content\/uploads\/2023\/05\/62A9DD8A-D756-4051-A1CD-524B601D170F-300x169.png 300w, https:\/\/obispadodelinares.cl\/ol\/wp-content\/uploads\/2023\/05\/62A9DD8A-D756-4051-A1CD-524B601D170F-768x432.png 768w\" data-sizes=\"(max-width: 1024px) 100vw, 1024px\" src=\"data:image\/svg+xml;base64,PHN2ZyB3aWR0aD0iMSIgaGVpZ2h0PSIxIiB4bWxucz0iaHR0cDovL3d3dy53My5vcmcvMjAwMC9zdmciPjwvc3ZnPg==\" style=\"--smush-placeholder-width: 1024px; --smush-placeholder-aspect-ratio: 1024\/576;\" \/><\/a>\n\t\t\t<\/dt><\/dl><dl class='gallery-item'>\n\t\t\t<dt class='gallery-icon landscape'>\n\t\t\t\t<a href='https:\/\/obispadodelinares.cl\/ol\/wp-content\/uploads\/2023\/05\/05490937-E983-4B88-8171-F0FFC96B42EA-1.png'><img decoding=\"async\" width=\"1024\" height=\"576\" data-src=\"https:\/\/obispadodelinares.cl\/ol\/wp-content\/uploads\/2023\/05\/05490937-E983-4B88-8171-F0FFC96B42EA-1.png\" class=\"attachment-large size-large lazyload\" alt=\"\" data-srcset=\"https:\/\/obispadodelinares.cl\/ol\/wp-content\/uploads\/2023\/05\/05490937-E983-4B88-8171-F0FFC96B42EA-1.png 1024w, https:\/\/obispadodelinares.cl\/ol\/wp-content\/uploads\/2023\/05\/05490937-E983-4B88-8171-F0FFC96B42EA-1-300x169.png 300w, https:\/\/obispadodelinares.cl\/ol\/wp-content\/uploads\/2023\/05\/05490937-E983-4B88-8171-F0FFC96B42EA-1-768x432.png 768w\" data-sizes=\"(max-width: 1024px) 100vw, 1024px\" src=\"data:image\/svg+xml;base64,PHN2ZyB3aWR0aD0iMSIgaGVpZ2h0PSIxIiB4bWxucz0iaHR0cDovL3d3dy53My5vcmcvMjAwMC9zdmciPjwvc3ZnPg==\" style=\"--smush-placeholder-width: 1024px; --smush-placeholder-aspect-ratio: 1024\/576;\" \/><\/a>\n\t\t\t<\/dt><\/dl><br style=\"clear: both\" \/><dl class='gallery-item'>\n\t\t\t<dt class='gallery-icon landscape'>\n\t\t\t\t<a href='https:\/\/obispadodelinares.cl\/ol\/wp-content\/uploads\/2023\/05\/8037701D-DB2F-4BB6-BE7E-1A46B9B3C3B6.png'><img decoding=\"async\" width=\"1024\" height=\"576\" data-src=\"https:\/\/obispadodelinares.cl\/ol\/wp-content\/uploads\/2023\/05\/8037701D-DB2F-4BB6-BE7E-1A46B9B3C3B6.png\" class=\"attachment-large size-large lazyload\" alt=\"\" data-srcset=\"https:\/\/obispadodelinares.cl\/ol\/wp-content\/uploads\/2023\/05\/8037701D-DB2F-4BB6-BE7E-1A46B9B3C3B6.png 1024w, https:\/\/obispadodelinares.cl\/ol\/wp-content\/uploads\/2023\/05\/8037701D-DB2F-4BB6-BE7E-1A46B9B3C3B6-300x169.png 300w, https:\/\/obispadodelinares.cl\/ol\/wp-content\/uploads\/2023\/05\/8037701D-DB2F-4BB6-BE7E-1A46B9B3C3B6-768x432.png 768w\" data-sizes=\"(max-width: 1024px) 100vw, 1024px\" src=\"data:image\/svg+xml;base64,PHN2ZyB3aWR0aD0iMSIgaGVpZ2h0PSIxIiB4bWxucz0iaHR0cDovL3d3dy53My5vcmcvMjAwMC9zdmciPjwvc3ZnPg==\" style=\"--smush-placeholder-width: 1024px; --smush-placeholder-aspect-ratio: 1024\/576;\" \/><\/a>\n\t\t\t<\/dt><\/dl><dl class='gallery-item'>\n\t\t\t<dt class='gallery-icon landscape'>\n\t\t\t\t<a href='https:\/\/obispadodelinares.cl\/ol\/wp-content\/uploads\/2023\/05\/B6739ADD-DCD0-4DFD-90D3-2FEDC5098101.png'><img decoding=\"async\" width=\"1024\" height=\"576\" data-src=\"https:\/\/obispadodelinares.cl\/ol\/wp-content\/uploads\/2023\/05\/B6739ADD-DCD0-4DFD-90D3-2FEDC5098101.png\" class=\"attachment-large size-large lazyload\" alt=\"\" data-srcset=\"https:\/\/obispadodelinares.cl\/ol\/wp-content\/uploads\/2023\/05\/B6739ADD-DCD0-4DFD-90D3-2FEDC5098101.png 1024w, https:\/\/obispadodelinares.cl\/ol\/wp-content\/uploads\/2023\/05\/B6739ADD-DCD0-4DFD-90D3-2FEDC5098101-300x169.png 300w, https:\/\/obispadodelinares.cl\/ol\/wp-content\/uploads\/2023\/05\/B6739ADD-DCD0-4DFD-90D3-2FEDC5098101-768x432.png 768w\" data-sizes=\"(max-width: 1024px) 100vw, 1024px\" src=\"data:image\/svg+xml;base64,PHN2ZyB3aWR0aD0iMSIgaGVpZ2h0PSIxIiB4bWxucz0iaHR0cDovL3d3dy53My5vcmcvMjAwMC9zdmciPjwvc3ZnPg==\" style=\"--smush-placeholder-width: 1024px; --smush-placeholder-aspect-ratio: 1024\/576;\" \/><\/a>\n\t\t\t<\/dt><\/dl><dl class='gallery-item'>\n\t\t\t<dt class='gallery-icon landscape'>\n\t\t\t\t<a href='https:\/\/obispadodelinares.cl\/ol\/wp-content\/uploads\/2023\/05\/ED2E3EA7-3F3B-44C1-8E37-EA16E3C067DF.png'><img decoding=\"async\" width=\"1024\" height=\"576\" data-src=\"https:\/\/obispadodelinares.cl\/ol\/wp-content\/uploads\/2023\/05\/ED2E3EA7-3F3B-44C1-8E37-EA16E3C067DF.png\" class=\"attachment-large size-large lazyload\" alt=\"\" data-srcset=\"https:\/\/obispadodelinares.cl\/ol\/wp-content\/uploads\/2023\/05\/ED2E3EA7-3F3B-44C1-8E37-EA16E3C067DF.png 1024w, https:\/\/obispadodelinares.cl\/ol\/wp-content\/uploads\/2023\/05\/ED2E3EA7-3F3B-44C1-8E37-EA16E3C067DF-300x169.png 300w, https:\/\/obispadodelinares.cl\/ol\/wp-content\/uploads\/2023\/05\/ED2E3EA7-3F3B-44C1-8E37-EA16E3C067DF-768x432.png 768w\" data-sizes=\"(max-width: 1024px) 100vw, 1024px\" src=\"data:image\/svg+xml;base64,PHN2ZyB3aWR0aD0iMSIgaGVpZ2h0PSIxIiB4bWxucz0iaHR0cDovL3d3dy53My5vcmcvMjAwMC9zdmciPjwvc3ZnPg==\" style=\"--smush-placeholder-width: 1024px; --smush-placeholder-aspect-ratio: 1024\/576;\" \/><\/a>\n\t\t\t<\/dt><\/dl><br style=\"clear: both\" \/>\n\t\t<\/div>\n\n\n\t\t<style>\n\t\t\t#gallery-2 {\n\t\t\t\tmargin: auto;\n\t\t\t}\n\t\t\t#gallery-2 .gallery-item {\n\t\t\t\tfloat: left;\n\t\t\t\tmargin-top: 10px;\n\t\t\t\ttext-align: center;\n\t\t\t\twidth: 33%;\n\t\t\t}\n\t\t\t#gallery-2 img {\n\t\t\t\tborder: 2px solid #cfcfcf;\n\t\t\t}\n\t\t\t#gallery-2 .gallery-caption {\n\t\t\t\tmargin-left: 0;\n\t\t\t}\n\t\t\t\/* see gallery_shortcode() in wp-includes\/media.php *\/\n\t\t<\/style>\n\t\t<div id='gallery-2' class='gallery galleryid-16240 gallery-columns-3 gallery-size-large'><dl class='gallery-item'>\n\t\t\t<dt class='gallery-icon '>\n\t\t\t\t<a href='https:\/\/obispadodelinares.cl\/ol\/wp-content\/uploads\/2023\/05\/62A9DD8A-D756-4051-A1CD-524B601D170F.heic'><img loading=\"lazy\" decoding=\"async\" width=\"1\" height=\"1\" src=\"https:\/\/obispadodelinares.cl\/ol\/wp-content\/uploads\/2023\/05\/62A9DD8A-D756-4051-A1CD-524B601D170F.heic\" class=\"attachment-large size-large\" alt=\"\" \/><\/a>\n\t\t\t<\/dt><\/dl><dl class='gallery-item'>\n\t\t\t<dt class='gallery-icon '>\n\t\t\t\t<a href='https:\/\/obispadodelinares.cl\/ol\/wp-content\/uploads\/2023\/05\/05490937-E983-4B88-8171-F0FFC96B42EA-1.heic'><img loading=\"lazy\" decoding=\"async\" width=\"1\" height=\"1\" src=\"https:\/\/obispadodelinares.cl\/ol\/wp-content\/uploads\/2023\/05\/05490937-E983-4B88-8171-F0FFC96B42EA-1.heic\" class=\"attachment-large size-large\" alt=\"\" \/><\/a>\n\t\t\t<\/dt><\/dl><dl class='gallery-item'>\n\t\t\t<dt class='gallery-icon '>\n\t\t\t\t<a href='https:\/\/obispadodelinares.cl\/ol\/wp-content\/uploads\/2023\/05\/8037701D-DB2F-4BB6-BE7E-1A46B9B3C3B6.heic'><img loading=\"lazy\" decoding=\"async\" width=\"1\" height=\"1\" src=\"https:\/\/obispadodelinares.cl\/ol\/wp-content\/uploads\/2023\/05\/8037701D-DB2F-4BB6-BE7E-1A46B9B3C3B6.heic\" class=\"attachment-large size-large\" alt=\"\" \/><\/a>\n\t\t\t<\/dt><\/dl><br style=\"clear: both\" \/><dl class='gallery-item'>\n\t\t\t<dt class='gallery-icon '>\n\t\t\t\t<a href='https:\/\/obispadodelinares.cl\/ol\/wp-content\/uploads\/2023\/05\/B6739ADD-DCD0-4DFD-90D3-2FEDC5098101.heic'><img loading=\"lazy\" decoding=\"async\" width=\"1\" height=\"1\" src=\"https:\/\/obispadodelinares.cl\/ol\/wp-content\/uploads\/2023\/05\/B6739ADD-DCD0-4DFD-90D3-2FEDC5098101.heic\" class=\"attachment-large size-large\" alt=\"\" \/><\/a>\n\t\t\t<\/dt><\/dl><dl class='gallery-item'>\n\t\t\t<dt class='gallery-icon '>\n\t\t\t\t<a href='https:\/\/obispadodelinares.cl\/ol\/wp-content\/uploads\/2023\/05\/ED2E3EA7-3F3B-44C1-8E37-EA16E3C067DF.heic'><img loading=\"lazy\" decoding=\"async\" width=\"1\" height=\"1\" src=\"https:\/\/obispadodelinares.cl\/ol\/wp-content\/uploads\/2023\/05\/ED2E3EA7-3F3B-44C1-8E37-EA16E3C067DF.heic\" class=\"attachment-large size-large\" alt=\"\" \/><\/a>\n\t\t\t<\/dt><\/dl>\n\t\t\t<br style='clear: both' \/>\n\t\t<\/div>\n\n","protected":false},"excerpt":{"rendered":"<p>El d\u00eda s\u00e1bado 20 de mayo de 2023, en el Colegio Instituto Linares se reunieron m\u00e1s de 80 personas provenientes de distintas comunidades que respondieron a la convocatoria al 1\u00b0 Congreso sobre Vocaci\u00f3n Bautismal, muchos de ellos Catequistas. Los asistentes empezaron a llegar desde las 9:00 hrs al Colegio, una vez realizada la inscripci\u00f3n se [&hellip;]<\/p>\n","protected":false},"author":1,"featured_media":16247,"comment_status":"closed","ping_status":"closed","sticky":false,"template":"","format":"standard","meta":{"h5ap_radio_sources":[],"footnotes":""},"categories":[414,118],"tags":[169],"class_list":["post-16240","post","type-post","status-publish","format-standard","has-post-thumbnail","hentry","category-414","category-catequesis","tag-catequesis"],"_links":{"self":[{"href":"https:\/\/obispadodelinares.cl\/ol\/index.php?rest_route=\/wp\/v2\/posts\/16240","targetHints":{"allow":["GET"]}}],"collection":[{"href":"https:\/\/obispadodelinares.cl\/ol\/index.php?rest_route=\/wp\/v2\/posts"}],"about":[{"href":"https:\/\/obispadodelinares.cl\/ol\/index.php?rest_route=\/wp\/v2\/types\/post"}],"author":[{"embeddable":true,"href":"https:\/\/obispadodelinares.cl\/ol\/index.php?rest_route=\/wp\/v2\/users\/1"}],"replies":[{"embeddable":true,"href":"https:\/\/obispadodelinares.cl\/ol\/index.php?rest_route=%2Fwp%2Fv2%2Fcomments&post=16240"}],"version-history":[{"count":0,"href":"https:\/\/obispadodelinares.cl\/ol\/index.php?rest_route=\/wp\/v2\/posts\/16240\/revisions"}],"wp:featuredmedia":[{"embeddable":true,"href":"https:\/\/obispadodelinares.cl\/ol\/index.php?rest_route=\/wp\/v2\/media\/16247"}],"wp:attachment":[{"href":"https:\/\/obispadodelinares.cl\/ol\/index.php?rest_route=%2Fwp%2Fv2%2Fmedia&parent=16240"}],"wp:term":[{"taxonomy":"category","embeddable":true,"href":"https:\/\/obispadodelinares.cl\/ol\/index.php?rest_route=%2Fwp%2Fv2%2Fcategories&post=16240"},{"taxonomy":"post_tag","embeddable":true,"href":"https:\/\/obispadodelinares.cl\/ol\/index.php?rest_route=%2Fwp%2Fv2%2Ftags&post=16240"}],"curies":[{"name":"wp","href":"https:\/\/api.w.org\/{rel}","templated":true}]}}