{"id":16187,"date":"2023-05-04T21:07:23","date_gmt":"2023-05-04T21:07:23","guid":{"rendered":"http:\/\/obispadodelinares.cl\/ol\/?p=16187"},"modified":"2023-05-04T21:07:23","modified_gmt":"2023-05-04T21:07:23","slug":"viva-la-cruz-de-mayo","status":"publish","type":"post","link":"https:\/\/obispadodelinares.cl\/ol\/?p=16187","title":{"rendered":"Viva la Cruz de Mayo"},"content":{"rendered":"<p>En la comunidad Santo Domingo de Coihueco, sector Lagunillas, en la Comuna de Chanco, con devoci\u00f3n y mucho respeto honraron la tradicional \u201cCruz de Mayo\u201d, despu\u00e9s de la procesi\u00f3n se realiz\u00f3 la quema de la Cruz, entonando cantos y antiguas oraciones.<br \/>\nComo manda la tradici\u00f3n cada 3 de mayo, el p\u00e1rroco P. Francisco Hormazabal, acompa\u00f1ado por la comunidad reviven la costumbre de vestir y quemar la Cruz de Mayo. En esta celebraci\u00f3n participaron adultos mayores, Huasos de la localidad en sus cabalgaduras, j\u00f3venes y ni\u00f1os que, son los llamados a mantener viva estas tradiciones tan arraigadas en nuestro campo chileno. Que nos recuerda que el Se\u00f1or padeci\u00f3 en el madero, pero tambi\u00e9n resucit\u00f3 para darnos nueva vida eterna. Concluida la procesi\u00f3n y la quema de la cruz adornada por la comunidad, se degust\u00f3 una rica once, momento fraterno y de camarader\u00eda, se agradece a todos los que colaboraron para esta hermosa fiesta en comunidad.<br \/>\nCabe se\u00f1alar que esta antigua tradici\u00f3n se revive en distintos sectores de la Di\u00f3cesis de Linares, especialmente en las zonas rurales y precordilleranas.<\/p>\n<p><a class=\"x1i10hfl xjbqb8w x6umtig x1b1mbwd xaqea5y xav7gou x9f619 x1ypdohk xt0psk2 xe8uvvx xdj266r x11i5rnm xat24cr x1mh8g0r xexx8yu x4uap5 x18d9i69 xkhd6sd x16tdsg8 x1hl2dhg xggy1nq x1a2a7pz xt0b8zv x1qq9wsj xo1l8bm\" tabindex=\"0\" role=\"link\" href=\"https:\/\/web.facebook.com\/hashtag\/100a%C3%B1ossembrando?__eep__=6&amp;__cft__[0]=AZVMEOpI-58ff9oLdvMJA9_MmqqJ-12r8x0pkp5Wrbrhed3I2MZLURfD_gaW2y83Ume7P_dVX-OyEPv2guOTChV6IHEA7Qn5k_qp1dJvJsphIzkWT3S00yUXczOQjvVHiyM&amp;__tn__=*NK-R\">#100a\u00f1ossembrando<\/a> <a class=\"x1i10hfl xjbqb8w x6umtig x1b1mbwd xaqea5y xav7gou x9f619 x1ypdohk xt0psk2 xe8uvvx xdj266r x11i5rnm xat24cr x1mh8g0r xexx8yu x4uap5 x18d9i69 xkhd6sd x16tdsg8 x1hl2dhg xggy1nq x1a2a7pz xt0b8zv x1qq9wsj xo1l8bm\" tabindex=\"0\" role=\"link\" href=\"https:\/\/web.facebook.com\/hashtag\/semillasdeesperanza?__eep__=6&amp;__cft__[0]=AZVMEOpI-58ff9oLdvMJA9_MmqqJ-12r8x0pkp5Wrbrhed3I2MZLURfD_gaW2y83Ume7P_dVX-OyEPv2guOTChV6IHEA7Qn5k_qp1dJvJsphIzkWT3S00yUXczOQjvVHiyM&amp;__tn__=*NK-R\">#semillasdeesperanza<\/a> <a class=\"x1i10hfl xjbqb8w x6umtig x1b1mbwd xaqea5y xav7gou x9f619 x1ypdohk xt0psk2 xe8uvvx xdj266r x11i5rnm xat24cr x1mh8g0r xexx8yu x4uap5 x18d9i69 xkhd6sd x16tdsg8 x1hl2dhg xggy1nq x1a2a7pz xt0b8zv x1qq9wsj xo1l8bm\" tabindex=\"0\" role=\"link\" href=\"https:\/\/web.facebook.com\/hashtag\/semillasdefe?__eep__=6&amp;__cft__[0]=AZVMEOpI-58ff9oLdvMJA9_MmqqJ-12r8x0pkp5Wrbrhed3I2MZLURfD_gaW2y83Ume7P_dVX-OyEPv2guOTChV6IHEA7Qn5k_qp1dJvJsphIzkWT3S00yUXczOQjvVHiyM&amp;__tn__=*NK-R\">#semillasdefe<\/a> <a class=\"x1i10hfl xjbqb8w x6umtig x1b1mbwd xaqea5y xav7gou x9f619 x1ypdohk xt0psk2 xe8uvvx xdj266r x11i5rnm xat24cr x1mh8g0r xexx8yu x4uap5 x18d9i69 xkhd6sd x16tdsg8 x1hl2dhg xggy1nq x1a2a7pz xt0b8zv x1qq9wsj xo1l8bm\" tabindex=\"0\" role=\"link\" href=\"https:\/\/web.facebook.com\/hashtag\/testimoniosdefe?__eep__=6&amp;__cft__[0]=AZVMEOpI-58ff9oLdvMJA9_MmqqJ-12r8x0pkp5Wrbrhed3I2MZLURfD_gaW2y83Ume7P_dVX-OyEPv2guOTChV6IHEA7Qn5k_qp1dJvJsphIzkWT3S00yUXczOQjvVHiyM&amp;__tn__=*NK-R\">#TestimoniosDeFe<\/a><\/p>\n\n\t\t<style type=\"text\/css\">\n\t\t\t#gallery-1 {\n\t\t\t\tmargin: auto;\n\t\t\t}\n\t\t\t#gallery-1 .gallery-item {\n\t\t\t\tfloat: left;\n\t\t\t\tmargin-top: 10px;\n\t\t\t\ttext-align: center;\n\t\t\t\twidth: 33%;\n\t\t\t}\n\t\t\t#gallery-1 img {\n\t\t\t\tborder: 2px solid #cfcfcf;\n\t\t\t}\n\t\t\t#gallery-1 .gallery-caption {\n\t\t\t\tmargin-left: 0;\n\t\t\t}\n\t\t\t\/* see gallery_shortcode() in wp-includes\/media.php *\/\n\t\t<\/style>\n\t\t<div id='gallery-1' class='gallery galleryid-16187 gallery-columns-3 gallery-size-large'><dl class='gallery-item'>\n\t\t\t<dt class='gallery-icon portrait'>\n\t\t\t\t<a href='https:\/\/obispadodelinares.cl\/ol\/wp-content\/uploads\/2023\/05\/Cruz-de-Mayo-en-Chanco-1.jpeg'><img fetchpriority=\"high\" decoding=\"async\" width=\"768\" height=\"1024\" src=\"https:\/\/obispadodelinares.cl\/ol\/wp-content\/uploads\/2023\/05\/Cruz-de-Mayo-en-Chanco-1-768x1024.jpeg\" class=\"attachment-large size-large\" alt=\"\" srcset=\"https:\/\/obispadodelinares.cl\/ol\/wp-content\/uploads\/2023\/05\/Cruz-de-Mayo-en-Chanco-1-768x1024.jpeg 768w, https:\/\/obispadodelinares.cl\/ol\/wp-content\/uploads\/2023\/05\/Cruz-de-Mayo-en-Chanco-1-225x300.jpeg 225w, https:\/\/obispadodelinares.cl\/ol\/wp-content\/uploads\/2023\/05\/Cruz-de-Mayo-en-Chanco-1.jpeg 960w\" sizes=\"(max-width: 768px) 100vw, 768px\" \/><\/a>\n\t\t\t<\/dt><\/dl><dl class='gallery-item'>\n\t\t\t<dt class='gallery-icon portrait'>\n\t\t\t\t<a href='https:\/\/obispadodelinares.cl\/ol\/wp-content\/uploads\/2023\/05\/Cruz-de-Mayo-en-Chanco-2.jpeg'><img decoding=\"async\" width=\"768\" height=\"1024\" data-src=\"https:\/\/obispadodelinares.cl\/ol\/wp-content\/uploads\/2023\/05\/Cruz-de-Mayo-en-Chanco-2-768x1024.jpeg\" class=\"attachment-large size-large lazyload\" alt=\"\" data-srcset=\"https:\/\/obispadodelinares.cl\/ol\/wp-content\/uploads\/2023\/05\/Cruz-de-Mayo-en-Chanco-2-768x1024.jpeg 768w, https:\/\/obispadodelinares.cl\/ol\/wp-content\/uploads\/2023\/05\/Cruz-de-Mayo-en-Chanco-2-225x300.jpeg 225w, https:\/\/obispadodelinares.cl\/ol\/wp-content\/uploads\/2023\/05\/Cruz-de-Mayo-en-Chanco-2-1152x1536.jpeg 1152w, https:\/\/obispadodelinares.cl\/ol\/wp-content\/uploads\/2023\/05\/Cruz-de-Mayo-en-Chanco-2.jpeg 1200w\" data-sizes=\"(max-width: 768px) 100vw, 768px\" src=\"data:image\/svg+xml;base64,PHN2ZyB3aWR0aD0iMSIgaGVpZ2h0PSIxIiB4bWxucz0iaHR0cDovL3d3dy53My5vcmcvMjAwMC9zdmciPjwvc3ZnPg==\" style=\"--smush-placeholder-width: 768px; --smush-placeholder-aspect-ratio: 768\/1024;\" \/><\/a>\n\t\t\t<\/dt><\/dl><dl class='gallery-item'>\n\t\t\t<dt class='gallery-icon portrait'>\n\t\t\t\t<a href='https:\/\/obispadodelinares.cl\/ol\/wp-content\/uploads\/2023\/05\/Cruz-de-Mayo-en-Chanco-3.jpeg'><img decoding=\"async\" width=\"768\" height=\"1024\" data-src=\"https:\/\/obispadodelinares.cl\/ol\/wp-content\/uploads\/2023\/05\/Cruz-de-Mayo-en-Chanco-3-768x1024.jpeg\" class=\"attachment-large size-large lazyload\" alt=\"\" data-srcset=\"https:\/\/obispadodelinares.cl\/ol\/wp-content\/uploads\/2023\/05\/Cruz-de-Mayo-en-Chanco-3-768x1024.jpeg 768w, https:\/\/obispadodelinares.cl\/ol\/wp-content\/uploads\/2023\/05\/Cruz-de-Mayo-en-Chanco-3-225x300.jpeg 225w, https:\/\/obispadodelinares.cl\/ol\/wp-content\/uploads\/2023\/05\/Cruz-de-Mayo-en-Chanco-3-1152x1536.jpeg 1152w, https:\/\/obispadodelinares.cl\/ol\/wp-content\/uploads\/2023\/05\/Cruz-de-Mayo-en-Chanco-3.jpeg 1200w\" data-sizes=\"(max-width: 768px) 100vw, 768px\" src=\"data:image\/svg+xml;base64,PHN2ZyB3aWR0aD0iMSIgaGVpZ2h0PSIxIiB4bWxucz0iaHR0cDovL3d3dy53My5vcmcvMjAwMC9zdmciPjwvc3ZnPg==\" style=\"--smush-placeholder-width: 768px; --smush-placeholder-aspect-ratio: 768\/1024;\" \/><\/a>\n\t\t\t<\/dt><\/dl><br style=\"clear: both\" \/><dl class='gallery-item'>\n\t\t\t<dt class='gallery-icon portrait'>\n\t\t\t\t<a href='https:\/\/obispadodelinares.cl\/ol\/wp-content\/uploads\/2023\/05\/Cruz-de-Mayo-en-Chanco-4.jpeg'><img decoding=\"async\" width=\"768\" height=\"1024\" data-src=\"https:\/\/obispadodelinares.cl\/ol\/wp-content\/uploads\/2023\/05\/Cruz-de-Mayo-en-Chanco-4-768x1024.jpeg\" class=\"attachment-large size-large lazyload\" alt=\"\" data-srcset=\"https:\/\/obispadodelinares.cl\/ol\/wp-content\/uploads\/2023\/05\/Cruz-de-Mayo-en-Chanco-4-768x1024.jpeg 768w, https:\/\/obispadodelinares.cl\/ol\/wp-content\/uploads\/2023\/05\/Cruz-de-Mayo-en-Chanco-4-225x300.jpeg 225w, https:\/\/obispadodelinares.cl\/ol\/wp-content\/uploads\/2023\/05\/Cruz-de-Mayo-en-Chanco-4-1152x1536.jpeg 1152w, https:\/\/obispadodelinares.cl\/ol\/wp-content\/uploads\/2023\/05\/Cruz-de-Mayo-en-Chanco-4.jpeg 1200w\" data-sizes=\"(max-width: 768px) 100vw, 768px\" src=\"data:image\/svg+xml;base64,PHN2ZyB3aWR0aD0iMSIgaGVpZ2h0PSIxIiB4bWxucz0iaHR0cDovL3d3dy53My5vcmcvMjAwMC9zdmciPjwvc3ZnPg==\" style=\"--smush-placeholder-width: 768px; --smush-placeholder-aspect-ratio: 768\/1024;\" \/><\/a>\n\t\t\t<\/dt><\/dl><dl class='gallery-item'>\n\t\t\t<dt class='gallery-icon landscape'>\n\t\t\t\t<a href='https:\/\/obispadodelinares.cl\/ol\/wp-content\/uploads\/2023\/05\/Cruz-de-Mayo-en-Chanco-5.jpeg'><img decoding=\"async\" width=\"1024\" height=\"768\" data-src=\"https:\/\/obispadodelinares.cl\/ol\/wp-content\/uploads\/2023\/05\/Cruz-de-Mayo-en-Chanco-5-1024x768.jpeg\" class=\"attachment-large size-large lazyload\" alt=\"\" data-srcset=\"https:\/\/obispadodelinares.cl\/ol\/wp-content\/uploads\/2023\/05\/Cruz-de-Mayo-en-Chanco-5-1024x768.jpeg 1024w, https:\/\/obispadodelinares.cl\/ol\/wp-content\/uploads\/2023\/05\/Cruz-de-Mayo-en-Chanco-5-300x225.jpeg 300w, https:\/\/obispadodelinares.cl\/ol\/wp-content\/uploads\/2023\/05\/Cruz-de-Mayo-en-Chanco-5-768x576.jpeg 768w, https:\/\/obispadodelinares.cl\/ol\/wp-content\/uploads\/2023\/05\/Cruz-de-Mayo-en-Chanco-5-1536x1152.jpeg 1536w, https:\/\/obispadodelinares.cl\/ol\/wp-content\/uploads\/2023\/05\/Cruz-de-Mayo-en-Chanco-5.jpeg 1600w\" data-sizes=\"(max-width: 1024px) 100vw, 1024px\" src=\"data:image\/svg+xml;base64,PHN2ZyB3aWR0aD0iMSIgaGVpZ2h0PSIxIiB4bWxucz0iaHR0cDovL3d3dy53My5vcmcvMjAwMC9zdmciPjwvc3ZnPg==\" style=\"--smush-placeholder-width: 1024px; --smush-placeholder-aspect-ratio: 1024\/768;\" \/><\/a>\n\t\t\t<\/dt><\/dl><dl class='gallery-item'>\n\t\t\t<dt class='gallery-icon portrait'>\n\t\t\t\t<a href='https:\/\/obispadodelinares.cl\/ol\/wp-content\/uploads\/2023\/05\/Cruz-de-Mayo-en-Chanco-6.jpeg'><img decoding=\"async\" width=\"768\" height=\"1024\" data-src=\"https:\/\/obispadodelinares.cl\/ol\/wp-content\/uploads\/2023\/05\/Cruz-de-Mayo-en-Chanco-6-768x1024.jpeg\" class=\"attachment-large size-large lazyload\" alt=\"\" data-srcset=\"https:\/\/obispadodelinares.cl\/ol\/wp-content\/uploads\/2023\/05\/Cruz-de-Mayo-en-Chanco-6-768x1024.jpeg 768w, https:\/\/obispadodelinares.cl\/ol\/wp-content\/uploads\/2023\/05\/Cruz-de-Mayo-en-Chanco-6-225x300.jpeg 225w, https:\/\/obispadodelinares.cl\/ol\/wp-content\/uploads\/2023\/05\/Cruz-de-Mayo-en-Chanco-6.jpeg 960w\" data-sizes=\"(max-width: 768px) 100vw, 768px\" src=\"data:image\/svg+xml;base64,PHN2ZyB3aWR0aD0iMSIgaGVpZ2h0PSIxIiB4bWxucz0iaHR0cDovL3d3dy53My5vcmcvMjAwMC9zdmciPjwvc3ZnPg==\" style=\"--smush-placeholder-width: 768px; --smush-placeholder-aspect-ratio: 768\/1024;\" \/><\/a>\n\t\t\t<\/dt><\/dl><br style=\"clear: both\" \/><dl class='gallery-item'>\n\t\t\t<dt class='gallery-icon portrait'>\n\t\t\t\t<a href='https:\/\/obispadodelinares.cl\/ol\/wp-content\/uploads\/2023\/05\/Cruz-de-Mayo-en-Chanco.jpeg'><img decoding=\"async\" width=\"768\" height=\"1024\" data-src=\"https:\/\/obispadodelinares.cl\/ol\/wp-content\/uploads\/2023\/05\/Cruz-de-Mayo-en-Chanco-768x1024.jpeg\" class=\"attachment-large size-large lazyload\" alt=\"\" data-srcset=\"https:\/\/obispadodelinares.cl\/ol\/wp-content\/uploads\/2023\/05\/Cruz-de-Mayo-en-Chanco-768x1024.jpeg 768w, https:\/\/obispadodelinares.cl\/ol\/wp-content\/uploads\/2023\/05\/Cruz-de-Mayo-en-Chanco-225x300.jpeg 225w, https:\/\/obispadodelinares.cl\/ol\/wp-content\/uploads\/2023\/05\/Cruz-de-Mayo-en-Chanco-1152x1536.jpeg 1152w, https:\/\/obispadodelinares.cl\/ol\/wp-content\/uploads\/2023\/05\/Cruz-de-Mayo-en-Chanco.jpeg 1200w\" data-sizes=\"(max-width: 768px) 100vw, 768px\" src=\"data:image\/svg+xml;base64,PHN2ZyB3aWR0aD0iMSIgaGVpZ2h0PSIxIiB4bWxucz0iaHR0cDovL3d3dy53My5vcmcvMjAwMC9zdmciPjwvc3ZnPg==\" style=\"--smush-placeholder-width: 768px; --smush-placeholder-aspect-ratio: 768\/1024;\" \/><\/a>\n\t\t\t<\/dt><\/dl>\n\t\t\t<br style='clear: both' \/>\n\t\t<\/div>\n\n","protected":false},"excerpt":{"rendered":"<p>En la comunidad Santo Domingo de Coihueco, sector Lagunillas, en la Comuna de Chanco, con devoci\u00f3n y mucho respeto honraron la tradicional \u201cCruz de Mayo\u201d, despu\u00e9s de la procesi\u00f3n se realiz\u00f3 la quema de la Cruz, entonando cantos y antiguas oraciones. Como manda la tradici\u00f3n cada 3 de mayo, el p\u00e1rroco P. Francisco Hormazabal, acompa\u00f1ado [&hellip;]<\/p>\n","protected":false},"author":1,"featured_media":16192,"comment_status":"closed","ping_status":"closed","sticky":false,"template":"","format":"standard","meta":{"h5ap_radio_sources":[],"footnotes":""},"categories":[414,74,193],"tags":[42,429,273],"class_list":["post-16187","post","type-post","status-publish","format-standard","has-post-thumbnail","hentry","category-414","category-fiesta-religiosa","category-historia-diocesana","tag-chanco","tag-cruz-de-mayo","tag-parroquia-san-ambrosio"],"_links":{"self":[{"href":"https:\/\/obispadodelinares.cl\/ol\/index.php?rest_route=\/wp\/v2\/posts\/16187","targetHints":{"allow":["GET"]}}],"collection":[{"href":"https:\/\/obispadodelinares.cl\/ol\/index.php?rest_route=\/wp\/v2\/posts"}],"about":[{"href":"https:\/\/obispadodelinares.cl\/ol\/index.php?rest_route=\/wp\/v2\/types\/post"}],"author":[{"embeddable":true,"href":"https:\/\/obispadodelinares.cl\/ol\/index.php?rest_route=\/wp\/v2\/users\/1"}],"replies":[{"embeddable":true,"href":"https:\/\/obispadodelinares.cl\/ol\/index.php?rest_route=%2Fwp%2Fv2%2Fcomments&post=16187"}],"version-history":[{"count":0,"href":"https:\/\/obispadodelinares.cl\/ol\/index.php?rest_route=\/wp\/v2\/posts\/16187\/revisions"}],"wp:featuredmedia":[{"embeddable":true,"href":"https:\/\/obispadodelinares.cl\/ol\/index.php?rest_route=\/wp\/v2\/media\/16192"}],"wp:attachment":[{"href":"https:\/\/obispadodelinares.cl\/ol\/index.php?rest_route=%2Fwp%2Fv2%2Fmedia&parent=16187"}],"wp:term":[{"taxonomy":"category","embeddable":true,"href":"https:\/\/obispadodelinares.cl\/ol\/index.php?rest_route=%2Fwp%2Fv2%2Fcategories&post=16187"},{"taxonomy":"post_tag","embeddable":true,"href":"https:\/\/obispadodelinares.cl\/ol\/index.php?rest_route=%2Fwp%2Fv2%2Ftags&post=16187"}],"curies":[{"name":"wp","href":"https:\/\/api.w.org\/{rel}","templated":true}]}}