{"id":16160,"date":"2023-05-04T20:22:46","date_gmt":"2023-05-04T20:22:46","guid":{"rendered":"http:\/\/obispadodelinares.cl\/ol\/?p=16160"},"modified":"2023-05-04T20:22:46","modified_gmt":"2023-05-04T20:22:46","slug":"en-cabreria-celebran-60-anos-venerando-a-la-virgen-de-mayo","status":"publish","type":"post","link":"https:\/\/obispadodelinares.cl\/ol\/?p=16160","title":{"rendered":"En Cabrer\u00eda celebran 60 a\u00f1os venerando a la Virgen de Mayo"},"content":{"rendered":"<p><span style=\"font-weight: 400;\">Entre monta\u00f1as, cerros y bosques se desarrolla una hermosa expresi\u00f3n de religiosidad popular, que este a\u00f1o cumpli\u00f3 60 a\u00f1os congregando a sus devotos, es La Fiesta de la Virgen de Mayo en Cabrer\u00eda, una tradici\u00f3n que naci\u00f3 el 21 de mayo de 1963, y es una oportunidad m\u00e1s para que los habitantes de la zona se re\u00fanan, celebren su fe y su cultura.<\/span><\/p>\n<p><span style=\"font-weight: 400;\">La localidad de Cabrer\u00eda de la parroquia San Alfonso, est\u00e1 distante unos 20 kil\u00f3metros del centro de Cauquenes y en el d\u00eda a d\u00eda su poblaci\u00f3n no supera las 60 personas, pero cada primero de mayo, la comunidad se transforma. Desde muy temprano, con gran esfuerzo debido al complejo acceso entre cerros y monta\u00f1as, comienzan a llegar cientos de Peregrinos, seg\u00fan la estimaci\u00f3n de las autoridades este a\u00f1o super\u00f3 las 600 personas.\u00a0<\/span><\/p>\n<p><b>La Eucarist\u00eda<\/b><\/p>\n<p><span style=\"font-weight: 400;\">La Eucarist\u00eda fue presidida por el P. Jos\u00e9 Rodr\u00edguez Aravena, Superior Provincial de los Misioneros Redentoristas, concelebrando el P. Ronald Flores, p\u00e1rroco de San Alfonso, P. Luis Hto. Alarc\u00f3n, p\u00e1rroco de Curanipe y P. Luis Retamal, p\u00e1rroco de San Francisco en Cauquenes.<\/span><\/p>\n<p><span style=\"font-weight: 400;\">Ante el altar, en el ofertorio, la comunidad present\u00f3 las herramientas con las cuales se trata de hacer el bien a los dem\u00e1s a trav\u00e9s del trabajo. Esfuerzo de hombres y mujeres que, de sol a sol, con fr\u00edo, con lluvia o calor, buscan el sustento para sus familias, se destaca la presentaci\u00f3n de una motosierra y un azad\u00f3n.\u00a0<\/span><\/p>\n<p><span style=\"font-weight: 400;\">Adem\u00e1s, este a\u00f1o un grupo de ni\u00f1os y j\u00f3venes hicieron su Primera Comuni\u00f3n, fueron preparados por Don Jos\u00e9 Gustavo Orellana Moya, Catequista de la Comunidad desde hace 26 a\u00f1os, quien con orgullo dice <\/span><i><span style=\"font-weight: 400;\">soy de aqu\u00ed, nacido y criado en estos cerros.<\/span><\/i><\/p>\n<p><span style=\"font-weight: 400;\">En la oraci\u00f3n estuvieron presentes todas las intenciones en favor de enfermos, ancianos y quienes ya desde el cielo acompa\u00f1an la celebraci\u00f3n, muy especial menci\u00f3n al P. Enrique G\u00f3mez, misionero que incansablemente dedic\u00f3 su vida a predicar el Evangelio especialmente en los rincones m\u00e1s distantes de la parroquia San Alfonso y alrededores de Cauquenes, as\u00ed como tambi\u00e9n la plegaria por todas las personas que en estos 60 a\u00f1os, han cuidado que esta fiesta mantenga sus m\u00e1s puras expresiones que integran fe, cultura y tradiciones campesinas.\u00a0\u00a0\u00a0<\/span><\/p>\n<p><span style=\"font-weight: 400;\">Una vez concluida la Misa comenz\u00f3 la procesi\u00f3n, a pie y a caballo hasta donde se encuentra la imagen de la Virgen, en la colina frente a la Capilla. All\u00ed los Huasos en sus cabalgaduras rindieron tambi\u00e9n su homenaje a la Virgen, avanzando al paso, al trote y al galope.<\/span><\/p>\n<p><b>M\u00e1s tradiciones que se cuidan<\/b><\/p>\n<p><span style=\"font-weight: 400;\">Una pr\u00e1ctica que se ha mantenido desde los inicios de esta celebraci\u00f3n, que cumple 60 a\u00f1os, es su car\u00e1cter comunitario. Pues el Consejo pastoral de la Capilla dirigido por la Sra. Benita Rosa D\u00edaz, se organizan y preparan durante todo el a\u00f1o para recibir a los peregrinos, esper\u00e1ndolos con un rico pan amasado y un gran trozo de carne.\u00a0<\/span><\/p>\n<p><span style=\"font-weight: 400;\">Don Domingo Lara, nos dice<\/span><i><span style=\"font-weight: 400;\">: \u201cp\u00f3ngale ah\u00ed que, desde el a\u00f1o 1963, la Virgen de Mayo nos est\u00e1 acompa\u00f1ando en este sector, la trajo con carreta tirada por bueyes el Padre Enrique, y que sepan los m\u00e1s j\u00f3venes que al principio se repart\u00edan presas de unas gallinas, despu\u00e9s cerdos, luego corderos y ahora, hasta el d\u00eda de hoy las presas son de vaquillas\u201d<\/span><\/i><span style=\"font-weight: 400;\">.\u00a0<\/span><\/p>\n<p><span style=\"font-weight: 400;\">Este compartir, fraterno y acogedor es un sello en las comunidades de nuestros campos y no podr\u00eda estar ajeno a estas manifestaciones que, en este caso, en la Fiesta de la Virgen de Mayo en Cabrer\u00eda, grafica claramente la integraci\u00f3n de la fe cultivada en comunidad sin perder identidad y la propia expresi\u00f3n de su cultura.<\/span><\/p>\n<p><span style=\"font-weight: 400;\">Con inmensa alegr\u00eda por esta nueva celebraci\u00f3n, los peregrinos retornan a sus hogares repitiendo el coro del himno de la Virgen de Mayo en Cabrer\u00eda\u2026 <\/span><i><span style=\"font-weight: 400;\">\u201cVirgencita, estrella de Mayo, que est\u00e1s en el cielo rogando por m\u00ed. Yo te pido que, el d\u00eda que muera feliz en tus brazos me lleves a ti\u201d<\/span><\/i><span style=\"font-weight: 400;\">. Resonando en cada estrofa su devoci\u00f3n y la protecci\u00f3n encomendada a la Virgen Mar\u00eda, prometiendo volver el a\u00f1o que viene.<\/span><\/p>\n<p><a class=\"x1i10hfl xjbqb8w x6umtig x1b1mbwd xaqea5y xav7gou x9f619 x1ypdohk xt0psk2 xe8uvvx xdj266r x11i5rnm xat24cr x1mh8g0r xexx8yu x4uap5 x18d9i69 xkhd6sd x16tdsg8 x1hl2dhg xggy1nq x1a2a7pz xt0b8zv x1qq9wsj xo1l8bm\" tabindex=\"0\" role=\"link\" href=\"https:\/\/web.facebook.com\/hashtag\/100a%C3%B1ossembrando?__eep__=6&amp;__cft__[0]=AZVUfF6jj9PjahcUIm24Cte5NZUI7FqJhg4FlshdbutK_NFCbyqDXeoWQRv9SVT6AGwWUu6iQuzpZuhlDG5MJn2kKLbAOogMJ13DwvnII5f2ru59o3Yf_WI4F-myccu5fGlIfwHTdc2ag3r4CJ-mOES1&amp;__tn__=*NK-R\">#100a\u00f1ossembrando<\/a> <a class=\"x1i10hfl xjbqb8w x6umtig x1b1mbwd xaqea5y xav7gou x9f619 x1ypdohk xt0psk2 xe8uvvx xdj266r x11i5rnm xat24cr x1mh8g0r xexx8yu x4uap5 x18d9i69 xkhd6sd x16tdsg8 x1hl2dhg xggy1nq x1a2a7pz xt0b8zv x1qq9wsj xo1l8bm\" tabindex=\"0\" role=\"link\" href=\"https:\/\/web.facebook.com\/hashtag\/semillasdeesperanza?__eep__=6&amp;__cft__[0]=AZVUfF6jj9PjahcUIm24Cte5NZUI7FqJhg4FlshdbutK_NFCbyqDXeoWQRv9SVT6AGwWUu6iQuzpZuhlDG5MJn2kKLbAOogMJ13DwvnII5f2ru59o3Yf_WI4F-myccu5fGlIfwHTdc2ag3r4CJ-mOES1&amp;__tn__=*NK-R\">#semillasdeesperanza<\/a> <a class=\"x1i10hfl xjbqb8w x6umtig x1b1mbwd xaqea5y xav7gou x9f619 x1ypdohk xt0psk2 xe8uvvx xdj266r x11i5rnm xat24cr x1mh8g0r xexx8yu x4uap5 x18d9i69 xkhd6sd x16tdsg8 x1hl2dhg xggy1nq x1a2a7pz xt0b8zv x1qq9wsj xo1l8bm\" tabindex=\"0\" role=\"link\" href=\"https:\/\/web.facebook.com\/hashtag\/semillasdefe?__eep__=6&amp;__cft__[0]=AZVUfF6jj9PjahcUIm24Cte5NZUI7FqJhg4FlshdbutK_NFCbyqDXeoWQRv9SVT6AGwWUu6iQuzpZuhlDG5MJn2kKLbAOogMJ13DwvnII5f2ru59o3Yf_WI4F-myccu5fGlIfwHTdc2ag3r4CJ-mOES1&amp;__tn__=*NK-R\">#semillasdefe<\/a> <a class=\"x1i10hfl xjbqb8w x6umtig x1b1mbwd xaqea5y xav7gou x9f619 x1ypdohk xt0psk2 xe8uvvx xdj266r x11i5rnm xat24cr x1mh8g0r xexx8yu x4uap5 x18d9i69 xkhd6sd x16tdsg8 x1hl2dhg xggy1nq x1a2a7pz xt0b8zv x1qq9wsj xo1l8bm\" tabindex=\"0\" role=\"link\" href=\"https:\/\/web.facebook.com\/hashtag\/testimoniosdefe?__eep__=6&amp;__cft__[0]=AZVUfF6jj9PjahcUIm24Cte5NZUI7FqJhg4FlshdbutK_NFCbyqDXeoWQRv9SVT6AGwWUu6iQuzpZuhlDG5MJn2kKLbAOogMJ13DwvnII5f2ru59o3Yf_WI4F-myccu5fGlIfwHTdc2ag3r4CJ-mOES1&amp;__tn__=*NK-R\">#testimoniosdefe<\/a><\/p>\n\n\t\t<style type=\"text\/css\">\n\t\t\t#gallery-1 {\n\t\t\t\tmargin: auto;\n\t\t\t}\n\t\t\t#gallery-1 .gallery-item {\n\t\t\t\tfloat: left;\n\t\t\t\tmargin-top: 10px;\n\t\t\t\ttext-align: center;\n\t\t\t\twidth: 33%;\n\t\t\t}\n\t\t\t#gallery-1 img {\n\t\t\t\tborder: 2px solid #cfcfcf;\n\t\t\t}\n\t\t\t#gallery-1 .gallery-caption {\n\t\t\t\tmargin-left: 0;\n\t\t\t}\n\t\t\t\/* see gallery_shortcode() in wp-includes\/media.php *\/\n\t\t<\/style>\n\t\t<div id='gallery-1' class='gallery galleryid-16160 gallery-columns-3 gallery-size-large'><dl class='gallery-item'>\n\t\t\t<dt class='gallery-icon landscape'>\n\t\t\t\t<a href='https:\/\/obispadodelinares.cl\/ol\/wp-content\/uploads\/2023\/05\/DJI_0220.jpg'><img fetchpriority=\"high\" decoding=\"async\" width=\"1024\" height=\"768\" src=\"https:\/\/obispadodelinares.cl\/ol\/wp-content\/uploads\/2023\/05\/DJI_0220-1024x768.jpg\" class=\"attachment-large size-large\" alt=\"\" srcset=\"https:\/\/obispadodelinares.cl\/ol\/wp-content\/uploads\/2023\/05\/DJI_0220-1024x768.jpg 1024w, https:\/\/obispadodelinares.cl\/ol\/wp-content\/uploads\/2023\/05\/DJI_0220-300x225.jpg 300w, https:\/\/obispadodelinares.cl\/ol\/wp-content\/uploads\/2023\/05\/DJI_0220-768x576.jpg 768w, https:\/\/obispadodelinares.cl\/ol\/wp-content\/uploads\/2023\/05\/DJI_0220.jpg 1404w\" sizes=\"(max-width: 1024px) 100vw, 1024px\" \/><\/a>\n\t\t\t<\/dt><\/dl><dl class='gallery-item'>\n\t\t\t<dt class='gallery-icon landscape'>\n\t\t\t\t<a href='https:\/\/obispadodelinares.cl\/ol\/wp-content\/uploads\/2023\/05\/DJI_0226.jpg'><img decoding=\"async\" width=\"1024\" height=\"768\" data-src=\"https:\/\/obispadodelinares.cl\/ol\/wp-content\/uploads\/2023\/05\/DJI_0226-1024x768.jpg\" class=\"attachment-large size-large lazyload\" alt=\"\" data-srcset=\"https:\/\/obispadodelinares.cl\/ol\/wp-content\/uploads\/2023\/05\/DJI_0226-1024x768.jpg 1024w, https:\/\/obispadodelinares.cl\/ol\/wp-content\/uploads\/2023\/05\/DJI_0226-300x225.jpg 300w, https:\/\/obispadodelinares.cl\/ol\/wp-content\/uploads\/2023\/05\/DJI_0226-768x576.jpg 768w, https:\/\/obispadodelinares.cl\/ol\/wp-content\/uploads\/2023\/05\/DJI_0226.jpg 1404w\" data-sizes=\"(max-width: 1024px) 100vw, 1024px\" src=\"data:image\/svg+xml;base64,PHN2ZyB3aWR0aD0iMSIgaGVpZ2h0PSIxIiB4bWxucz0iaHR0cDovL3d3dy53My5vcmcvMjAwMC9zdmciPjwvc3ZnPg==\" style=\"--smush-placeholder-width: 1024px; --smush-placeholder-aspect-ratio: 1024\/768;\" \/><\/a>\n\t\t\t<\/dt><\/dl><dl class='gallery-item'>\n\t\t\t<dt class='gallery-icon landscape'>\n\t\t\t\t<a href='https:\/\/obispadodelinares.cl\/ol\/wp-content\/uploads\/2023\/05\/IMG_0046.jpg'><img decoding=\"async\" width=\"1024\" height=\"682\" data-src=\"https:\/\/obispadodelinares.cl\/ol\/wp-content\/uploads\/2023\/05\/IMG_0046-1024x682.jpg\" class=\"attachment-large size-large lazyload\" alt=\"\" data-srcset=\"https:\/\/obispadodelinares.cl\/ol\/wp-content\/uploads\/2023\/05\/IMG_0046-1024x682.jpg 1024w, https:\/\/obispadodelinares.cl\/ol\/wp-content\/uploads\/2023\/05\/IMG_0046-300x200.jpg 300w, https:\/\/obispadodelinares.cl\/ol\/wp-content\/uploads\/2023\/05\/IMG_0046-768x512.jpg 768w, https:\/\/obispadodelinares.cl\/ol\/wp-content\/uploads\/2023\/05\/IMG_0046-1536x1024.jpg 1536w, https:\/\/obispadodelinares.cl\/ol\/wp-content\/uploads\/2023\/05\/IMG_0046.jpg 1580w\" data-sizes=\"(max-width: 1024px) 100vw, 1024px\" src=\"data:image\/svg+xml;base64,PHN2ZyB3aWR0aD0iMSIgaGVpZ2h0PSIxIiB4bWxucz0iaHR0cDovL3d3dy53My5vcmcvMjAwMC9zdmciPjwvc3ZnPg==\" style=\"--smush-placeholder-width: 1024px; --smush-placeholder-aspect-ratio: 1024\/682;\" \/><\/a>\n\t\t\t<\/dt><\/dl><br style=\"clear: both\" \/><dl class='gallery-item'>\n\t\t\t<dt class='gallery-icon landscape'>\n\t\t\t\t<a href='https:\/\/obispadodelinares.cl\/ol\/wp-content\/uploads\/2023\/05\/IMG_0065.CR2_.jpg'><img decoding=\"async\" width=\"1024\" height=\"682\" data-src=\"https:\/\/obispadodelinares.cl\/ol\/wp-content\/uploads\/2023\/05\/IMG_0065.CR2_-1024x682.jpg\" class=\"attachment-large size-large lazyload\" alt=\"\" data-srcset=\"https:\/\/obispadodelinares.cl\/ol\/wp-content\/uploads\/2023\/05\/IMG_0065.CR2_-1024x682.jpg 1024w, https:\/\/obispadodelinares.cl\/ol\/wp-content\/uploads\/2023\/05\/IMG_0065.CR2_-300x200.jpg 300w, https:\/\/obispadodelinares.cl\/ol\/wp-content\/uploads\/2023\/05\/IMG_0065.CR2_-768x512.jpg 768w, https:\/\/obispadodelinares.cl\/ol\/wp-content\/uploads\/2023\/05\/IMG_0065.CR2_-1536x1024.jpg 1536w, https:\/\/obispadodelinares.cl\/ol\/wp-content\/uploads\/2023\/05\/IMG_0065.CR2_.jpg 1580w\" data-sizes=\"(max-width: 1024px) 100vw, 1024px\" src=\"data:image\/svg+xml;base64,PHN2ZyB3aWR0aD0iMSIgaGVpZ2h0PSIxIiB4bWxucz0iaHR0cDovL3d3dy53My5vcmcvMjAwMC9zdmciPjwvc3ZnPg==\" style=\"--smush-placeholder-width: 1024px; --smush-placeholder-aspect-ratio: 1024\/682;\" \/><\/a>\n\t\t\t<\/dt><\/dl><dl class='gallery-item'>\n\t\t\t<dt class='gallery-icon portrait'>\n\t\t\t\t<a href='https:\/\/obispadodelinares.cl\/ol\/wp-content\/uploads\/2023\/05\/IMG_0104.CR2_.jpg'><img decoding=\"async\" width=\"683\" height=\"1024\" data-src=\"https:\/\/obispadodelinares.cl\/ol\/wp-content\/uploads\/2023\/05\/IMG_0104.CR2_-683x1024.jpg\" class=\"attachment-large size-large lazyload\" alt=\"\" data-srcset=\"https:\/\/obispadodelinares.cl\/ol\/wp-content\/uploads\/2023\/05\/IMG_0104.CR2_-683x1024.jpg 683w, https:\/\/obispadodelinares.cl\/ol\/wp-content\/uploads\/2023\/05\/IMG_0104.CR2_-200x300.jpg 200w, https:\/\/obispadodelinares.cl\/ol\/wp-content\/uploads\/2023\/05\/IMG_0104.CR2_.jpg 702w\" data-sizes=\"(max-width: 683px) 100vw, 683px\" src=\"data:image\/svg+xml;base64,PHN2ZyB3aWR0aD0iMSIgaGVpZ2h0PSIxIiB4bWxucz0iaHR0cDovL3d3dy53My5vcmcvMjAwMC9zdmciPjwvc3ZnPg==\" style=\"--smush-placeholder-width: 683px; --smush-placeholder-aspect-ratio: 683\/1024;\" \/><\/a>\n\t\t\t<\/dt><\/dl><dl class='gallery-item'>\n\t\t\t<dt class='gallery-icon landscape'>\n\t\t\t\t<a href='https:\/\/obispadodelinares.cl\/ol\/wp-content\/uploads\/2023\/05\/IMG_0109.CR2_.jpg'><img decoding=\"async\" width=\"1024\" height=\"682\" data-src=\"https:\/\/obispadodelinares.cl\/ol\/wp-content\/uploads\/2023\/05\/IMG_0109.CR2_-1024x682.jpg\" class=\"attachment-large size-large lazyload\" alt=\"\" data-srcset=\"https:\/\/obispadodelinares.cl\/ol\/wp-content\/uploads\/2023\/05\/IMG_0109.CR2_-1024x682.jpg 1024w, https:\/\/obispadodelinares.cl\/ol\/wp-content\/uploads\/2023\/05\/IMG_0109.CR2_-300x200.jpg 300w, https:\/\/obispadodelinares.cl\/ol\/wp-content\/uploads\/2023\/05\/IMG_0109.CR2_-768x512.jpg 768w, https:\/\/obispadodelinares.cl\/ol\/wp-content\/uploads\/2023\/05\/IMG_0109.CR2_-1536x1024.jpg 1536w, https:\/\/obispadodelinares.cl\/ol\/wp-content\/uploads\/2023\/05\/IMG_0109.CR2_.jpg 1580w\" data-sizes=\"(max-width: 1024px) 100vw, 1024px\" src=\"data:image\/svg+xml;base64,PHN2ZyB3aWR0aD0iMSIgaGVpZ2h0PSIxIiB4bWxucz0iaHR0cDovL3d3dy53My5vcmcvMjAwMC9zdmciPjwvc3ZnPg==\" style=\"--smush-placeholder-width: 1024px; --smush-placeholder-aspect-ratio: 1024\/682;\" \/><\/a>\n\t\t\t<\/dt><\/dl><br style=\"clear: both\" \/><dl class='gallery-item'>\n\t\t\t<dt class='gallery-icon landscape'>\n\t\t\t\t<a href='https:\/\/obispadodelinares.cl\/ol\/wp-content\/uploads\/2023\/05\/DJI_0220-1.jpg'><img decoding=\"async\" width=\"1024\" height=\"768\" data-src=\"https:\/\/obispadodelinares.cl\/ol\/wp-content\/uploads\/2023\/05\/DJI_0220-1-1024x768.jpg\" class=\"attachment-large size-large lazyload\" alt=\"\" data-srcset=\"https:\/\/obispadodelinares.cl\/ol\/wp-content\/uploads\/2023\/05\/DJI_0220-1-1024x768.jpg 1024w, https:\/\/obispadodelinares.cl\/ol\/wp-content\/uploads\/2023\/05\/DJI_0220-1-300x225.jpg 300w, https:\/\/obispadodelinares.cl\/ol\/wp-content\/uploads\/2023\/05\/DJI_0220-1-768x576.jpg 768w, https:\/\/obispadodelinares.cl\/ol\/wp-content\/uploads\/2023\/05\/DJI_0220-1.jpg 1404w\" data-sizes=\"(max-width: 1024px) 100vw, 1024px\" src=\"data:image\/svg+xml;base64,PHN2ZyB3aWR0aD0iMSIgaGVpZ2h0PSIxIiB4bWxucz0iaHR0cDovL3d3dy53My5vcmcvMjAwMC9zdmciPjwvc3ZnPg==\" style=\"--smush-placeholder-width: 1024px; --smush-placeholder-aspect-ratio: 1024\/768;\" \/><\/a>\n\t\t\t<\/dt><\/dl><dl class='gallery-item'>\n\t\t\t<dt class='gallery-icon landscape'>\n\t\t\t\t<a href='https:\/\/obispadodelinares.cl\/ol\/wp-content\/uploads\/2023\/05\/DJI_0226-1.jpg'><img decoding=\"async\" width=\"1024\" height=\"768\" data-src=\"https:\/\/obispadodelinares.cl\/ol\/wp-content\/uploads\/2023\/05\/DJI_0226-1-1024x768.jpg\" class=\"attachment-large size-large lazyload\" alt=\"\" data-srcset=\"https:\/\/obispadodelinares.cl\/ol\/wp-content\/uploads\/2023\/05\/DJI_0226-1-1024x768.jpg 1024w, https:\/\/obispadodelinares.cl\/ol\/wp-content\/uploads\/2023\/05\/DJI_0226-1-300x225.jpg 300w, https:\/\/obispadodelinares.cl\/ol\/wp-content\/uploads\/2023\/05\/DJI_0226-1-768x576.jpg 768w, https:\/\/obispadodelinares.cl\/ol\/wp-content\/uploads\/2023\/05\/DJI_0226-1.jpg 1404w\" data-sizes=\"(max-width: 1024px) 100vw, 1024px\" src=\"data:image\/svg+xml;base64,PHN2ZyB3aWR0aD0iMSIgaGVpZ2h0PSIxIiB4bWxucz0iaHR0cDovL3d3dy53My5vcmcvMjAwMC9zdmciPjwvc3ZnPg==\" style=\"--smush-placeholder-width: 1024px; --smush-placeholder-aspect-ratio: 1024\/768;\" \/><\/a>\n\t\t\t<\/dt><\/dl><dl class='gallery-item'>\n\t\t\t<dt class='gallery-icon landscape'>\n\t\t\t\t<a href='https:\/\/obispadodelinares.cl\/ol\/wp-content\/uploads\/2023\/05\/DJI_0220-2.jpg'><img decoding=\"async\" width=\"1024\" height=\"768\" data-src=\"https:\/\/obispadodelinares.cl\/ol\/wp-content\/uploads\/2023\/05\/DJI_0220-2-1024x768.jpg\" class=\"attachment-large size-large lazyload\" alt=\"\" data-srcset=\"https:\/\/obispadodelinares.cl\/ol\/wp-content\/uploads\/2023\/05\/DJI_0220-2-1024x768.jpg 1024w, https:\/\/obispadodelinares.cl\/ol\/wp-content\/uploads\/2023\/05\/DJI_0220-2-300x225.jpg 300w, https:\/\/obispadodelinares.cl\/ol\/wp-content\/uploads\/2023\/05\/DJI_0220-2-768x576.jpg 768w, https:\/\/obispadodelinares.cl\/ol\/wp-content\/uploads\/2023\/05\/DJI_0220-2.jpg 1404w\" data-sizes=\"(max-width: 1024px) 100vw, 1024px\" src=\"data:image\/svg+xml;base64,PHN2ZyB3aWR0aD0iMSIgaGVpZ2h0PSIxIiB4bWxucz0iaHR0cDovL3d3dy53My5vcmcvMjAwMC9zdmciPjwvc3ZnPg==\" style=\"--smush-placeholder-width: 1024px; --smush-placeholder-aspect-ratio: 1024\/768;\" \/><\/a>\n\t\t\t<\/dt><\/dl><br style=\"clear: both\" \/><dl class='gallery-item'>\n\t\t\t<dt class='gallery-icon landscape'>\n\t\t\t\t<a href='https:\/\/obispadodelinares.cl\/ol\/wp-content\/uploads\/2023\/05\/IMG_0109.CR2_.png'><img decoding=\"async\" width=\"1024\" height=\"682\" data-src=\"https:\/\/obispadodelinares.cl\/ol\/wp-content\/uploads\/2023\/05\/IMG_0109.CR2_.png\" class=\"attachment-large size-large lazyload\" alt=\"\" data-srcset=\"https:\/\/obispadodelinares.cl\/ol\/wp-content\/uploads\/2023\/05\/IMG_0109.CR2_.png 1024w, https:\/\/obispadodelinares.cl\/ol\/wp-content\/uploads\/2023\/05\/IMG_0109.CR2_-300x200.png 300w, https:\/\/obispadodelinares.cl\/ol\/wp-content\/uploads\/2023\/05\/IMG_0109.CR2_-768x512.png 768w\" data-sizes=\"(max-width: 1024px) 100vw, 1024px\" src=\"data:image\/svg+xml;base64,PHN2ZyB3aWR0aD0iMSIgaGVpZ2h0PSIxIiB4bWxucz0iaHR0cDovL3d3dy53My5vcmcvMjAwMC9zdmciPjwvc3ZnPg==\" style=\"--smush-placeholder-width: 1024px; --smush-placeholder-aspect-ratio: 1024\/682;\" \/><\/a>\n\t\t\t<\/dt><\/dl><dl class='gallery-item'>\n\t\t\t<dt class='gallery-icon portrait'>\n\t\t\t\t<a href='https:\/\/obispadodelinares.cl\/ol\/wp-content\/uploads\/2023\/05\/IMG_0104.CR2_.png'><img decoding=\"async\" width=\"683\" height=\"1024\" data-src=\"https:\/\/obispadodelinares.cl\/ol\/wp-content\/uploads\/2023\/05\/IMG_0104.CR2_.png\" class=\"attachment-large size-large lazyload\" alt=\"\" data-srcset=\"https:\/\/obispadodelinares.cl\/ol\/wp-content\/uploads\/2023\/05\/IMG_0104.CR2_.png 683w, https:\/\/obispadodelinares.cl\/ol\/wp-content\/uploads\/2023\/05\/IMG_0104.CR2_-200x300.png 200w\" data-sizes=\"(max-width: 683px) 100vw, 683px\" src=\"data:image\/svg+xml;base64,PHN2ZyB3aWR0aD0iMSIgaGVpZ2h0PSIxIiB4bWxucz0iaHR0cDovL3d3dy53My5vcmcvMjAwMC9zdmciPjwvc3ZnPg==\" style=\"--smush-placeholder-width: 683px; --smush-placeholder-aspect-ratio: 683\/1024;\" \/><\/a>\n\t\t\t<\/dt><\/dl><dl class='gallery-item'>\n\t\t\t<dt class='gallery-icon landscape'>\n\t\t\t\t<a href='https:\/\/obispadodelinares.cl\/ol\/wp-content\/uploads\/2023\/05\/IMG_0065.CR2_.png'><img decoding=\"async\" width=\"1024\" height=\"682\" data-src=\"https:\/\/obispadodelinares.cl\/ol\/wp-content\/uploads\/2023\/05\/IMG_0065.CR2_.png\" class=\"attachment-large size-large lazyload\" alt=\"\" data-srcset=\"https:\/\/obispadodelinares.cl\/ol\/wp-content\/uploads\/2023\/05\/IMG_0065.CR2_.png 1024w, https:\/\/obispadodelinares.cl\/ol\/wp-content\/uploads\/2023\/05\/IMG_0065.CR2_-300x200.png 300w, https:\/\/obispadodelinares.cl\/ol\/wp-content\/uploads\/2023\/05\/IMG_0065.CR2_-768x512.png 768w\" data-sizes=\"(max-width: 1024px) 100vw, 1024px\" src=\"data:image\/svg+xml;base64,PHN2ZyB3aWR0aD0iMSIgaGVpZ2h0PSIxIiB4bWxucz0iaHR0cDovL3d3dy53My5vcmcvMjAwMC9zdmciPjwvc3ZnPg==\" style=\"--smush-placeholder-width: 1024px; --smush-placeholder-aspect-ratio: 1024\/682;\" \/><\/a>\n\t\t\t<\/dt><\/dl><br style=\"clear: both\" \/><dl class='gallery-item'>\n\t\t\t<dt class='gallery-icon landscape'>\n\t\t\t\t<a href='https:\/\/obispadodelinares.cl\/ol\/wp-content\/uploads\/2023\/05\/IMG_0046.png'><img decoding=\"async\" width=\"1024\" height=\"682\" data-src=\"https:\/\/obispadodelinares.cl\/ol\/wp-content\/uploads\/2023\/05\/IMG_0046.png\" class=\"attachment-large size-large lazyload\" alt=\"\" data-srcset=\"https:\/\/obispadodelinares.cl\/ol\/wp-content\/uploads\/2023\/05\/IMG_0046.png 1024w, https:\/\/obispadodelinares.cl\/ol\/wp-content\/uploads\/2023\/05\/IMG_0046-300x200.png 300w, https:\/\/obispadodelinares.cl\/ol\/wp-content\/uploads\/2023\/05\/IMG_0046-768x512.png 768w\" data-sizes=\"(max-width: 1024px) 100vw, 1024px\" src=\"data:image\/svg+xml;base64,PHN2ZyB3aWR0aD0iMSIgaGVpZ2h0PSIxIiB4bWxucz0iaHR0cDovL3d3dy53My5vcmcvMjAwMC9zdmciPjwvc3ZnPg==\" style=\"--smush-placeholder-width: 1024px; --smush-placeholder-aspect-ratio: 1024\/682;\" \/><\/a>\n\t\t\t<\/dt><\/dl><dl class='gallery-item'>\n\t\t\t<dt class='gallery-icon landscape'>\n\t\t\t\t<a href='https:\/\/obispadodelinares.cl\/ol\/wp-content\/uploads\/2023\/05\/20230501_085821.png'><img decoding=\"async\" width=\"1024\" height=\"768\" data-src=\"https:\/\/obispadodelinares.cl\/ol\/wp-content\/uploads\/2023\/05\/20230501_085821.png\" class=\"attachment-large size-large lazyload\" alt=\"\" data-srcset=\"https:\/\/obispadodelinares.cl\/ol\/wp-content\/uploads\/2023\/05\/20230501_085821.png 1024w, https:\/\/obispadodelinares.cl\/ol\/wp-content\/uploads\/2023\/05\/20230501_085821-300x225.png 300w, https:\/\/obispadodelinares.cl\/ol\/wp-content\/uploads\/2023\/05\/20230501_085821-768x576.png 768w\" data-sizes=\"(max-width: 1024px) 100vw, 1024px\" src=\"data:image\/svg+xml;base64,PHN2ZyB3aWR0aD0iMSIgaGVpZ2h0PSIxIiB4bWxucz0iaHR0cDovL3d3dy53My5vcmcvMjAwMC9zdmciPjwvc3ZnPg==\" style=\"--smush-placeholder-width: 1024px; --smush-placeholder-aspect-ratio: 1024\/768;\" \/><\/a>\n\t\t\t<\/dt><\/dl><dl class='gallery-item'>\n\t\t\t<dt class='gallery-icon landscape'>\n\t\t\t\t<a href='https:\/\/obispadodelinares.cl\/ol\/wp-content\/uploads\/2023\/05\/20230501_105605.png'><img decoding=\"async\" width=\"1024\" height=\"768\" data-src=\"https:\/\/obispadodelinares.cl\/ol\/wp-content\/uploads\/2023\/05\/20230501_105605.png\" class=\"attachment-large size-large lazyload\" alt=\"\" data-srcset=\"https:\/\/obispadodelinares.cl\/ol\/wp-content\/uploads\/2023\/05\/20230501_105605.png 1024w, https:\/\/obispadodelinares.cl\/ol\/wp-content\/uploads\/2023\/05\/20230501_105605-300x225.png 300w, https:\/\/obispadodelinares.cl\/ol\/wp-content\/uploads\/2023\/05\/20230501_105605-768x576.png 768w\" data-sizes=\"(max-width: 1024px) 100vw, 1024px\" src=\"data:image\/svg+xml;base64,PHN2ZyB3aWR0aD0iMSIgaGVpZ2h0PSIxIiB4bWxucz0iaHR0cDovL3d3dy53My5vcmcvMjAwMC9zdmciPjwvc3ZnPg==\" style=\"--smush-placeholder-width: 1024px; --smush-placeholder-aspect-ratio: 1024\/768;\" \/><\/a>\n\t\t\t<\/dt><\/dl><br style=\"clear: both\" \/><dl class='gallery-item'>\n\t\t\t<dt class='gallery-icon landscape'>\n\t\t\t\t<a href='https:\/\/obispadodelinares.cl\/ol\/wp-content\/uploads\/2023\/05\/20230501_115645.png'><img decoding=\"async\" width=\"1024\" height=\"768\" data-src=\"https:\/\/obispadodelinares.cl\/ol\/wp-content\/uploads\/2023\/05\/20230501_115645.png\" class=\"attachment-large size-large lazyload\" alt=\"\" data-srcset=\"https:\/\/obispadodelinares.cl\/ol\/wp-content\/uploads\/2023\/05\/20230501_115645.png 1024w, https:\/\/obispadodelinares.cl\/ol\/wp-content\/uploads\/2023\/05\/20230501_115645-300x225.png 300w, https:\/\/obispadodelinares.cl\/ol\/wp-content\/uploads\/2023\/05\/20230501_115645-768x576.png 768w\" data-sizes=\"(max-width: 1024px) 100vw, 1024px\" src=\"data:image\/svg+xml;base64,PHN2ZyB3aWR0aD0iMSIgaGVpZ2h0PSIxIiB4bWxucz0iaHR0cDovL3d3dy53My5vcmcvMjAwMC9zdmciPjwvc3ZnPg==\" style=\"--smush-placeholder-width: 1024px; --smush-placeholder-aspect-ratio: 1024\/768;\" \/><\/a>\n\t\t\t<\/dt><\/dl><dl class='gallery-item'>\n\t\t\t<dt class='gallery-icon landscape'>\n\t\t\t\t<a href='https:\/\/obispadodelinares.cl\/ol\/wp-content\/uploads\/2023\/05\/20230501_134333.png'><img decoding=\"async\" width=\"1024\" height=\"768\" data-src=\"https:\/\/obispadodelinares.cl\/ol\/wp-content\/uploads\/2023\/05\/20230501_134333.png\" class=\"attachment-large size-large lazyload\" alt=\"\" data-srcset=\"https:\/\/obispadodelinares.cl\/ol\/wp-content\/uploads\/2023\/05\/20230501_134333.png 1024w, https:\/\/obispadodelinares.cl\/ol\/wp-content\/uploads\/2023\/05\/20230501_134333-300x225.png 300w, https:\/\/obispadodelinares.cl\/ol\/wp-content\/uploads\/2023\/05\/20230501_134333-768x576.png 768w\" data-sizes=\"(max-width: 1024px) 100vw, 1024px\" src=\"data:image\/svg+xml;base64,PHN2ZyB3aWR0aD0iMSIgaGVpZ2h0PSIxIiB4bWxucz0iaHR0cDovL3d3dy53My5vcmcvMjAwMC9zdmciPjwvc3ZnPg==\" style=\"--smush-placeholder-width: 1024px; --smush-placeholder-aspect-ratio: 1024\/768;\" \/><\/a>\n\t\t\t<\/dt><\/dl>\n\t\t\t<br style='clear: both' \/>\n\t\t<\/div>\n\n","protected":false},"excerpt":{"rendered":"<p>Entre monta\u00f1as, cerros y bosques se desarrolla una hermosa expresi\u00f3n de religiosidad popular, que este a\u00f1o cumpli\u00f3 60 a\u00f1os congregando a sus devotos, es La Fiesta de la Virgen de Mayo en Cabrer\u00eda, una tradici\u00f3n que naci\u00f3 el 21 de mayo de 1963, y es una oportunidad m\u00e1s para que los habitantes de la zona [&hellip;]<\/p>\n","protected":false},"author":1,"featured_media":16173,"comment_status":"closed","ping_status":"closed","sticky":false,"template":"","format":"standard","meta":{"h5ap_radio_sources":[],"footnotes":""},"categories":[414,372,74],"tags":[428,78,255,427],"class_list":["post-16160","post","type-post","status-publish","format-standard","has-post-thumbnail","hentry","category-414","category-centenario","category-fiesta-religiosa","tag-cabreria","tag-cauquenes","tag-parroquia-san-alfonso","tag-virgen-de-mayo"],"_links":{"self":[{"href":"https:\/\/obispadodelinares.cl\/ol\/index.php?rest_route=\/wp\/v2\/posts\/16160","targetHints":{"allow":["GET"]}}],"collection":[{"href":"https:\/\/obispadodelinares.cl\/ol\/index.php?rest_route=\/wp\/v2\/posts"}],"about":[{"href":"https:\/\/obispadodelinares.cl\/ol\/index.php?rest_route=\/wp\/v2\/types\/post"}],"author":[{"embeddable":true,"href":"https:\/\/obispadodelinares.cl\/ol\/index.php?rest_route=\/wp\/v2\/users\/1"}],"replies":[{"embeddable":true,"href":"https:\/\/obispadodelinares.cl\/ol\/index.php?rest_route=%2Fwp%2Fv2%2Fcomments&post=16160"}],"version-history":[{"count":0,"href":"https:\/\/obispadodelinares.cl\/ol\/index.php?rest_route=\/wp\/v2\/posts\/16160\/revisions"}],"wp:featuredmedia":[{"embeddable":true,"href":"https:\/\/obispadodelinares.cl\/ol\/index.php?rest_route=\/wp\/v2\/media\/16173"}],"wp:attachment":[{"href":"https:\/\/obispadodelinares.cl\/ol\/index.php?rest_route=%2Fwp%2Fv2%2Fmedia&parent=16160"}],"wp:term":[{"taxonomy":"category","embeddable":true,"href":"https:\/\/obispadodelinares.cl\/ol\/index.php?rest_route=%2Fwp%2Fv2%2Fcategories&post=16160"},{"taxonomy":"post_tag","embeddable":true,"href":"https:\/\/obispadodelinares.cl\/ol\/index.php?rest_route=%2Fwp%2Fv2%2Ftags&post=16160"}],"curies":[{"name":"wp","href":"https:\/\/api.w.org\/{rel}","templated":true}]}}