{"id":16014,"date":"2023-03-07T11:53:57","date_gmt":"2023-03-07T11:53:57","guid":{"rendered":"http:\/\/obispadodelinares.cl\/ol\/?p=16014"},"modified":"2023-03-07T11:53:57","modified_gmt":"2023-03-07T11:53:57","slug":"nos-disponemos-a-escuchar-lo-que-el-espiritu-santo-le-dice-a-la-iglesia-en-el-camino-sinodal","status":"publish","type":"post","link":"https:\/\/obispadodelinares.cl\/ol\/?p=16014","title":{"rendered":"\u00abNos disponemos a escuchar lo que el Esp\u00edritu Santo le dice a la Iglesia en el camino sinodal\u00bb"},"content":{"rendered":"<p>Desde Brasil, la Secretaria General Adjunta del Episcopado chileno, relata lo que vivi\u00f3 la delegaci\u00f3n nacional en el primer d\u00eda de participaci\u00f3n de la Asamblea Sinodal del Cono Sur.<\/p>\n<p>&nbsp;<\/p>\n<p>&nbsp;<\/p>\n<p><iframe title=\"Valeria L\u00f3pez Mancini relata el inicio de la Asamblea Sinodal del Cono Sur\" width=\"500\" height=\"281\" src=\"https:\/\/www.youtube.com\/embed\/RjsjlQnaL9k?feature=oembed\" frameborder=\"0\" allow=\"accelerometer; autoplay; clipboard-write; encrypted-media; gyroscope; picture-in-picture; web-share\" referrerpolicy=\"strict-origin-when-cross-origin\" allowfullscreen><\/iframe><\/p>\n<p>&nbsp;<\/p>\n<p>Valeria L\u00f3pez Mancini detalla que\u00a0<b><a href=\"http:\/\/www.iglesia.cl\/45318-inicio-de-la-asamblea-sinodal-del-cono-sur-la-dignidad-bautismal-como-criterio-estructurante.html\" target=\"_blank\" rel=\"noopener\">el inicio del encuentro de la regi\u00f3n Cono Sur<\/a><\/b>, en el marco de la etapa continental del S\u00ednodo, estuvo en manos del Presidente del CELAM, Mons. Miguel Cabrejos Vidarte OFM, Arzobispo de Trujillo; el cardenal Paulo C\u00e9sar Costa, Arzobispo de Brasilia; Mons. Joel Portella Amado, Secretario General de la Conferencia de Obispos de Brasil; y la la Hna. Eliane Cordeiro, Presidenta de la Conferencia de Religiosos de Brasil.<\/p>\n<p>\u00abSobre el mensaje a todos los participantes del encuentro, Mons. Cabrejos hizo referencia a la eclesiolog\u00eda del Pueblo de Dios, propuesta por el Concilio Vaticano II y que el Papa Francisco nos llama a profundizar, desde la dignidad bautismal, la igualdad fundamental de los fieles, y la diversidad funcional, org\u00e1nica, a partir de los distintos estados, ministerios, carismas, y funciones. Este redescubrir al Pueblo de Dios como una totalidad, nos lleva necesariamente a reflexionar sobre la corresponsabilidad\u00bb, relata L\u00f3pez Mancini.<\/p>\n<p>Adem\u00e1s, la secretaria general adjunta explica que durante estos d\u00edas y mediante el m\u00e9todo de la conversaci\u00f3n espiritual \u00abnos disponemos, como Pueblo de Dios, a escuchar lo que el Esp\u00edritu Santo le dice a la Iglesia, en el camino sinodal\u00bb, agregando que \u00aba la escucha seguir\u00e1 el discernimiento, para acoger lo que el Esp\u00edritu Santo nos dice\u00bb. Tambi\u00e9n relata que Mons. Cabrejos hizo referencia al mensaje de Cuaresma del papa Francisco de este a\u00f1o \u00abcon la invitaci\u00f3n a ser artesanos de la sinodalidad en la vida ordinaria de nuestras comunidades\u00bb.<\/p>\n<p>\u00abLa jornada sigui\u00f3 con un retiro espiritual donde los participantes tuvimos oportunidad de hacer una lectura orante del DEC y se nos dio una introducci\u00f3n al m\u00e9todo de la conversaci\u00f3n espiritual, que ser\u00e1 con el cual trabajaremos el DEC\u00bb, cuenta la la representante de la CECh, a\u00f1adiendo que el trabajo se desarrollar\u00e1 en comunidades.<\/p>\n<p>Las actividades de la tarde de esta primera jornada, culminaron con el primer encuentro de los participantes en las comunidades. Adem\u00e1s, algunos integrantes de la delegaci\u00f3n chilena fueron convocados para colaborar con el trabajo de las comunidades, como coordinador o secretarios.<\/p>\n<p>La eucarist\u00eda inaugural, presidida por Mons. Cabrejos, marc\u00f3 el cierre de este primer d\u00eda.<\/p>\n<p>Fuente: Comunicaciones CECh &#8211; ADN Celam-Iglesia.cl<br \/>\nBrasilia, 07-03-2023<\/p>\n","protected":false},"excerpt":{"rendered":"<p>Desde Brasil, la Secretaria General Adjunta del Episcopado chileno, relata lo que vivi\u00f3 la delegaci\u00f3n nacional en el primer d\u00eda de participaci\u00f3n de la Asamblea Sinodal del Cono Sur. &nbsp; &nbsp; &nbsp; Valeria L\u00f3pez Mancini detalla que\u00a0el inicio del encuentro de la regi\u00f3n Cono Sur, en el marco de la etapa continental del S\u00ednodo, estuvo [&hellip;]<\/p>\n","protected":false},"author":1,"featured_media":16015,"comment_status":"closed","ping_status":"closed","sticky":false,"template":"","format":"standard","meta":{"h5ap_radio_sources":[],"footnotes":""},"categories":[414,359],"tags":[370,304],"class_list":["post-16014","post","type-post","status-publish","format-standard","has-post-thumbnail","hentry","category-414","category-asamblea-eclesial","tag-sinodalidad","tag-sinodo"],"_links":{"self":[{"href":"https:\/\/obispadodelinares.cl\/ol\/index.php?rest_route=\/wp\/v2\/posts\/16014","targetHints":{"allow":["GET"]}}],"collection":[{"href":"https:\/\/obispadodelinares.cl\/ol\/index.php?rest_route=\/wp\/v2\/posts"}],"about":[{"href":"https:\/\/obispadodelinares.cl\/ol\/index.php?rest_route=\/wp\/v2\/types\/post"}],"author":[{"embeddable":true,"href":"https:\/\/obispadodelinares.cl\/ol\/index.php?rest_route=\/wp\/v2\/users\/1"}],"replies":[{"embeddable":true,"href":"https:\/\/obispadodelinares.cl\/ol\/index.php?rest_route=%2Fwp%2Fv2%2Fcomments&post=16014"}],"version-history":[{"count":0,"href":"https:\/\/obispadodelinares.cl\/ol\/index.php?rest_route=\/wp\/v2\/posts\/16014\/revisions"}],"wp:featuredmedia":[{"embeddable":true,"href":"https:\/\/obispadodelinares.cl\/ol\/index.php?rest_route=\/wp\/v2\/media\/16015"}],"wp:attachment":[{"href":"https:\/\/obispadodelinares.cl\/ol\/index.php?rest_route=%2Fwp%2Fv2%2Fmedia&parent=16014"}],"wp:term":[{"taxonomy":"category","embeddable":true,"href":"https:\/\/obispadodelinares.cl\/ol\/index.php?rest_route=%2Fwp%2Fv2%2Fcategories&post=16014"},{"taxonomy":"post_tag","embeddable":true,"href":"https:\/\/obispadodelinares.cl\/ol\/index.php?rest_route=%2Fwp%2Fv2%2Ftags&post=16014"}],"curies":[{"name":"wp","href":"https:\/\/api.w.org\/{rel}","templated":true}]}}