{"id":16005,"date":"2023-03-06T14:37:50","date_gmt":"2023-03-06T14:37:50","guid":{"rendered":"http:\/\/obispadodelinares.cl\/ol\/?p=16005"},"modified":"2023-03-06T14:37:50","modified_gmt":"2023-03-06T14:37:50","slug":"delegacion-chilena-en-camino-al-encuentro-sinodal-del-cono-sur","status":"publish","type":"post","link":"https:\/\/obispadodelinares.cl\/ol\/?p=16005","title":{"rendered":"Delegaci\u00f3n chilena en camino al Encuentro Sinodal del Cono Sur"},"content":{"rendered":"<p>Representaci\u00f3n nacional\u00a0 se sumar\u00e1 a la jornada que se realizar\u00e1 entre el 6 al 10 de marzo en Brasilia donde participar\u00e1n tambi\u00e9n delegados de Paraguay, Argentina, Uruguay y Brasil.<\/p>\n<p>&nbsp;<\/p>\n\n\t\t<style type=\"text\/css\">\n\t\t\t#gallery-1 {\n\t\t\t\tmargin: auto;\n\t\t\t}\n\t\t\t#gallery-1 .gallery-item {\n\t\t\t\tfloat: left;\n\t\t\t\tmargin-top: 10px;\n\t\t\t\ttext-align: center;\n\t\t\t\twidth: 33%;\n\t\t\t}\n\t\t\t#gallery-1 img {\n\t\t\t\tborder: 2px solid #cfcfcf;\n\t\t\t}\n\t\t\t#gallery-1 .gallery-caption {\n\t\t\t\tmargin-left: 0;\n\t\t\t}\n\t\t\t\/* see gallery_shortcode() in wp-includes\/media.php *\/\n\t\t<\/style>\n\t\t<div id='gallery-1' class='gallery galleryid-16005 gallery-columns-3 gallery-size-large'><dl class='gallery-item'>\n\t\t\t<dt class='gallery-icon landscape'>\n\t\t\t\t<a href='https:\/\/obispadodelinares.cl\/ol\/?attachment_id=16009'><img fetchpriority=\"high\" decoding=\"async\" width=\"1024\" height=\"652\" src=\"https:\/\/obispadodelinares.cl\/ol\/wp-content\/uploads\/2023\/03\/WhatsApp-Image-2023-03-05-at-09.55.34-1024x652.jpeg\" class=\"attachment-large size-large\" alt=\"\" srcset=\"https:\/\/obispadodelinares.cl\/ol\/wp-content\/uploads\/2023\/03\/WhatsApp-Image-2023-03-05-at-09.55.34-1024x652.jpeg 1024w, https:\/\/obispadodelinares.cl\/ol\/wp-content\/uploads\/2023\/03\/WhatsApp-Image-2023-03-05-at-09.55.34-300x191.jpeg 300w, https:\/\/obispadodelinares.cl\/ol\/wp-content\/uploads\/2023\/03\/WhatsApp-Image-2023-03-05-at-09.55.34-768x489.jpeg 768w, https:\/\/obispadodelinares.cl\/ol\/wp-content\/uploads\/2023\/03\/WhatsApp-Image-2023-03-05-at-09.55.34.jpeg 1280w\" sizes=\"(max-width: 1024px) 100vw, 1024px\" \/><\/a>\n\t\t\t<\/dt><\/dl><dl class='gallery-item'>\n\t\t\t<dt class='gallery-icon landscape'>\n\t\t\t\t<a href='https:\/\/obispadodelinares.cl\/ol\/?attachment_id=16008'><img decoding=\"async\" width=\"1024\" height=\"634\" data-src=\"https:\/\/obispadodelinares.cl\/ol\/wp-content\/uploads\/2023\/03\/WhatsApp-Image-2023-03-05-at-09.55.33-1024x634.jpeg\" class=\"attachment-large size-large lazyload\" alt=\"\" data-srcset=\"https:\/\/obispadodelinares.cl\/ol\/wp-content\/uploads\/2023\/03\/WhatsApp-Image-2023-03-05-at-09.55.33-1024x634.jpeg 1024w, https:\/\/obispadodelinares.cl\/ol\/wp-content\/uploads\/2023\/03\/WhatsApp-Image-2023-03-05-at-09.55.33-300x186.jpeg 300w, https:\/\/obispadodelinares.cl\/ol\/wp-content\/uploads\/2023\/03\/WhatsApp-Image-2023-03-05-at-09.55.33-768x476.jpeg 768w, https:\/\/obispadodelinares.cl\/ol\/wp-content\/uploads\/2023\/03\/WhatsApp-Image-2023-03-05-at-09.55.33.jpeg 1280w\" data-sizes=\"(max-width: 1024px) 100vw, 1024px\" src=\"data:image\/svg+xml;base64,PHN2ZyB3aWR0aD0iMSIgaGVpZ2h0PSIxIiB4bWxucz0iaHR0cDovL3d3dy53My5vcmcvMjAwMC9zdmciPjwvc3ZnPg==\" style=\"--smush-placeholder-width: 1024px; --smush-placeholder-aspect-ratio: 1024\/634;\" \/><\/a>\n\t\t\t<\/dt><\/dl><dl class='gallery-item'>\n\t\t\t<dt class='gallery-icon landscape'>\n\t\t\t\t<a href='https:\/\/obispadodelinares.cl\/ol\/?attachment_id=16007'><img decoding=\"async\" width=\"1024\" height=\"768\" data-src=\"https:\/\/obispadodelinares.cl\/ol\/wp-content\/uploads\/2023\/03\/WhatsApp-Image-2023-03-05-at-09.55.32.jpeg\" class=\"attachment-large size-large lazyload\" alt=\"\" data-srcset=\"https:\/\/obispadodelinares.cl\/ol\/wp-content\/uploads\/2023\/03\/WhatsApp-Image-2023-03-05-at-09.55.32.jpeg 1024w, https:\/\/obispadodelinares.cl\/ol\/wp-content\/uploads\/2023\/03\/WhatsApp-Image-2023-03-05-at-09.55.32-300x225.jpeg 300w, https:\/\/obispadodelinares.cl\/ol\/wp-content\/uploads\/2023\/03\/WhatsApp-Image-2023-03-05-at-09.55.32-768x576.jpeg 768w\" data-sizes=\"(max-width: 1024px) 100vw, 1024px\" src=\"data:image\/svg+xml;base64,PHN2ZyB3aWR0aD0iMSIgaGVpZ2h0PSIxIiB4bWxucz0iaHR0cDovL3d3dy53My5vcmcvMjAwMC9zdmciPjwvc3ZnPg==\" style=\"--smush-placeholder-width: 1024px; --smush-placeholder-aspect-ratio: 1024\/768;\" \/><\/a>\n\t\t\t<\/dt><\/dl><br style=\"clear: both\" \/><dl class='gallery-item'>\n\t\t\t<dt class='gallery-icon landscape'>\n\t\t\t\t<a href='https:\/\/obispadodelinares.cl\/ol\/?attachment_id=16006'><img decoding=\"async\" width=\"1024\" height=\"689\" data-src=\"https:\/\/obispadodelinares.cl\/ol\/wp-content\/uploads\/2023\/03\/WhatsApp-Image-2023-03-05-at-09.55.32-1-1024x689.jpeg\" class=\"attachment-large size-large lazyload\" alt=\"\" data-srcset=\"https:\/\/obispadodelinares.cl\/ol\/wp-content\/uploads\/2023\/03\/WhatsApp-Image-2023-03-05-at-09.55.32-1-1024x689.jpeg 1024w, https:\/\/obispadodelinares.cl\/ol\/wp-content\/uploads\/2023\/03\/WhatsApp-Image-2023-03-05-at-09.55.32-1-300x202.jpeg 300w, https:\/\/obispadodelinares.cl\/ol\/wp-content\/uploads\/2023\/03\/WhatsApp-Image-2023-03-05-at-09.55.32-1-768x517.jpeg 768w, https:\/\/obispadodelinares.cl\/ol\/wp-content\/uploads\/2023\/03\/WhatsApp-Image-2023-03-05-at-09.55.32-1-1536x1034.jpeg 1536w, https:\/\/obispadodelinares.cl\/ol\/wp-content\/uploads\/2023\/03\/WhatsApp-Image-2023-03-05-at-09.55.32-1.jpeg 1600w\" data-sizes=\"(max-width: 1024px) 100vw, 1024px\" src=\"data:image\/svg+xml;base64,PHN2ZyB3aWR0aD0iMSIgaGVpZ2h0PSIxIiB4bWxucz0iaHR0cDovL3d3dy53My5vcmcvMjAwMC9zdmciPjwvc3ZnPg==\" style=\"--smush-placeholder-width: 1024px; --smush-placeholder-aspect-ratio: 1024\/689;\" \/><\/a>\n\t\t\t<\/dt><\/dl>\n\t\t\t<br style='clear: both' \/>\n\t\t<\/div>\n\n<p>&nbsp;<\/p>\n<p>&nbsp;<\/p>\n","protected":false},"excerpt":{"rendered":"<p>Representaci\u00f3n nacional\u00a0 se sumar\u00e1 a la jornada que se realizar\u00e1 entre el 6 al 10 de marzo en Brasilia donde participar\u00e1n tambi\u00e9n delegados de Paraguay, Argentina, Uruguay y Brasil. &nbsp; &nbsp; &nbsp;<\/p>\n","protected":false},"author":1,"featured_media":16007,"comment_status":"closed","ping_status":"closed","sticky":false,"template":"","format":"standard","meta":{"h5ap_radio_sources":[],"footnotes":""},"categories":[414,359],"tags":[417],"class_list":["post-16005","post","type-post","status-publish","format-standard","has-post-thumbnail","hentry","category-414","category-asamblea-eclesial","tag-encuentro-sinodal-del-cono-sur"],"_links":{"self":[{"href":"https:\/\/obispadodelinares.cl\/ol\/index.php?rest_route=\/wp\/v2\/posts\/16005","targetHints":{"allow":["GET"]}}],"collection":[{"href":"https:\/\/obispadodelinares.cl\/ol\/index.php?rest_route=\/wp\/v2\/posts"}],"about":[{"href":"https:\/\/obispadodelinares.cl\/ol\/index.php?rest_route=\/wp\/v2\/types\/post"}],"author":[{"embeddable":true,"href":"https:\/\/obispadodelinares.cl\/ol\/index.php?rest_route=\/wp\/v2\/users\/1"}],"replies":[{"embeddable":true,"href":"https:\/\/obispadodelinares.cl\/ol\/index.php?rest_route=%2Fwp%2Fv2%2Fcomments&post=16005"}],"version-history":[{"count":0,"href":"https:\/\/obispadodelinares.cl\/ol\/index.php?rest_route=\/wp\/v2\/posts\/16005\/revisions"}],"wp:featuredmedia":[{"embeddable":true,"href":"https:\/\/obispadodelinares.cl\/ol\/index.php?rest_route=\/wp\/v2\/media\/16007"}],"wp:attachment":[{"href":"https:\/\/obispadodelinares.cl\/ol\/index.php?rest_route=%2Fwp%2Fv2%2Fmedia&parent=16005"}],"wp:term":[{"taxonomy":"category","embeddable":true,"href":"https:\/\/obispadodelinares.cl\/ol\/index.php?rest_route=%2Fwp%2Fv2%2Fcategories&post=16005"},{"taxonomy":"post_tag","embeddable":true,"href":"https:\/\/obispadodelinares.cl\/ol\/index.php?rest_route=%2Fwp%2Fv2%2Ftags&post=16005"}],"curies":[{"name":"wp","href":"https:\/\/api.w.org\/{rel}","templated":true}]}}