{"id":15890,"date":"2023-01-14T14:47:38","date_gmt":"2023-01-14T14:47:38","guid":{"rendered":"http:\/\/obispadodelinares.cl\/ol\/?p=15890"},"modified":"2023-01-14T18:50:54","modified_gmt":"2023-01-14T18:50:54","slug":"misioneros-fortalecen-compromiso-con-las-comunidades-locales","status":"publish","type":"post","link":"https:\/\/obispadodelinares.cl\/ol\/?p=15890","title":{"rendered":"Misioneros Fortalecen Compromiso con las Comunidades Locales"},"content":{"rendered":"<p><span style=\"font-weight: 400;\">En continuidad al proceso iniciado el a\u00f1o 2022, entre los d\u00edas 07 al 15 de enero, j\u00f3venes misioneros de la comunidad misionera Francisco de Sales del colegio El Patrocinio de San Jos\u00e9 y de Linares\u00a0 visitan y acompa\u00f1an\u00a0 las comunidades de San V\u00edctor \u00c1lamos, Don Bosco y San Antonio, ubicadas en sectores rurales de la parroquia Mar\u00eda Auxiliadora de Linares. Son diez misioneros que\u00a0 est\u00e1n fortaleciendo a la futura colectividad evangelizadora de Linares, correspondiente a 25 estudiantes.<\/span><\/p>\n<p>&nbsp;<\/p>\n<p><span style=\"font-weight: 400;\">El proceso misionero iniciado el a\u00f1o 2022 y que considera un proceso de 3 a\u00f1os, se fundament\u00f3 en su primera etapa, en el cuidado de la casa com\u00fan y la corresponsabilidad con la creaci\u00f3n, teniendo como fuente la enc\u00edclica Laudato Si. Durante esta segunda etapa el trabajo con la comunidad se centr\u00f3 en la sinodalidad, valorando la participaci\u00f3n y compromiso de cada persona en su comunidad, para ayudar en este discernimiento se trabajaron los siguientes temas:<\/span><\/p>\n<p><span style=\"font-weight: 400;\">-Feliz de Reencontrarnos<\/span><\/p>\n<p><span style=\"font-weight: 400;\">-Sinodalidad<\/span><\/p>\n<p><span style=\"font-weight: 400;\">-Todos somos Iglesia<\/span><\/p>\n<p><span style=\"font-weight: 400;\">-La importancia de la conversi\u00f3n de Pablo<\/span><\/p>\n<p><span style=\"font-weight: 400;\">-Mensajeros de la Paz<\/span><\/p>\n<p>&nbsp;<\/p>\n<p><span style=\"font-weight: 400;\">El trabajo en las comunidades comienza en la ma\u00f1ana, con la visita \u201cpuerta a puerta\u201d, para invitar a los ni\u00f1os a participar de las actividades recreativas y formativas, preparadas especialmente para ellos, y que se\u00a0 realizan durante la tarde en el \u201cQuincho Salesiano\u201d, hasta las 19:00 horas.<\/span><\/p>\n<p><span style=\"font-weight: 400;\">Tras terminar de distribuir a los ni\u00f1os en sus localidades, los participantes acuden a la Eucarist\u00eda en una de las comunidades junto al P. Director de la Obra (P. Jorge Barrera) y Coordinador de Pastoral (P. Mauricio Jaques), para finalmente regresar al internado del colegio donde cenan, eval\u00faan el d\u00eda, proyectan el trabajo del d\u00eda siguiente, para luego descansar.Los misioneros de Linares regresan a sus hogares y al d\u00eda siguiente en las puertas del colegio se inicia una nueva jornada de misi\u00f3n y servicio evangelizador.<\/span><\/p>\n<p>&nbsp;<\/p>\n<p><span style=\"font-weight: 400;\">Acompa\u00f1an al grupo misionero las profesoras Claudia Olivares, Carmen Parada, Francisca Aravena, junto a\u00a0 la Sra Maritza Urrutia y Teresita Rojas que acompa\u00f1an en labores de log\u00edstica y acogida de los misioneros, tambi\u00e9n los sacerdotes\u00a0 P. Mauricio Jaques y P. Jorge Barrera, capellanes de las comunidades mencionadas.<\/span><\/p>\n<p><span style=\"font-weight: 400;\">Las comunidades, alegres de recibir a los misioneros, abren las puertas de sus hogares, comparten su vida y oran juntos por este tiempo de encuentro y crecimiento. De manera especial los Adultos Mayores que viven en el sector agradecen la visita y escucha activa de los misioneros. Para demostrar el cari\u00f1o cada comunidad organiz\u00f3 un almuerzo comunitario para agradecer este tiempo de misi\u00f3n.<\/span><\/p>\n<p><span style=\"font-weight: 400;\">Los misioneros llevan sobre todo en su coraz\u00f3n las experiencias del encuentro, la formaci\u00f3n, el trabajo comunitario, y el cari\u00f1o de las personas.<\/span><\/p>\n<p>&nbsp;<\/p>\n<p><span style=\"font-weight: 400;\">Fuente: Equipo Misionero,\u00a0 y\u00a0 Bolet\u00edn Salesiano.\u00a0<\/span><\/p>\n<p>Fotograf\u00edas gentileza P. Jorge Barrera y P. Mauricio Jacques<\/p>\n<p>&nbsp;<\/p>\n\n\t\t<style type=\"text\/css\">\n\t\t\t#gallery-1 {\n\t\t\t\tmargin: auto;\n\t\t\t}\n\t\t\t#gallery-1 .gallery-item {\n\t\t\t\tfloat: left;\n\t\t\t\tmargin-top: 10px;\n\t\t\t\ttext-align: center;\n\t\t\t\twidth: 33%;\n\t\t\t}\n\t\t\t#gallery-1 img {\n\t\t\t\tborder: 2px solid #cfcfcf;\n\t\t\t}\n\t\t\t#gallery-1 .gallery-caption {\n\t\t\t\tmargin-left: 0;\n\t\t\t}\n\t\t\t\/* see gallery_shortcode() in wp-includes\/media.php *\/\n\t\t<\/style>\n\t\t<div id='gallery-1' class='gallery galleryid-15890 gallery-columns-3 gallery-size-large'><dl class='gallery-item'>\n\t\t\t<dt class='gallery-icon landscape'>\n\t\t\t\t<a href='https:\/\/obispadodelinares.cl\/ol\/wp-content\/uploads\/2023\/01\/WhatsApp-Image-2023-01-12-at-13.04.59.jpeg'><img fetchpriority=\"high\" decoding=\"async\" width=\"1024\" height=\"768\" src=\"https:\/\/obispadodelinares.cl\/ol\/wp-content\/uploads\/2023\/01\/WhatsApp-Image-2023-01-12-at-13.04.59-1024x768.jpeg\" class=\"attachment-large size-large\" alt=\"\" srcset=\"https:\/\/obispadodelinares.cl\/ol\/wp-content\/uploads\/2023\/01\/WhatsApp-Image-2023-01-12-at-13.04.59-1024x768.jpeg 1024w, https:\/\/obispadodelinares.cl\/ol\/wp-content\/uploads\/2023\/01\/WhatsApp-Image-2023-01-12-at-13.04.59-300x225.jpeg 300w, https:\/\/obispadodelinares.cl\/ol\/wp-content\/uploads\/2023\/01\/WhatsApp-Image-2023-01-12-at-13.04.59-768x576.jpeg 768w, https:\/\/obispadodelinares.cl\/ol\/wp-content\/uploads\/2023\/01\/WhatsApp-Image-2023-01-12-at-13.04.59-1536x1152.jpeg 1536w, https:\/\/obispadodelinares.cl\/ol\/wp-content\/uploads\/2023\/01\/WhatsApp-Image-2023-01-12-at-13.04.59.jpeg 1600w\" sizes=\"(max-width: 1024px) 100vw, 1024px\" \/><\/a>\n\t\t\t<\/dt><\/dl><dl class='gallery-item'>\n\t\t\t<dt class='gallery-icon landscape'>\n\t\t\t\t<a href='https:\/\/obispadodelinares.cl\/ol\/wp-content\/uploads\/2023\/01\/IMG-20230112-WA0031.jpg'><img decoding=\"async\" width=\"1024\" height=\"768\" data-src=\"https:\/\/obispadodelinares.cl\/ol\/wp-content\/uploads\/2023\/01\/IMG-20230112-WA0031-1024x768.jpg\" class=\"attachment-large size-large lazyload\" alt=\"\" data-srcset=\"https:\/\/obispadodelinares.cl\/ol\/wp-content\/uploads\/2023\/01\/IMG-20230112-WA0031-1024x768.jpg 1024w, https:\/\/obispadodelinares.cl\/ol\/wp-content\/uploads\/2023\/01\/IMG-20230112-WA0031-300x225.jpg 300w, https:\/\/obispadodelinares.cl\/ol\/wp-content\/uploads\/2023\/01\/IMG-20230112-WA0031-768x576.jpg 768w, https:\/\/obispadodelinares.cl\/ol\/wp-content\/uploads\/2023\/01\/IMG-20230112-WA0031-1536x1152.jpg 1536w, https:\/\/obispadodelinares.cl\/ol\/wp-content\/uploads\/2023\/01\/IMG-20230112-WA0031.jpg 1600w\" data-sizes=\"(max-width: 1024px) 100vw, 1024px\" src=\"data:image\/svg+xml;base64,PHN2ZyB3aWR0aD0iMSIgaGVpZ2h0PSIxIiB4bWxucz0iaHR0cDovL3d3dy53My5vcmcvMjAwMC9zdmciPjwvc3ZnPg==\" style=\"--smush-placeholder-width: 1024px; --smush-placeholder-aspect-ratio: 1024\/768;\" \/><\/a>\n\t\t\t<\/dt><\/dl><dl class='gallery-item'>\n\t\t\t<dt class='gallery-icon landscape'>\n\t\t\t\t<a href='https:\/\/obispadodelinares.cl\/ol\/wp-content\/uploads\/2023\/01\/IMG-20230110-WA0010.jpg'><img decoding=\"async\" width=\"1024\" height=\"768\" data-src=\"https:\/\/obispadodelinares.cl\/ol\/wp-content\/uploads\/2023\/01\/IMG-20230110-WA0010-1024x768.jpg\" class=\"attachment-large size-large lazyload\" alt=\"\" data-srcset=\"https:\/\/obispadodelinares.cl\/ol\/wp-content\/uploads\/2023\/01\/IMG-20230110-WA0010-1024x768.jpg 1024w, https:\/\/obispadodelinares.cl\/ol\/wp-content\/uploads\/2023\/01\/IMG-20230110-WA0010-300x225.jpg 300w, https:\/\/obispadodelinares.cl\/ol\/wp-content\/uploads\/2023\/01\/IMG-20230110-WA0010-768x576.jpg 768w, https:\/\/obispadodelinares.cl\/ol\/wp-content\/uploads\/2023\/01\/IMG-20230110-WA0010-1536x1152.jpg 1536w, https:\/\/obispadodelinares.cl\/ol\/wp-content\/uploads\/2023\/01\/IMG-20230110-WA0010.jpg 1600w\" data-sizes=\"(max-width: 1024px) 100vw, 1024px\" src=\"data:image\/svg+xml;base64,PHN2ZyB3aWR0aD0iMSIgaGVpZ2h0PSIxIiB4bWxucz0iaHR0cDovL3d3dy53My5vcmcvMjAwMC9zdmciPjwvc3ZnPg==\" style=\"--smush-placeholder-width: 1024px; --smush-placeholder-aspect-ratio: 1024\/768;\" \/><\/a>\n\t\t\t<\/dt><\/dl><br style=\"clear: both\" \/><dl class='gallery-item'>\n\t\t\t<dt class='gallery-icon landscape'>\n\t\t\t\t<a href='https:\/\/obispadodelinares.cl\/ol\/wp-content\/uploads\/2023\/01\/IMG-20230110-WA0019.jpg'><img decoding=\"async\" width=\"1024\" height=\"768\" data-src=\"https:\/\/obispadodelinares.cl\/ol\/wp-content\/uploads\/2023\/01\/IMG-20230110-WA0019-1024x768.jpg\" class=\"attachment-large size-large lazyload\" alt=\"\" data-srcset=\"https:\/\/obispadodelinares.cl\/ol\/wp-content\/uploads\/2023\/01\/IMG-20230110-WA0019-1024x768.jpg 1024w, https:\/\/obispadodelinares.cl\/ol\/wp-content\/uploads\/2023\/01\/IMG-20230110-WA0019-300x225.jpg 300w, https:\/\/obispadodelinares.cl\/ol\/wp-content\/uploads\/2023\/01\/IMG-20230110-WA0019-768x576.jpg 768w, https:\/\/obispadodelinares.cl\/ol\/wp-content\/uploads\/2023\/01\/IMG-20230110-WA0019.jpg 1280w\" data-sizes=\"(max-width: 1024px) 100vw, 1024px\" src=\"data:image\/svg+xml;base64,PHN2ZyB3aWR0aD0iMSIgaGVpZ2h0PSIxIiB4bWxucz0iaHR0cDovL3d3dy53My5vcmcvMjAwMC9zdmciPjwvc3ZnPg==\" style=\"--smush-placeholder-width: 1024px; --smush-placeholder-aspect-ratio: 1024\/768;\" \/><\/a>\n\t\t\t<\/dt><\/dl><dl class='gallery-item'>\n\t\t\t<dt class='gallery-icon landscape'>\n\t\t\t\t<a href='https:\/\/obispadodelinares.cl\/ol\/wp-content\/uploads\/2023\/01\/IMG-20230110-WA0023.jpg'><img decoding=\"async\" width=\"1024\" height=\"768\" data-src=\"https:\/\/obispadodelinares.cl\/ol\/wp-content\/uploads\/2023\/01\/IMG-20230110-WA0023-1024x768.jpg\" class=\"attachment-large size-large lazyload\" alt=\"\" data-srcset=\"https:\/\/obispadodelinares.cl\/ol\/wp-content\/uploads\/2023\/01\/IMG-20230110-WA0023-1024x768.jpg 1024w, https:\/\/obispadodelinares.cl\/ol\/wp-content\/uploads\/2023\/01\/IMG-20230110-WA0023-300x225.jpg 300w, https:\/\/obispadodelinares.cl\/ol\/wp-content\/uploads\/2023\/01\/IMG-20230110-WA0023-768x576.jpg 768w, https:\/\/obispadodelinares.cl\/ol\/wp-content\/uploads\/2023\/01\/IMG-20230110-WA0023.jpg 1280w\" data-sizes=\"(max-width: 1024px) 100vw, 1024px\" src=\"data:image\/svg+xml;base64,PHN2ZyB3aWR0aD0iMSIgaGVpZ2h0PSIxIiB4bWxucz0iaHR0cDovL3d3dy53My5vcmcvMjAwMC9zdmciPjwvc3ZnPg==\" style=\"--smush-placeholder-width: 1024px; --smush-placeholder-aspect-ratio: 1024\/768;\" \/><\/a>\n\t\t\t<\/dt><\/dl><dl class='gallery-item'>\n\t\t\t<dt class='gallery-icon landscape'>\n\t\t\t\t<a href='https:\/\/obispadodelinares.cl\/ol\/wp-content\/uploads\/2023\/01\/IMG-20230110-WA0036.jpg'><img decoding=\"async\" width=\"1024\" height=\"768\" data-src=\"https:\/\/obispadodelinares.cl\/ol\/wp-content\/uploads\/2023\/01\/IMG-20230110-WA0036-1024x768.jpg\" class=\"attachment-large size-large lazyload\" alt=\"\" data-srcset=\"https:\/\/obispadodelinares.cl\/ol\/wp-content\/uploads\/2023\/01\/IMG-20230110-WA0036-1024x768.jpg 1024w, https:\/\/obispadodelinares.cl\/ol\/wp-content\/uploads\/2023\/01\/IMG-20230110-WA0036-300x225.jpg 300w, https:\/\/obispadodelinares.cl\/ol\/wp-content\/uploads\/2023\/01\/IMG-20230110-WA0036-768x576.jpg 768w, https:\/\/obispadodelinares.cl\/ol\/wp-content\/uploads\/2023\/01\/IMG-20230110-WA0036-1536x1152.jpg 1536w, https:\/\/obispadodelinares.cl\/ol\/wp-content\/uploads\/2023\/01\/IMG-20230110-WA0036.jpg 1600w\" data-sizes=\"(max-width: 1024px) 100vw, 1024px\" src=\"data:image\/svg+xml;base64,PHN2ZyB3aWR0aD0iMSIgaGVpZ2h0PSIxIiB4bWxucz0iaHR0cDovL3d3dy53My5vcmcvMjAwMC9zdmciPjwvc3ZnPg==\" style=\"--smush-placeholder-width: 1024px; --smush-placeholder-aspect-ratio: 1024\/768;\" \/><\/a>\n\t\t\t<\/dt><\/dl><br style=\"clear: both\" \/><dl class='gallery-item'>\n\t\t\t<dt class='gallery-icon landscape'>\n\t\t\t\t<a href='https:\/\/obispadodelinares.cl\/ol\/wp-content\/uploads\/2023\/01\/IMG-20230108-WA0019_resized_20230112_102443189.jpg'><img decoding=\"async\" width=\"800\" height=\"600\" data-src=\"https:\/\/obispadodelinares.cl\/ol\/wp-content\/uploads\/2023\/01\/IMG-20230108-WA0019_resized_20230112_102443189.jpg\" class=\"attachment-large size-large lazyload\" alt=\"\" data-srcset=\"https:\/\/obispadodelinares.cl\/ol\/wp-content\/uploads\/2023\/01\/IMG-20230108-WA0019_resized_20230112_102443189.jpg 800w, https:\/\/obispadodelinares.cl\/ol\/wp-content\/uploads\/2023\/01\/IMG-20230108-WA0019_resized_20230112_102443189-300x225.jpg 300w, https:\/\/obispadodelinares.cl\/ol\/wp-content\/uploads\/2023\/01\/IMG-20230108-WA0019_resized_20230112_102443189-768x576.jpg 768w\" data-sizes=\"(max-width: 800px) 100vw, 800px\" src=\"data:image\/svg+xml;base64,PHN2ZyB3aWR0aD0iMSIgaGVpZ2h0PSIxIiB4bWxucz0iaHR0cDovL3d3dy53My5vcmcvMjAwMC9zdmciPjwvc3ZnPg==\" style=\"--smush-placeholder-width: 800px; --smush-placeholder-aspect-ratio: 800\/600;\" \/><\/a>\n\t\t\t<\/dt><\/dl><dl class='gallery-item'>\n\t\t\t<dt class='gallery-icon landscape'>\n\t\t\t\t<a href='https:\/\/obispadodelinares.cl\/ol\/wp-content\/uploads\/2023\/01\/WhatsApp-Image-2023-01-12-at-13.04.48-1.jpeg'><img decoding=\"async\" width=\"1024\" height=\"461\" data-src=\"https:\/\/obispadodelinares.cl\/ol\/wp-content\/uploads\/2023\/01\/WhatsApp-Image-2023-01-12-at-13.04.48-1-1024x461.jpeg\" class=\"attachment-large size-large lazyload\" alt=\"\" data-srcset=\"https:\/\/obispadodelinares.cl\/ol\/wp-content\/uploads\/2023\/01\/WhatsApp-Image-2023-01-12-at-13.04.48-1-1024x461.jpeg 1024w, https:\/\/obispadodelinares.cl\/ol\/wp-content\/uploads\/2023\/01\/WhatsApp-Image-2023-01-12-at-13.04.48-1-300x135.jpeg 300w, https:\/\/obispadodelinares.cl\/ol\/wp-content\/uploads\/2023\/01\/WhatsApp-Image-2023-01-12-at-13.04.48-1-768x346.jpeg 768w, https:\/\/obispadodelinares.cl\/ol\/wp-content\/uploads\/2023\/01\/WhatsApp-Image-2023-01-12-at-13.04.48-1-1536x691.jpeg 1536w, https:\/\/obispadodelinares.cl\/ol\/wp-content\/uploads\/2023\/01\/WhatsApp-Image-2023-01-12-at-13.04.48-1.jpeg 1600w\" data-sizes=\"(max-width: 1024px) 100vw, 1024px\" src=\"data:image\/svg+xml;base64,PHN2ZyB3aWR0aD0iMSIgaGVpZ2h0PSIxIiB4bWxucz0iaHR0cDovL3d3dy53My5vcmcvMjAwMC9zdmciPjwvc3ZnPg==\" style=\"--smush-placeholder-width: 1024px; --smush-placeholder-aspect-ratio: 1024\/461;\" \/><\/a>\n\t\t\t<\/dt><\/dl><dl class='gallery-item'>\n\t\t\t<dt class='gallery-icon portrait'>\n\t\t\t\t<a href='https:\/\/obispadodelinares.cl\/ol\/wp-content\/uploads\/2023\/01\/IMG-20230112-WA0002.jpg'><img decoding=\"async\" width=\"720\" height=\"723\" data-src=\"https:\/\/obispadodelinares.cl\/ol\/wp-content\/uploads\/2023\/01\/IMG-20230112-WA0002.jpg\" class=\"attachment-large size-large lazyload\" alt=\"\" data-srcset=\"https:\/\/obispadodelinares.cl\/ol\/wp-content\/uploads\/2023\/01\/IMG-20230112-WA0002.jpg 720w, https:\/\/obispadodelinares.cl\/ol\/wp-content\/uploads\/2023\/01\/IMG-20230112-WA0002-300x300.jpg 300w, https:\/\/obispadodelinares.cl\/ol\/wp-content\/uploads\/2023\/01\/IMG-20230112-WA0002-150x150.jpg 150w\" data-sizes=\"(max-width: 720px) 100vw, 720px\" src=\"data:image\/svg+xml;base64,PHN2ZyB3aWR0aD0iMSIgaGVpZ2h0PSIxIiB4bWxucz0iaHR0cDovL3d3dy53My5vcmcvMjAwMC9zdmciPjwvc3ZnPg==\" style=\"--smush-placeholder-width: 720px; --smush-placeholder-aspect-ratio: 720\/723;\" \/><\/a>\n\t\t\t<\/dt><\/dl><br style=\"clear: both\" \/><dl class='gallery-item'>\n\t\t\t<dt class='gallery-icon portrait'>\n\t\t\t\t<a href='https:\/\/obispadodelinares.cl\/ol\/wp-content\/uploads\/2023\/01\/IMG-20230112-WA0036.jpg'><img decoding=\"async\" width=\"637\" height=\"1024\" data-src=\"https:\/\/obispadodelinares.cl\/ol\/wp-content\/uploads\/2023\/01\/IMG-20230112-WA0036-637x1024.jpg\" class=\"attachment-large size-large lazyload\" alt=\"\" data-srcset=\"https:\/\/obispadodelinares.cl\/ol\/wp-content\/uploads\/2023\/01\/IMG-20230112-WA0036-637x1024.jpg 637w, https:\/\/obispadodelinares.cl\/ol\/wp-content\/uploads\/2023\/01\/IMG-20230112-WA0036-187x300.jpg 187w, https:\/\/obispadodelinares.cl\/ol\/wp-content\/uploads\/2023\/01\/IMG-20230112-WA0036-768x1235.jpg 768w, https:\/\/obispadodelinares.cl\/ol\/wp-content\/uploads\/2023\/01\/IMG-20230112-WA0036-955x1536.jpg 955w, https:\/\/obispadodelinares.cl\/ol\/wp-content\/uploads\/2023\/01\/IMG-20230112-WA0036.jpg 995w\" data-sizes=\"(max-width: 637px) 100vw, 637px\" src=\"data:image\/svg+xml;base64,PHN2ZyB3aWR0aD0iMSIgaGVpZ2h0PSIxIiB4bWxucz0iaHR0cDovL3d3dy53My5vcmcvMjAwMC9zdmciPjwvc3ZnPg==\" style=\"--smush-placeholder-width: 637px; --smush-placeholder-aspect-ratio: 637\/1024;\" \/><\/a>\n\t\t\t<\/dt><\/dl><dl class='gallery-item'>\n\t\t\t<dt class='gallery-icon portrait'>\n\t\t\t\t<a href='https:\/\/obispadodelinares.cl\/ol\/wp-content\/uploads\/2023\/01\/WhatsApp-Image-2023-01-12-at-13.04.49-4.jpeg'><img decoding=\"async\" width=\"768\" height=\"1024\" data-src=\"https:\/\/obispadodelinares.cl\/ol\/wp-content\/uploads\/2023\/01\/WhatsApp-Image-2023-01-12-at-13.04.49-4-768x1024.jpeg\" class=\"attachment-large size-large lazyload\" alt=\"\" data-srcset=\"https:\/\/obispadodelinares.cl\/ol\/wp-content\/uploads\/2023\/01\/WhatsApp-Image-2023-01-12-at-13.04.49-4-768x1024.jpeg 768w, https:\/\/obispadodelinares.cl\/ol\/wp-content\/uploads\/2023\/01\/WhatsApp-Image-2023-01-12-at-13.04.49-4-225x300.jpeg 225w, https:\/\/obispadodelinares.cl\/ol\/wp-content\/uploads\/2023\/01\/WhatsApp-Image-2023-01-12-at-13.04.49-4-1152x1536.jpeg 1152w, https:\/\/obispadodelinares.cl\/ol\/wp-content\/uploads\/2023\/01\/WhatsApp-Image-2023-01-12-at-13.04.49-4.jpeg 1200w\" data-sizes=\"(max-width: 768px) 100vw, 768px\" src=\"data:image\/svg+xml;base64,PHN2ZyB3aWR0aD0iMSIgaGVpZ2h0PSIxIiB4bWxucz0iaHR0cDovL3d3dy53My5vcmcvMjAwMC9zdmciPjwvc3ZnPg==\" style=\"--smush-placeholder-width: 768px; --smush-placeholder-aspect-ratio: 768\/1024;\" \/><\/a>\n\t\t\t<\/dt><\/dl><dl class='gallery-item'>\n\t\t\t<dt class='gallery-icon portrait'>\n\t\t\t\t<a href='https:\/\/obispadodelinares.cl\/ol\/wp-content\/uploads\/2023\/01\/WhatsApp-Image-2023-01-12-at-13.04.51-3.jpeg'><img decoding=\"async\" width=\"768\" height=\"1024\" data-src=\"https:\/\/obispadodelinares.cl\/ol\/wp-content\/uploads\/2023\/01\/WhatsApp-Image-2023-01-12-at-13.04.51-3-768x1024.jpeg\" class=\"attachment-large size-large lazyload\" alt=\"\" data-srcset=\"https:\/\/obispadodelinares.cl\/ol\/wp-content\/uploads\/2023\/01\/WhatsApp-Image-2023-01-12-at-13.04.51-3-768x1024.jpeg 768w, https:\/\/obispadodelinares.cl\/ol\/wp-content\/uploads\/2023\/01\/WhatsApp-Image-2023-01-12-at-13.04.51-3-225x300.jpeg 225w, https:\/\/obispadodelinares.cl\/ol\/wp-content\/uploads\/2023\/01\/WhatsApp-Image-2023-01-12-at-13.04.51-3-1152x1536.jpeg 1152w, https:\/\/obispadodelinares.cl\/ol\/wp-content\/uploads\/2023\/01\/WhatsApp-Image-2023-01-12-at-13.04.51-3.jpeg 1200w\" data-sizes=\"(max-width: 768px) 100vw, 768px\" src=\"data:image\/svg+xml;base64,PHN2ZyB3aWR0aD0iMSIgaGVpZ2h0PSIxIiB4bWxucz0iaHR0cDovL3d3dy53My5vcmcvMjAwMC9zdmciPjwvc3ZnPg==\" style=\"--smush-placeholder-width: 768px; --smush-placeholder-aspect-ratio: 768\/1024;\" \/><\/a>\n\t\t\t<\/dt><\/dl><br style=\"clear: both\" \/>\n\t\t<\/div>\n\n<p>&nbsp;<\/p>\n<p><iframe title=\"Misiones Salesianas en comunidades de San V\u00edctor \u00c1lamos, Don Bosco y San Antonio 2023\" width=\"500\" height=\"281\" src=\"https:\/\/www.youtube.com\/embed\/MFe2_a2eD0c?feature=oembed\" frameborder=\"0\" allow=\"accelerometer; autoplay; clipboard-write; encrypted-media; gyroscope; picture-in-picture; web-share\" referrerpolicy=\"strict-origin-when-cross-origin\" allowfullscreen><\/iframe><\/p>\n","protected":false},"excerpt":{"rendered":"<p>En continuidad al proceso iniciado el a\u00f1o 2022, entre los d\u00edas 07 al 15 de enero, j\u00f3venes misioneros de la comunidad misionera Francisco de Sales del colegio El Patrocinio de San Jos\u00e9 y de Linares\u00a0 visitan y acompa\u00f1an\u00a0 las comunidades de San V\u00edctor \u00c1lamos, Don Bosco y San Antonio, ubicadas en sectores rurales de la [&hellip;]<\/p>\n","protected":false},"author":1,"featured_media":15903,"comment_status":"closed","ping_status":"closed","sticky":false,"template":"","format":"standard","meta":{"h5ap_radio_sources":[],"footnotes":""},"categories":[414,372,102],"tags":[259,22,268,114],"class_list":["post-15890","post","type-post","status-publish","format-standard","has-post-thumbnail","hentry","category-414","category-centenario","category-misiones","tag-linares","tag-misiones","tag-parroquia-maria-auxiliadora","tag-salesianos"],"_links":{"self":[{"href":"https:\/\/obispadodelinares.cl\/ol\/index.php?rest_route=\/wp\/v2\/posts\/15890","targetHints":{"allow":["GET"]}}],"collection":[{"href":"https:\/\/obispadodelinares.cl\/ol\/index.php?rest_route=\/wp\/v2\/posts"}],"about":[{"href":"https:\/\/obispadodelinares.cl\/ol\/index.php?rest_route=\/wp\/v2\/types\/post"}],"author":[{"embeddable":true,"href":"https:\/\/obispadodelinares.cl\/ol\/index.php?rest_route=\/wp\/v2\/users\/1"}],"replies":[{"embeddable":true,"href":"https:\/\/obispadodelinares.cl\/ol\/index.php?rest_route=%2Fwp%2Fv2%2Fcomments&post=15890"}],"version-history":[{"count":0,"href":"https:\/\/obispadodelinares.cl\/ol\/index.php?rest_route=\/wp\/v2\/posts\/15890\/revisions"}],"wp:featuredmedia":[{"embeddable":true,"href":"https:\/\/obispadodelinares.cl\/ol\/index.php?rest_route=\/wp\/v2\/media\/15903"}],"wp:attachment":[{"href":"https:\/\/obispadodelinares.cl\/ol\/index.php?rest_route=%2Fwp%2Fv2%2Fmedia&parent=15890"}],"wp:term":[{"taxonomy":"category","embeddable":true,"href":"https:\/\/obispadodelinares.cl\/ol\/index.php?rest_route=%2Fwp%2Fv2%2Fcategories&post=15890"},{"taxonomy":"post_tag","embeddable":true,"href":"https:\/\/obispadodelinares.cl\/ol\/index.php?rest_route=%2Fwp%2Fv2%2Ftags&post=15890"}],"curies":[{"name":"wp","href":"https:\/\/api.w.org\/{rel}","templated":true}]}}