{"id":15797,"date":"2023-01-03T13:24:23","date_gmt":"2023-01-03T13:24:23","guid":{"rendered":"http:\/\/obispadodelinares.cl\/ol\/?p=15797"},"modified":"2023-01-03T13:24:23","modified_gmt":"2023-01-03T13:24:23","slug":"francisco-el-nuevo-ano-comienza-bajo-el-signo-de-la-santa-madre-de-dios","status":"publish","type":"post","link":"https:\/\/obispadodelinares.cl\/ol\/?p=15797","title":{"rendered":"Francisco: El nuevo a\u00f1o comienza bajo el signo de la Santa Madre de Dios"},"content":{"rendered":"<p class=\"bajada_noticias_int\"><em>En la Solemnidad de la Virgen Mar\u00eda Madre de Dios el Pont\u00edfice invoca la paz por intercesi\u00f3n de la Virgen Mar\u00eda, singo de \u201cesperanza\u201d, y Madre de Jesucristo Pr\u00edncipe de la Paz. Y encomend\u00f3 al Papa em\u00e9rito \u201cpara que le acompa\u00f1e en su paso de este mundo a Dios\u201d.<\/em><\/p>\n<p>\u201cEl a\u00f1o, que se abre bajo el signo de la Madre de Dios y nuestra, nos dice que la llave de la esperanza es Mar\u00eda, y la ant\u00edfona de la esperanza es la invocaci\u00f3n Santa Madre de Dios\u201d, expres\u00f3 el Papa Francisco en la misa de la ma\u00f1ana del 1 de enero 2023 en la Bas\u00edlica de San Pedro del Vaticano, teniendo presente tambi\u00e9n una oraci\u00f3n especial por el fallecido Papa em\u00e9rito Benedicto XVI, y por la paz en el mundo.<\/p>\n<p>\u201cY hoy encomendamos a la Virgen a nuestro amado Papa em\u00e9rito Benedicto XVI para que le acompa\u00f1e en su paso de este mundo a Dios\u201d, expres\u00f3 el Pont\u00edfice.<\/p>\n<p>En la homil\u00eda de la Solemnidad de Santa Mar\u00eda Madre de Dios, el Papa Francisco reflexion\u00f3 sobre un aspecto fundamental de la fe, \u201cuna noticia bell\u00edsima: Dios tiene una Madre y de ese modo se ha vinculado para siempre con nuestra humanidad, como un hijo con su madre, hasta el punto de que nuestra humanidad es su humanidad\u201d, Y c\u00f3mo de esta manera, Dios se hace cercano a la humanidad \u201cabraz\u00e1ndola de forma real y plena\u201d, y de esta manera expresando su amor.<\/p>\n<p>\u201cDios no nos ama de palabra, sino con hechos; no lo hace \u201cdesde lo alto\u201d, de lejos, sino \u201cde cerca\u201d, desde el interior de nuestra carne, porque en Mar\u00eda el Verbo se hizo carne, porque en el pecho de Cristo sigue latiendo un coraz\u00f3n de carne, que palpita por cada uno de nosotros\u201d.<\/p>\n<p>Santa Mar\u00eda, Madre de Dios, ruega por nosotros pecadores<br \/>\nEl t\u00edtulo \u201cSanta Madre Dios\u201d mencion\u00f3 el Papa Francisco, entr\u00f3 \u00aben el coraz\u00f3n del santo Pueblo de Dios, en la oraci\u00f3n m\u00e1s familiar y hogare\u00f1a, que acompa\u00f1a el ritmo de las jornadas, los momentos m\u00e1s penosos y las esperanzas m\u00e1s audaces: el Avemar\u00eda\u201d. En cuya plegaria dice el Santo Padre: \u00abSanta Mar\u00eda, Madre de Dios, ruega por nosotros pecadores\u00bb. Esta invocaci\u00f3n muchas veces marc\u00f3 el ritmo de nuestras jornadas y permiti\u00f3 a Dios acercarse, por medio de Mar\u00eda, a nuestras vidas y a nuestra historia\u00bb.<\/p>\n<p>Exhort\u00f3 Francisco a pedir la intercesi\u00f3n de la Virgen Mar\u00eda, la paz en el mundo: \u00abA trav\u00e9s de las manos de una Madre, la paz de Dios quiere entrar en nuestras casas, en nuestros corazones, en nuestro mundo\u00bb.<\/p>\n<p>\u201cRecemos a la Madre de modo especial por los hijos que sufren y ya no tienen fuerzas para rezar, por tantos hermanos y hermanas afectados por la guerra en muchas partes de mundo, que viven estos d\u00edas de fiesta en la oscuridad y a la intemperie, en la miseria y con miedo, sumergidos en la violencia y en la indiferencia\u201d.<\/p>\n<p>Los pastores fueron y vieron<br \/>\nY como compromiso de todos para construir la paz, el Papa invit\u00f3 a dejarse aconsejar por los primeros que vieron a la Madre con el Ni\u00f1o, los pastores de Bel\u00e9n: \u201cEl Evangelio subraya de los pastores, sobre todo, dos gestos muy sencillos, que, sin embargo, no siempre son f\u00e1ciles. Los pastores fueron y vieron: ir y ver\u201d.<\/p>\n<p>\u201cHoy, al comienzo del a\u00f1o, en lugar de sentarnos a pensar y a esperar que las cosas cambien, nos vendr\u00eda bien preguntarnos: Yo, \u00bfhacia d\u00f3nde quiero ir este a\u00f1o? \u00bfA qui\u00e9n voy a hacer el bien?\u201d.<\/p>\n<p>\u201cIr y ver -expres\u00f3 Francisco-. Hoy el Se\u00f1or ha venido entre nosotros y la Santa Madre de Dios lo pone ante nuestros ojos. Redescubramos, en el impulso de ir y en el asombro de ver, los secretos para hacer este a\u00f1o verdaderamente nuevo.<\/p>\n<p>Finaliz\u00f3 el Papa la homil\u00eda aclamando junto a los fieles: \u00a1Santa Madre de Dios! \u00a1Santa Madre de Dios! \u00a1Santa Madre de Dios!<\/p>\n<p>Fuente e imagen:\u00a0<b><a href=\"https:\/\/www.vaticannews.va\/es\/papa\/news\/2023-01\/francisco-nuevo-anno-madre-de-dios-1-enero.html\" target=\"_blank\" rel=\"noopener\">Vatican News<\/a><\/b>\u00a0&#8211;\u00a0<b><a href=\"https:\/\/www.vatican.va\/content\/francesco\/es\/events\/event.dir.html\/content\/vaticanevents\/es\/2023\/1\/1\/madre-di-dio.html\" target=\"_blank\" rel=\"noopener\">Vatican Media<\/a><\/b><br \/>\n<span class=\"texto_fecha\"><em>Ciudad del Vaticano, 01-01-2023<\/em><\/span><\/p>\n<p>&nbsp;<\/p>\n<p><iframe title=\"01 enero de 2023, Santa Misa en la solemnidad  de Mar\u00eda Sant\u00edsima | Papa Francisco\" width=\"500\" height=\"281\" src=\"https:\/\/www.youtube.com\/embed\/7_NVYDHbUHE?feature=oembed\" frameborder=\"0\" allow=\"accelerometer; autoplay; clipboard-write; encrypted-media; gyroscope; picture-in-picture; web-share\" referrerpolicy=\"strict-origin-when-cross-origin\" allowfullscreen><\/iframe><\/p>\n<div class=\"clearfix\"><\/div>\n<div class=\"row\">\n<div class=\"col col-12 redes\">\n<div class=\"float-left\">\n<div id=\"fb-root\" class=\" fb_reset\">\n<div>\n<div><\/div>\n<\/div>\n<\/div>\n<div class=\"fb-like fb_iframe_widget\" data-href=\"http:\/\/www.iglesia.cl\/detalle_noticia.php?id=45075\" data-send=\"true\" data-layout=\"button_count\" data-width=\"160\" data-show-faces=\"false\" data-font=\"tahoma\"><\/div>\n<\/div>\n<\/div>\n<\/div>\n","protected":false},"excerpt":{"rendered":"<p>En la Solemnidad de la Virgen Mar\u00eda Madre de Dios el Pont\u00edfice invoca la paz por intercesi\u00f3n de la Virgen Mar\u00eda, singo de \u201cesperanza\u201d, y Madre de Jesucristo Pr\u00edncipe de la Paz. Y encomend\u00f3 al Papa em\u00e9rito \u201cpara que le acompa\u00f1e en su paso de este mundo a Dios\u201d. \u201cEl a\u00f1o, que se abre bajo [&hellip;]<\/p>\n","protected":false},"author":1,"featured_media":1247,"comment_status":"closed","ping_status":"closed","sticky":false,"template":"","format":"standard","meta":{"h5ap_radio_sources":[],"footnotes":""},"categories":[414,181],"tags":[280,34],"class_list":["post-15797","post","type-post","status-publish","format-standard","has-post-thumbnail","hentry","category-414","category-papa-francisco","tag-mensaje","tag-papa-francisco"],"_links":{"self":[{"href":"https:\/\/obispadodelinares.cl\/ol\/index.php?rest_route=\/wp\/v2\/posts\/15797","targetHints":{"allow":["GET"]}}],"collection":[{"href":"https:\/\/obispadodelinares.cl\/ol\/index.php?rest_route=\/wp\/v2\/posts"}],"about":[{"href":"https:\/\/obispadodelinares.cl\/ol\/index.php?rest_route=\/wp\/v2\/types\/post"}],"author":[{"embeddable":true,"href":"https:\/\/obispadodelinares.cl\/ol\/index.php?rest_route=\/wp\/v2\/users\/1"}],"replies":[{"embeddable":true,"href":"https:\/\/obispadodelinares.cl\/ol\/index.php?rest_route=%2Fwp%2Fv2%2Fcomments&post=15797"}],"version-history":[{"count":0,"href":"https:\/\/obispadodelinares.cl\/ol\/index.php?rest_route=\/wp\/v2\/posts\/15797\/revisions"}],"wp:featuredmedia":[{"embeddable":true,"href":"https:\/\/obispadodelinares.cl\/ol\/index.php?rest_route=\/wp\/v2\/media\/1247"}],"wp:attachment":[{"href":"https:\/\/obispadodelinares.cl\/ol\/index.php?rest_route=%2Fwp%2Fv2%2Fmedia&parent=15797"}],"wp:term":[{"taxonomy":"category","embeddable":true,"href":"https:\/\/obispadodelinares.cl\/ol\/index.php?rest_route=%2Fwp%2Fv2%2Fcategories&post=15797"},{"taxonomy":"post_tag","embeddable":true,"href":"https:\/\/obispadodelinares.cl\/ol\/index.php?rest_route=%2Fwp%2Fv2%2Ftags&post=15797"}],"curies":[{"name":"wp","href":"https:\/\/api.w.org\/{rel}","templated":true}]}}