{"id":15727,"date":"2022-12-01T20:57:06","date_gmt":"2022-12-01T20:57:06","guid":{"rendered":"http:\/\/obispadodelinares.cl\/ol\/?p=15727"},"modified":"2022-12-01T20:57:06","modified_gmt":"2022-12-01T20:57:06","slug":"dia-internacional-de-personas-con-discapacidad","status":"publish","type":"post","link":"https:\/\/obispadodelinares.cl\/ol\/?p=15727","title":{"rendered":"D\u00eda Internacional de personas con Discapacidad"},"content":{"rendered":"<p><span style=\"font-weight: 400;\">Pidiendo al Se\u00f1or su ayuda para hacer vida la invitaci\u00f3n expresada en la frase \u201cSean misericordiosos, as\u00ed como el Padre de ustedes es Misericordioso\u201d, las organizaciones dedicadas al cuidado y acompa\u00f1amiento de personas con Discapacidades, junto a sus beneficiarios participaron de una hermosa Eucarist\u00eda en la Iglesia Catedral de Linares, invitados por Fundaci\u00f3n Caritas.<\/span><\/p>\n<p><span style=\"font-weight: 400;\">La ceremonia fue presidida por Monse\u00f1or Tomislav Koljatic, quien en su Homil\u00eda destac\u00f3 el valor de la persona humana desde su concepci\u00f3n, y la inmensa misericordia expresada, especialmente por quienes tienen a su cuidado a personas con discapacidad, ya sean familiares, cuidadores o profesionales que d\u00eda a d\u00eda ofrecen sus servicios y cuidado con inmenso amor.<\/span><\/p>\n<p><span style=\"font-weight: 400;\">Las instituciones asistentes fueron: Agrupaci\u00f3n Discapacitados Adultos, Linares ADALI, Servicio Nacional de Discapacidad Municipalidad, Agrupaci\u00f3n de Salud Mental Rehabilitaci\u00f3n y Esperanza, Corporaci\u00f3n Ni\u00f1os con Trastornos Autistas CONATEA,\u00a0 <\/span> <span style=\"font-weight: 400;\">Rostro Nuevos, Hogar de Cristo, Escuela Especial Hierbas Buenas, Maule DOWN,\u00a0 Organization \u00abVIDA\u00bb, Agrupa Visi\u00f3n, Club Deportivo Hospital D\u00eda \u00abIncl\u00fayeme\u00bb, Programa de Integraci\u00f3n del Colegio San Miguel Arc\u00e1ngel.<\/span><\/p>\n<p><span style=\"font-weight: 400;\">Al momento de presentar las ofrendas<\/span><\/p>\n<p><span style=\"font-weight: 400;\">Ante el Altar se present\u00f3 Pan y Vino, s\u00edmbolo de sus gozos y esperanzas, angustias,\u00a0 y dolores de la vida humana, que se ofrecen al Se\u00f1or en signo de confianza en el amor de Dios, fue llevado por ADALI<\/span><\/p>\n<p><span style=\"font-weight: 400;\">Trabajos manuales de Agrupaci\u00f3n Vida.<\/span><\/p>\n<p><span style=\"font-weight: 400;\">Un cuadro \u201cPropio del Trabajo en taller\u201d presentado por \u201cRehabilitaci\u00f3n y Esperanza\u201d.<\/span><\/p>\n<p><span style=\"font-weight: 400;\">Un \u201cLibro de estimulaci\u00f3n sensorial\u201d en donde se puede tocar el mundo en cada textura, as\u00ed como tambi\u00e9n expresar el amor de Cristo, tal como se siente en el coraz\u00f3n.<\/span><\/p>\n<p><span style=\"font-weight: 400;\">Las cuatro partes de un hermoso y gran coraz\u00f3n, que al unirlo representaba a todas las agrupaciones presentes y a las que por diversos motivos no pudieron participar y que simboliza la invitaci\u00f3n a comunicarse en el servicio, entrega y el amor hacia todas las personas sin distinci\u00f3n alguna, s\u00f3lo buscando ser cada d\u00eda m\u00e1s inclusivos y acogedores.<\/span><\/p>\n<p><span style=\"font-weight: 400;\">Esta acci\u00f3n de Gracias, une a todas las organizaciones en un solo coraz\u00f3n, como hermanos llamados a dar testimonio del gran amor que de Dios reciben y del cual deben dar testimonio en la vida de cada uno.<\/span><\/p>\n<p>&nbsp;<\/p>\n\n\t\t<style type=\"text\/css\">\n\t\t\t#gallery-1 {\n\t\t\t\tmargin: auto;\n\t\t\t}\n\t\t\t#gallery-1 .gallery-item {\n\t\t\t\tfloat: left;\n\t\t\t\tmargin-top: 10px;\n\t\t\t\ttext-align: center;\n\t\t\t\twidth: 33%;\n\t\t\t}\n\t\t\t#gallery-1 img {\n\t\t\t\tborder: 2px solid #cfcfcf;\n\t\t\t}\n\t\t\t#gallery-1 .gallery-caption {\n\t\t\t\tmargin-left: 0;\n\t\t\t}\n\t\t\t\/* see gallery_shortcode() in wp-includes\/media.php *\/\n\t\t<\/style>\n\t\t<div id='gallery-1' class='gallery galleryid-15727 gallery-columns-3 gallery-size-large'><dl class='gallery-item'>\n\t\t\t<dt class='gallery-icon landscape'>\n\t\t\t\t<a href='https:\/\/obispadodelinares.cl\/ol\/wp-content\/uploads\/2022\/12\/IMG_8165.png'><img fetchpriority=\"high\" decoding=\"async\" width=\"1024\" height=\"683\" src=\"https:\/\/obispadodelinares.cl\/ol\/wp-content\/uploads\/2022\/12\/IMG_8165.png\" class=\"attachment-large size-large\" alt=\"\" srcset=\"https:\/\/obispadodelinares.cl\/ol\/wp-content\/uploads\/2022\/12\/IMG_8165.png 1024w, https:\/\/obispadodelinares.cl\/ol\/wp-content\/uploads\/2022\/12\/IMG_8165-300x200.png 300w, https:\/\/obispadodelinares.cl\/ol\/wp-content\/uploads\/2022\/12\/IMG_8165-768x512.png 768w\" sizes=\"(max-width: 1024px) 100vw, 1024px\" \/><\/a>\n\t\t\t<\/dt><\/dl><dl class='gallery-item'>\n\t\t\t<dt class='gallery-icon landscape'>\n\t\t\t\t<a href='https:\/\/obispadodelinares.cl\/ol\/wp-content\/uploads\/2022\/12\/IMG_8164.png'><img decoding=\"async\" width=\"1024\" height=\"683\" data-src=\"https:\/\/obispadodelinares.cl\/ol\/wp-content\/uploads\/2022\/12\/IMG_8164.png\" class=\"attachment-large size-large lazyload\" alt=\"\" data-srcset=\"https:\/\/obispadodelinares.cl\/ol\/wp-content\/uploads\/2022\/12\/IMG_8164.png 1024w, https:\/\/obispadodelinares.cl\/ol\/wp-content\/uploads\/2022\/12\/IMG_8164-300x200.png 300w, https:\/\/obispadodelinares.cl\/ol\/wp-content\/uploads\/2022\/12\/IMG_8164-768x512.png 768w\" data-sizes=\"(max-width: 1024px) 100vw, 1024px\" src=\"data:image\/svg+xml;base64,PHN2ZyB3aWR0aD0iMSIgaGVpZ2h0PSIxIiB4bWxucz0iaHR0cDovL3d3dy53My5vcmcvMjAwMC9zdmciPjwvc3ZnPg==\" style=\"--smush-placeholder-width: 1024px; --smush-placeholder-aspect-ratio: 1024\/683;\" \/><\/a>\n\t\t\t<\/dt><\/dl><dl class='gallery-item'>\n\t\t\t<dt class='gallery-icon landscape'>\n\t\t\t\t<a href='https:\/\/obispadodelinares.cl\/ol\/wp-content\/uploads\/2022\/12\/IMG_8162.png'><img decoding=\"async\" width=\"1024\" height=\"683\" data-src=\"https:\/\/obispadodelinares.cl\/ol\/wp-content\/uploads\/2022\/12\/IMG_8162.png\" class=\"attachment-large size-large lazyload\" alt=\"\" data-srcset=\"https:\/\/obispadodelinares.cl\/ol\/wp-content\/uploads\/2022\/12\/IMG_8162.png 1024w, https:\/\/obispadodelinares.cl\/ol\/wp-content\/uploads\/2022\/12\/IMG_8162-300x200.png 300w, https:\/\/obispadodelinares.cl\/ol\/wp-content\/uploads\/2022\/12\/IMG_8162-768x512.png 768w\" data-sizes=\"(max-width: 1024px) 100vw, 1024px\" src=\"data:image\/svg+xml;base64,PHN2ZyB3aWR0aD0iMSIgaGVpZ2h0PSIxIiB4bWxucz0iaHR0cDovL3d3dy53My5vcmcvMjAwMC9zdmciPjwvc3ZnPg==\" style=\"--smush-placeholder-width: 1024px; --smush-placeholder-aspect-ratio: 1024\/683;\" \/><\/a>\n\t\t\t<\/dt><\/dl><br style=\"clear: both\" \/><dl class='gallery-item'>\n\t\t\t<dt class='gallery-icon landscape'>\n\t\t\t\t<a href='https:\/\/obispadodelinares.cl\/ol\/wp-content\/uploads\/2022\/12\/IMG_8161.png'><img decoding=\"async\" width=\"1024\" height=\"683\" data-src=\"https:\/\/obispadodelinares.cl\/ol\/wp-content\/uploads\/2022\/12\/IMG_8161.png\" class=\"attachment-large size-large lazyload\" alt=\"\" data-srcset=\"https:\/\/obispadodelinares.cl\/ol\/wp-content\/uploads\/2022\/12\/IMG_8161.png 1024w, https:\/\/obispadodelinares.cl\/ol\/wp-content\/uploads\/2022\/12\/IMG_8161-300x200.png 300w, https:\/\/obispadodelinares.cl\/ol\/wp-content\/uploads\/2022\/12\/IMG_8161-768x512.png 768w\" data-sizes=\"(max-width: 1024px) 100vw, 1024px\" src=\"data:image\/svg+xml;base64,PHN2ZyB3aWR0aD0iMSIgaGVpZ2h0PSIxIiB4bWxucz0iaHR0cDovL3d3dy53My5vcmcvMjAwMC9zdmciPjwvc3ZnPg==\" style=\"--smush-placeholder-width: 1024px; --smush-placeholder-aspect-ratio: 1024\/683;\" \/><\/a>\n\t\t\t<\/dt><\/dl><dl class='gallery-item'>\n\t\t\t<dt class='gallery-icon landscape'>\n\t\t\t\t<a href='https:\/\/obispadodelinares.cl\/ol\/wp-content\/uploads\/2022\/12\/IMG_8158.png'><img decoding=\"async\" width=\"1024\" height=\"683\" data-src=\"https:\/\/obispadodelinares.cl\/ol\/wp-content\/uploads\/2022\/12\/IMG_8158.png\" class=\"attachment-large size-large lazyload\" alt=\"\" data-srcset=\"https:\/\/obispadodelinares.cl\/ol\/wp-content\/uploads\/2022\/12\/IMG_8158.png 1024w, https:\/\/obispadodelinares.cl\/ol\/wp-content\/uploads\/2022\/12\/IMG_8158-300x200.png 300w, https:\/\/obispadodelinares.cl\/ol\/wp-content\/uploads\/2022\/12\/IMG_8158-768x512.png 768w\" data-sizes=\"(max-width: 1024px) 100vw, 1024px\" src=\"data:image\/svg+xml;base64,PHN2ZyB3aWR0aD0iMSIgaGVpZ2h0PSIxIiB4bWxucz0iaHR0cDovL3d3dy53My5vcmcvMjAwMC9zdmciPjwvc3ZnPg==\" style=\"--smush-placeholder-width: 1024px; --smush-placeholder-aspect-ratio: 1024\/683;\" \/><\/a>\n\t\t\t<\/dt><\/dl><dl class='gallery-item'>\n\t\t\t<dt class='gallery-icon landscape'>\n\t\t\t\t<a href='https:\/\/obispadodelinares.cl\/ol\/wp-content\/uploads\/2022\/12\/IMG_8156.png'><img decoding=\"async\" width=\"1024\" height=\"683\" data-src=\"https:\/\/obispadodelinares.cl\/ol\/wp-content\/uploads\/2022\/12\/IMG_8156.png\" class=\"attachment-large size-large lazyload\" alt=\"\" data-srcset=\"https:\/\/obispadodelinares.cl\/ol\/wp-content\/uploads\/2022\/12\/IMG_8156.png 1024w, https:\/\/obispadodelinares.cl\/ol\/wp-content\/uploads\/2022\/12\/IMG_8156-300x200.png 300w, https:\/\/obispadodelinares.cl\/ol\/wp-content\/uploads\/2022\/12\/IMG_8156-768x512.png 768w\" data-sizes=\"(max-width: 1024px) 100vw, 1024px\" src=\"data:image\/svg+xml;base64,PHN2ZyB3aWR0aD0iMSIgaGVpZ2h0PSIxIiB4bWxucz0iaHR0cDovL3d3dy53My5vcmcvMjAwMC9zdmciPjwvc3ZnPg==\" style=\"--smush-placeholder-width: 1024px; --smush-placeholder-aspect-ratio: 1024\/683;\" \/><\/a>\n\t\t\t<\/dt><\/dl><br style=\"clear: both\" \/><dl class='gallery-item'>\n\t\t\t<dt class='gallery-icon landscape'>\n\t\t\t\t<a href='https:\/\/obispadodelinares.cl\/ol\/wp-content\/uploads\/2022\/12\/IMG_8155.png'><img decoding=\"async\" width=\"1024\" height=\"683\" data-src=\"https:\/\/obispadodelinares.cl\/ol\/wp-content\/uploads\/2022\/12\/IMG_8155.png\" class=\"attachment-large size-large lazyload\" alt=\"\" data-srcset=\"https:\/\/obispadodelinares.cl\/ol\/wp-content\/uploads\/2022\/12\/IMG_8155.png 1024w, https:\/\/obispadodelinares.cl\/ol\/wp-content\/uploads\/2022\/12\/IMG_8155-300x200.png 300w, https:\/\/obispadodelinares.cl\/ol\/wp-content\/uploads\/2022\/12\/IMG_8155-768x512.png 768w\" data-sizes=\"(max-width: 1024px) 100vw, 1024px\" src=\"data:image\/svg+xml;base64,PHN2ZyB3aWR0aD0iMSIgaGVpZ2h0PSIxIiB4bWxucz0iaHR0cDovL3d3dy53My5vcmcvMjAwMC9zdmciPjwvc3ZnPg==\" style=\"--smush-placeholder-width: 1024px; --smush-placeholder-aspect-ratio: 1024\/683;\" \/><\/a>\n\t\t\t<\/dt><\/dl><dl class='gallery-item'>\n\t\t\t<dt class='gallery-icon landscape'>\n\t\t\t\t<a href='https:\/\/obispadodelinares.cl\/ol\/wp-content\/uploads\/2022\/12\/IMG_8153.png'><img decoding=\"async\" width=\"1024\" height=\"683\" data-src=\"https:\/\/obispadodelinares.cl\/ol\/wp-content\/uploads\/2022\/12\/IMG_8153.png\" class=\"attachment-large size-large lazyload\" alt=\"\" data-srcset=\"https:\/\/obispadodelinares.cl\/ol\/wp-content\/uploads\/2022\/12\/IMG_8153.png 1024w, https:\/\/obispadodelinares.cl\/ol\/wp-content\/uploads\/2022\/12\/IMG_8153-300x200.png 300w, https:\/\/obispadodelinares.cl\/ol\/wp-content\/uploads\/2022\/12\/IMG_8153-768x512.png 768w\" data-sizes=\"(max-width: 1024px) 100vw, 1024px\" src=\"data:image\/svg+xml;base64,PHN2ZyB3aWR0aD0iMSIgaGVpZ2h0PSIxIiB4bWxucz0iaHR0cDovL3d3dy53My5vcmcvMjAwMC9zdmciPjwvc3ZnPg==\" style=\"--smush-placeholder-width: 1024px; --smush-placeholder-aspect-ratio: 1024\/683;\" \/><\/a>\n\t\t\t<\/dt><\/dl><dl class='gallery-item'>\n\t\t\t<dt class='gallery-icon landscape'>\n\t\t\t\t<a href='https:\/\/obispadodelinares.cl\/ol\/wp-content\/uploads\/2022\/12\/IMG_8151.png'><img decoding=\"async\" width=\"1024\" height=\"683\" data-src=\"https:\/\/obispadodelinares.cl\/ol\/wp-content\/uploads\/2022\/12\/IMG_8151.png\" class=\"attachment-large size-large lazyload\" alt=\"\" data-srcset=\"https:\/\/obispadodelinares.cl\/ol\/wp-content\/uploads\/2022\/12\/IMG_8151.png 1024w, https:\/\/obispadodelinares.cl\/ol\/wp-content\/uploads\/2022\/12\/IMG_8151-300x200.png 300w, https:\/\/obispadodelinares.cl\/ol\/wp-content\/uploads\/2022\/12\/IMG_8151-768x512.png 768w\" data-sizes=\"(max-width: 1024px) 100vw, 1024px\" src=\"data:image\/svg+xml;base64,PHN2ZyB3aWR0aD0iMSIgaGVpZ2h0PSIxIiB4bWxucz0iaHR0cDovL3d3dy53My5vcmcvMjAwMC9zdmciPjwvc3ZnPg==\" style=\"--smush-placeholder-width: 1024px; --smush-placeholder-aspect-ratio: 1024\/683;\" \/><\/a>\n\t\t\t<\/dt><\/dl><br style=\"clear: both\" \/><dl class='gallery-item'>\n\t\t\t<dt class='gallery-icon landscape'>\n\t\t\t\t<a href='https:\/\/obispadodelinares.cl\/ol\/wp-content\/uploads\/2022\/12\/IMG_8147.png'><img decoding=\"async\" width=\"1024\" height=\"683\" data-src=\"https:\/\/obispadodelinares.cl\/ol\/wp-content\/uploads\/2022\/12\/IMG_8147.png\" class=\"attachment-large size-large lazyload\" alt=\"\" data-srcset=\"https:\/\/obispadodelinares.cl\/ol\/wp-content\/uploads\/2022\/12\/IMG_8147.png 1024w, https:\/\/obispadodelinares.cl\/ol\/wp-content\/uploads\/2022\/12\/IMG_8147-300x200.png 300w, https:\/\/obispadodelinares.cl\/ol\/wp-content\/uploads\/2022\/12\/IMG_8147-768x512.png 768w\" data-sizes=\"(max-width: 1024px) 100vw, 1024px\" src=\"data:image\/svg+xml;base64,PHN2ZyB3aWR0aD0iMSIgaGVpZ2h0PSIxIiB4bWxucz0iaHR0cDovL3d3dy53My5vcmcvMjAwMC9zdmciPjwvc3ZnPg==\" style=\"--smush-placeholder-width: 1024px; --smush-placeholder-aspect-ratio: 1024\/683;\" \/><\/a>\n\t\t\t<\/dt><\/dl><dl class='gallery-item'>\n\t\t\t<dt class='gallery-icon landscape'>\n\t\t\t\t<a href='https:\/\/obispadodelinares.cl\/ol\/wp-content\/uploads\/2022\/12\/IMG_8146.png'><img decoding=\"async\" width=\"778\" height=\"634\" data-src=\"https:\/\/obispadodelinares.cl\/ol\/wp-content\/uploads\/2022\/12\/IMG_8146.png\" class=\"attachment-large size-large lazyload\" alt=\"\" data-srcset=\"https:\/\/obispadodelinares.cl\/ol\/wp-content\/uploads\/2022\/12\/IMG_8146.png 778w, https:\/\/obispadodelinares.cl\/ol\/wp-content\/uploads\/2022\/12\/IMG_8146-300x244.png 300w, https:\/\/obispadodelinares.cl\/ol\/wp-content\/uploads\/2022\/12\/IMG_8146-768x626.png 768w\" data-sizes=\"(max-width: 778px) 100vw, 778px\" src=\"data:image\/svg+xml;base64,PHN2ZyB3aWR0aD0iMSIgaGVpZ2h0PSIxIiB4bWxucz0iaHR0cDovL3d3dy53My5vcmcvMjAwMC9zdmciPjwvc3ZnPg==\" style=\"--smush-placeholder-width: 778px; --smush-placeholder-aspect-ratio: 778\/634;\" \/><\/a>\n\t\t\t<\/dt><\/dl><dl class='gallery-item'>\n\t\t\t<dt class='gallery-icon landscape'>\n\t\t\t\t<a href='https:\/\/obispadodelinares.cl\/ol\/wp-content\/uploads\/2022\/12\/IMG_8145.png'><img decoding=\"async\" width=\"1024\" height=\"683\" data-src=\"https:\/\/obispadodelinares.cl\/ol\/wp-content\/uploads\/2022\/12\/IMG_8145.png\" class=\"attachment-large size-large lazyload\" alt=\"\" data-srcset=\"https:\/\/obispadodelinares.cl\/ol\/wp-content\/uploads\/2022\/12\/IMG_8145.png 1024w, https:\/\/obispadodelinares.cl\/ol\/wp-content\/uploads\/2022\/12\/IMG_8145-300x200.png 300w, https:\/\/obispadodelinares.cl\/ol\/wp-content\/uploads\/2022\/12\/IMG_8145-768x512.png 768w\" data-sizes=\"(max-width: 1024px) 100vw, 1024px\" src=\"data:image\/svg+xml;base64,PHN2ZyB3aWR0aD0iMSIgaGVpZ2h0PSIxIiB4bWxucz0iaHR0cDovL3d3dy53My5vcmcvMjAwMC9zdmciPjwvc3ZnPg==\" style=\"--smush-placeholder-width: 1024px; --smush-placeholder-aspect-ratio: 1024\/683;\" \/><\/a>\n\t\t\t<\/dt><\/dl><br style=\"clear: both\" \/><dl class='gallery-item'>\n\t\t\t<dt class='gallery-icon landscape'>\n\t\t\t\t<a href='https:\/\/obispadodelinares.cl\/ol\/wp-content\/uploads\/2022\/12\/IMG_8144.png'><img decoding=\"async\" width=\"1024\" height=\"683\" data-src=\"https:\/\/obispadodelinares.cl\/ol\/wp-content\/uploads\/2022\/12\/IMG_8144.png\" class=\"attachment-large size-large lazyload\" alt=\"\" data-srcset=\"https:\/\/obispadodelinares.cl\/ol\/wp-content\/uploads\/2022\/12\/IMG_8144.png 1024w, https:\/\/obispadodelinares.cl\/ol\/wp-content\/uploads\/2022\/12\/IMG_8144-300x200.png 300w, https:\/\/obispadodelinares.cl\/ol\/wp-content\/uploads\/2022\/12\/IMG_8144-768x512.png 768w\" data-sizes=\"(max-width: 1024px) 100vw, 1024px\" src=\"data:image\/svg+xml;base64,PHN2ZyB3aWR0aD0iMSIgaGVpZ2h0PSIxIiB4bWxucz0iaHR0cDovL3d3dy53My5vcmcvMjAwMC9zdmciPjwvc3ZnPg==\" style=\"--smush-placeholder-width: 1024px; --smush-placeholder-aspect-ratio: 1024\/683;\" \/><\/a>\n\t\t\t<\/dt><\/dl><dl class='gallery-item'>\n\t\t\t<dt class='gallery-icon landscape'>\n\t\t\t\t<a href='https:\/\/obispadodelinares.cl\/ol\/wp-content\/uploads\/2022\/12\/IMG_8143.png'><img decoding=\"async\" width=\"1024\" height=\"683\" data-src=\"https:\/\/obispadodelinares.cl\/ol\/wp-content\/uploads\/2022\/12\/IMG_8143.png\" class=\"attachment-large size-large lazyload\" alt=\"\" data-srcset=\"https:\/\/obispadodelinares.cl\/ol\/wp-content\/uploads\/2022\/12\/IMG_8143.png 1024w, https:\/\/obispadodelinares.cl\/ol\/wp-content\/uploads\/2022\/12\/IMG_8143-300x200.png 300w, https:\/\/obispadodelinares.cl\/ol\/wp-content\/uploads\/2022\/12\/IMG_8143-768x512.png 768w\" data-sizes=\"(max-width: 1024px) 100vw, 1024px\" src=\"data:image\/svg+xml;base64,PHN2ZyB3aWR0aD0iMSIgaGVpZ2h0PSIxIiB4bWxucz0iaHR0cDovL3d3dy53My5vcmcvMjAwMC9zdmciPjwvc3ZnPg==\" style=\"--smush-placeholder-width: 1024px; --smush-placeholder-aspect-ratio: 1024\/683;\" \/><\/a>\n\t\t\t<\/dt><\/dl><dl class='gallery-item'>\n\t\t\t<dt class='gallery-icon landscape'>\n\t\t\t\t<a href='https:\/\/obispadodelinares.cl\/ol\/wp-content\/uploads\/2022\/12\/IMG_8142.png'><img decoding=\"async\" width=\"1024\" height=\"683\" data-src=\"https:\/\/obispadodelinares.cl\/ol\/wp-content\/uploads\/2022\/12\/IMG_8142.png\" class=\"attachment-large size-large lazyload\" alt=\"\" data-srcset=\"https:\/\/obispadodelinares.cl\/ol\/wp-content\/uploads\/2022\/12\/IMG_8142.png 1024w, https:\/\/obispadodelinares.cl\/ol\/wp-content\/uploads\/2022\/12\/IMG_8142-300x200.png 300w, https:\/\/obispadodelinares.cl\/ol\/wp-content\/uploads\/2022\/12\/IMG_8142-768x512.png 768w\" data-sizes=\"(max-width: 1024px) 100vw, 1024px\" src=\"data:image\/svg+xml;base64,PHN2ZyB3aWR0aD0iMSIgaGVpZ2h0PSIxIiB4bWxucz0iaHR0cDovL3d3dy53My5vcmcvMjAwMC9zdmciPjwvc3ZnPg==\" style=\"--smush-placeholder-width: 1024px; --smush-placeholder-aspect-ratio: 1024\/683;\" \/><\/a>\n\t\t\t<\/dt><\/dl><br style=\"clear: both\" \/><dl class='gallery-item'>\n\t\t\t<dt class='gallery-icon landscape'>\n\t\t\t\t<a href='https:\/\/obispadodelinares.cl\/ol\/wp-content\/uploads\/2022\/12\/IMG_8141.png'><img decoding=\"async\" width=\"1024\" height=\"683\" data-src=\"https:\/\/obispadodelinares.cl\/ol\/wp-content\/uploads\/2022\/12\/IMG_8141.png\" class=\"attachment-large size-large lazyload\" alt=\"\" data-srcset=\"https:\/\/obispadodelinares.cl\/ol\/wp-content\/uploads\/2022\/12\/IMG_8141.png 1024w, https:\/\/obispadodelinares.cl\/ol\/wp-content\/uploads\/2022\/12\/IMG_8141-300x200.png 300w, https:\/\/obispadodelinares.cl\/ol\/wp-content\/uploads\/2022\/12\/IMG_8141-768x512.png 768w\" data-sizes=\"(max-width: 1024px) 100vw, 1024px\" src=\"data:image\/svg+xml;base64,PHN2ZyB3aWR0aD0iMSIgaGVpZ2h0PSIxIiB4bWxucz0iaHR0cDovL3d3dy53My5vcmcvMjAwMC9zdmciPjwvc3ZnPg==\" style=\"--smush-placeholder-width: 1024px; --smush-placeholder-aspect-ratio: 1024\/683;\" \/><\/a>\n\t\t\t<\/dt><\/dl><dl class='gallery-item'>\n\t\t\t<dt class='gallery-icon landscape'>\n\t\t\t\t<a href='https:\/\/obispadodelinares.cl\/ol\/wp-content\/uploads\/2022\/12\/IMG_8140.png'><img decoding=\"async\" width=\"1024\" height=\"683\" data-src=\"https:\/\/obispadodelinares.cl\/ol\/wp-content\/uploads\/2022\/12\/IMG_8140.png\" class=\"attachment-large size-large lazyload\" alt=\"\" data-srcset=\"https:\/\/obispadodelinares.cl\/ol\/wp-content\/uploads\/2022\/12\/IMG_8140.png 1024w, https:\/\/obispadodelinares.cl\/ol\/wp-content\/uploads\/2022\/12\/IMG_8140-300x200.png 300w, https:\/\/obispadodelinares.cl\/ol\/wp-content\/uploads\/2022\/12\/IMG_8140-768x512.png 768w\" data-sizes=\"(max-width: 1024px) 100vw, 1024px\" src=\"data:image\/svg+xml;base64,PHN2ZyB3aWR0aD0iMSIgaGVpZ2h0PSIxIiB4bWxucz0iaHR0cDovL3d3dy53My5vcmcvMjAwMC9zdmciPjwvc3ZnPg==\" style=\"--smush-placeholder-width: 1024px; --smush-placeholder-aspect-ratio: 1024\/683;\" \/><\/a>\n\t\t\t<\/dt><\/dl><dl class='gallery-item'>\n\t\t\t<dt class='gallery-icon landscape'>\n\t\t\t\t<a href='https:\/\/obispadodelinares.cl\/ol\/wp-content\/uploads\/2022\/12\/IMG_8138.png'><img decoding=\"async\" width=\"1024\" height=\"683\" data-src=\"https:\/\/obispadodelinares.cl\/ol\/wp-content\/uploads\/2022\/12\/IMG_8138.png\" class=\"attachment-large size-large lazyload\" alt=\"\" data-srcset=\"https:\/\/obispadodelinares.cl\/ol\/wp-content\/uploads\/2022\/12\/IMG_8138.png 1024w, https:\/\/obispadodelinares.cl\/ol\/wp-content\/uploads\/2022\/12\/IMG_8138-300x200.png 300w, https:\/\/obispadodelinares.cl\/ol\/wp-content\/uploads\/2022\/12\/IMG_8138-768x512.png 768w\" data-sizes=\"(max-width: 1024px) 100vw, 1024px\" src=\"data:image\/svg+xml;base64,PHN2ZyB3aWR0aD0iMSIgaGVpZ2h0PSIxIiB4bWxucz0iaHR0cDovL3d3dy53My5vcmcvMjAwMC9zdmciPjwvc3ZnPg==\" style=\"--smush-placeholder-width: 1024px; --smush-placeholder-aspect-ratio: 1024\/683;\" \/><\/a>\n\t\t\t<\/dt><\/dl><br style=\"clear: both\" \/><dl class='gallery-item'>\n\t\t\t<dt class='gallery-icon landscape'>\n\t\t\t\t<a href='https:\/\/obispadodelinares.cl\/ol\/wp-content\/uploads\/2022\/12\/IMG_8137.png'><img decoding=\"async\" width=\"1024\" height=\"683\" data-src=\"https:\/\/obispadodelinares.cl\/ol\/wp-content\/uploads\/2022\/12\/IMG_8137.png\" class=\"attachment-large size-large lazyload\" alt=\"\" data-srcset=\"https:\/\/obispadodelinares.cl\/ol\/wp-content\/uploads\/2022\/12\/IMG_8137.png 1024w, https:\/\/obispadodelinares.cl\/ol\/wp-content\/uploads\/2022\/12\/IMG_8137-300x200.png 300w, https:\/\/obispadodelinares.cl\/ol\/wp-content\/uploads\/2022\/12\/IMG_8137-768x512.png 768w\" data-sizes=\"(max-width: 1024px) 100vw, 1024px\" src=\"data:image\/svg+xml;base64,PHN2ZyB3aWR0aD0iMSIgaGVpZ2h0PSIxIiB4bWxucz0iaHR0cDovL3d3dy53My5vcmcvMjAwMC9zdmciPjwvc3ZnPg==\" style=\"--smush-placeholder-width: 1024px; --smush-placeholder-aspect-ratio: 1024\/683;\" \/><\/a>\n\t\t\t<\/dt><\/dl><dl class='gallery-item'>\n\t\t\t<dt class='gallery-icon landscape'>\n\t\t\t\t<a href='https:\/\/obispadodelinares.cl\/ol\/wp-content\/uploads\/2022\/12\/composicion-2.png'><img decoding=\"async\" width=\"1024\" height=\"461\" data-src=\"https:\/\/obispadodelinares.cl\/ol\/wp-content\/uploads\/2022\/12\/composicion-2.png\" class=\"attachment-large size-large lazyload\" alt=\"\" data-srcset=\"https:\/\/obispadodelinares.cl\/ol\/wp-content\/uploads\/2022\/12\/composicion-2.png 1024w, https:\/\/obispadodelinares.cl\/ol\/wp-content\/uploads\/2022\/12\/composicion-2-300x135.png 300w, https:\/\/obispadodelinares.cl\/ol\/wp-content\/uploads\/2022\/12\/composicion-2-768x346.png 768w\" data-sizes=\"(max-width: 1024px) 100vw, 1024px\" src=\"data:image\/svg+xml;base64,PHN2ZyB3aWR0aD0iMSIgaGVpZ2h0PSIxIiB4bWxucz0iaHR0cDovL3d3dy53My5vcmcvMjAwMC9zdmciPjwvc3ZnPg==\" style=\"--smush-placeholder-width: 1024px; --smush-placeholder-aspect-ratio: 1024\/461;\" \/><\/a>\n\t\t\t<\/dt><\/dl>\n\t\t\t<br style='clear: both' \/>\n\t\t<\/div>\n\n","protected":false},"excerpt":{"rendered":"<p>Pidiendo al Se\u00f1or su ayuda para hacer vida la invitaci\u00f3n expresada en la frase \u201cSean misericordiosos, as\u00ed como el Padre de ustedes es Misericordioso\u201d, las organizaciones dedicadas al cuidado y acompa\u00f1amiento de personas con Discapacidades, junto a sus beneficiarios participaron de una hermosa Eucarist\u00eda en la Iglesia Catedral de Linares, invitados por Fundaci\u00f3n Caritas. La [&hellip;]<\/p>\n","protected":false},"author":1,"featured_media":15707,"comment_status":"closed","ping_status":"closed","sticky":false,"template":"","format":"standard","meta":{"h5ap_radio_sources":[],"footnotes":""},"categories":[274,57],"tags":[58,410,148,31],"class_list":["post-15727","post","type-post","status-publish","format-standard","has-post-thumbnail","hentry","category-274","category-pastoral-social","tag-caritas","tag-discapacidad","tag-pastoral-discapacidad","tag-pastoral-social"],"_links":{"self":[{"href":"https:\/\/obispadodelinares.cl\/ol\/index.php?rest_route=\/wp\/v2\/posts\/15727","targetHints":{"allow":["GET"]}}],"collection":[{"href":"https:\/\/obispadodelinares.cl\/ol\/index.php?rest_route=\/wp\/v2\/posts"}],"about":[{"href":"https:\/\/obispadodelinares.cl\/ol\/index.php?rest_route=\/wp\/v2\/types\/post"}],"author":[{"embeddable":true,"href":"https:\/\/obispadodelinares.cl\/ol\/index.php?rest_route=\/wp\/v2\/users\/1"}],"replies":[{"embeddable":true,"href":"https:\/\/obispadodelinares.cl\/ol\/index.php?rest_route=%2Fwp%2Fv2%2Fcomments&post=15727"}],"version-history":[{"count":0,"href":"https:\/\/obispadodelinares.cl\/ol\/index.php?rest_route=\/wp\/v2\/posts\/15727\/revisions"}],"wp:featuredmedia":[{"embeddable":true,"href":"https:\/\/obispadodelinares.cl\/ol\/index.php?rest_route=\/wp\/v2\/media\/15707"}],"wp:attachment":[{"href":"https:\/\/obispadodelinares.cl\/ol\/index.php?rest_route=%2Fwp%2Fv2%2Fmedia&parent=15727"}],"wp:term":[{"taxonomy":"category","embeddable":true,"href":"https:\/\/obispadodelinares.cl\/ol\/index.php?rest_route=%2Fwp%2Fv2%2Fcategories&post=15727"},{"taxonomy":"post_tag","embeddable":true,"href":"https:\/\/obispadodelinares.cl\/ol\/index.php?rest_route=%2Fwp%2Fv2%2Ftags&post=15727"}],"curies":[{"name":"wp","href":"https:\/\/api.w.org\/{rel}","templated":true}]}}