{"id":15475,"date":"2022-10-21T19:20:56","date_gmt":"2022-10-21T19:20:56","guid":{"rendered":"http:\/\/obispadodelinares.cl\/ol\/?p=15475"},"modified":"2022-10-21T19:20:56","modified_gmt":"2022-10-21T19:20:56","slug":"reliquias-de-santa-margarita-maria-alacoque-son-recibidas-en-la-diocesis-de-linares","status":"publish","type":"post","link":"https:\/\/obispadodelinares.cl\/ol\/?p=15475","title":{"rendered":"Reliquias de Santa Margarita Mar\u00eda Alacoque,  son recibidas en la Di\u00f3cesis de Linares"},"content":{"rendered":"<p>En el marco de su visita a Chile, las reliquias de Santa Margarita Mar\u00eda de Alacoque, vidente del Sagrado Coraz\u00f3n de Jes\u00fas, recorren este fin de semana, 21, 22 y 23 de octubre, algunas comunidades en la Di\u00f3cesis de Linares, donde muchos devotos del Sagrado Coraz\u00f3n esperan acompa\u00f1ar su paso, por las tierras del Maule Sur.<\/p>\n<p>&nbsp;<\/p>\n<p>La peregrinaci\u00f3n de las reliquias, ya recorrieron varios lugares del pa\u00eds, y este viernes 21 de octubre, son recibidas en San Javier. \u00a0En su programa est\u00e1 contemplado visitar el Liceo Sagrados Corazones de san Javier, parroquia San Francisco Javier, Parroquia Nuestra Se\u00f1ora del Carmen en Nirivilo, para seguir hasta parroquia San Jos\u00e9 en Constituci\u00f3n. Tambi\u00e9n estar\u00e1 en el Monasterio Inmaculada del Maule en la Comuna de Yerbas Buenas, Liceo Bicentenario Colegio San Miguel de Linares, all\u00ed donde se estar\u00e1 desarrollando la 42\u00b0 Asamblea Sinodal Diocesana. Desde Linares sale hasta Longav\u00ed, Cauquenes y Chanco hasta el Lunes, desde donde ser\u00e1 llevada hasta Los \u00c1ngeles, para que contin\u00fae su peregrinar por nuestro pa\u00eds.<\/p>\n<p><strong>Un poco de historia:<\/strong><strong>\u00a0<\/strong><\/p>\n<p>Santa Margarita Mar\u00eda Alacoque fue una monja cat\u00f3lica francesa que perteneci\u00f3 a la Orden de la Visitaci\u00f3n de Santa Mar\u00eda, conocida por haber recibido las famosas apariciones del Sagrado Coraz\u00f3n de Jes\u00fas que ocurrieron donde hoy se sit\u00faa la Bas\u00edlica del Sagrado Coraz\u00f3n.<\/p>\n<p>&nbsp;<\/p>\n\n\t\t<style type=\"text\/css\">\n\t\t\t#gallery-1 {\n\t\t\t\tmargin: auto;\n\t\t\t}\n\t\t\t#gallery-1 .gallery-item {\n\t\t\t\tfloat: left;\n\t\t\t\tmargin-top: 10px;\n\t\t\t\ttext-align: center;\n\t\t\t\twidth: 33%;\n\t\t\t}\n\t\t\t#gallery-1 img {\n\t\t\t\tborder: 2px solid #cfcfcf;\n\t\t\t}\n\t\t\t#gallery-1 .gallery-caption {\n\t\t\t\tmargin-left: 0;\n\t\t\t}\n\t\t\t\/* see gallery_shortcode() in wp-includes\/media.php *\/\n\t\t<\/style>\n\t\t<div id='gallery-1' class='gallery galleryid-15475 gallery-columns-3 gallery-size-medium'><dl class='gallery-item'>\n\t\t\t<dt class='gallery-icon portrait'>\n\t\t\t\t<a href='https:\/\/obispadodelinares.cl\/ol\/wp-content\/uploads\/2022\/10\/WhatsApp-Image-2022-10-21-at-3.59.57-PM.jpeg'><img fetchpriority=\"high\" decoding=\"async\" width=\"225\" height=\"300\" src=\"https:\/\/obispadodelinares.cl\/ol\/wp-content\/uploads\/2022\/10\/WhatsApp-Image-2022-10-21-at-3.59.57-PM-225x300.jpeg\" class=\"attachment-medium size-medium\" alt=\"\" srcset=\"https:\/\/obispadodelinares.cl\/ol\/wp-content\/uploads\/2022\/10\/WhatsApp-Image-2022-10-21-at-3.59.57-PM-225x300.jpeg 225w, https:\/\/obispadodelinares.cl\/ol\/wp-content\/uploads\/2022\/10\/WhatsApp-Image-2022-10-21-at-3.59.57-PM-768x1024.jpeg 768w, https:\/\/obispadodelinares.cl\/ol\/wp-content\/uploads\/2022\/10\/WhatsApp-Image-2022-10-21-at-3.59.57-PM-1152x1536.jpeg 1152w, https:\/\/obispadodelinares.cl\/ol\/wp-content\/uploads\/2022\/10\/WhatsApp-Image-2022-10-21-at-3.59.57-PM.jpeg 1200w\" sizes=\"(max-width: 225px) 100vw, 225px\" \/><\/a>\n\t\t\t<\/dt><\/dl><dl class='gallery-item'>\n\t\t\t<dt class='gallery-icon landscape'>\n\t\t\t\t<a href='https:\/\/obispadodelinares.cl\/ol\/wp-content\/uploads\/2022\/10\/WhatsApp-Image-2022-10-21-at-4.00.00-PM.jpeg'><img decoding=\"async\" width=\"300\" height=\"225\" data-src=\"https:\/\/obispadodelinares.cl\/ol\/wp-content\/uploads\/2022\/10\/WhatsApp-Image-2022-10-21-at-4.00.00-PM-300x225.jpeg\" class=\"attachment-medium size-medium lazyload\" alt=\"\" data-srcset=\"https:\/\/obispadodelinares.cl\/ol\/wp-content\/uploads\/2022\/10\/WhatsApp-Image-2022-10-21-at-4.00.00-PM-300x225.jpeg 300w, https:\/\/obispadodelinares.cl\/ol\/wp-content\/uploads\/2022\/10\/WhatsApp-Image-2022-10-21-at-4.00.00-PM-1024x768.jpeg 1024w, https:\/\/obispadodelinares.cl\/ol\/wp-content\/uploads\/2022\/10\/WhatsApp-Image-2022-10-21-at-4.00.00-PM-768x576.jpeg 768w, https:\/\/obispadodelinares.cl\/ol\/wp-content\/uploads\/2022\/10\/WhatsApp-Image-2022-10-21-at-4.00.00-PM-1536x1152.jpeg 1536w, https:\/\/obispadodelinares.cl\/ol\/wp-content\/uploads\/2022\/10\/WhatsApp-Image-2022-10-21-at-4.00.00-PM.jpeg 1600w\" data-sizes=\"(max-width: 300px) 100vw, 300px\" src=\"data:image\/svg+xml;base64,PHN2ZyB3aWR0aD0iMSIgaGVpZ2h0PSIxIiB4bWxucz0iaHR0cDovL3d3dy53My5vcmcvMjAwMC9zdmciPjwvc3ZnPg==\" style=\"--smush-placeholder-width: 300px; --smush-placeholder-aspect-ratio: 300\/225;\" \/><\/a>\n\t\t\t<\/dt><\/dl><dl class='gallery-item'>\n\t\t\t<dt class='gallery-icon landscape'>\n\t\t\t\t<a href='https:\/\/obispadodelinares.cl\/ol\/wp-content\/uploads\/2022\/10\/WhatsApp-Image-2022-10-21-at-4.00.01-PM-1.jpeg'><img decoding=\"async\" width=\"300\" height=\"225\" data-src=\"https:\/\/obispadodelinares.cl\/ol\/wp-content\/uploads\/2022\/10\/WhatsApp-Image-2022-10-21-at-4.00.01-PM-1-300x225.jpeg\" class=\"attachment-medium size-medium lazyload\" alt=\"\" data-srcset=\"https:\/\/obispadodelinares.cl\/ol\/wp-content\/uploads\/2022\/10\/WhatsApp-Image-2022-10-21-at-4.00.01-PM-1-300x225.jpeg 300w, https:\/\/obispadodelinares.cl\/ol\/wp-content\/uploads\/2022\/10\/WhatsApp-Image-2022-10-21-at-4.00.01-PM-1-1024x768.jpeg 1024w, https:\/\/obispadodelinares.cl\/ol\/wp-content\/uploads\/2022\/10\/WhatsApp-Image-2022-10-21-at-4.00.01-PM-1-768x576.jpeg 768w, https:\/\/obispadodelinares.cl\/ol\/wp-content\/uploads\/2022\/10\/WhatsApp-Image-2022-10-21-at-4.00.01-PM-1-1536x1152.jpeg 1536w, https:\/\/obispadodelinares.cl\/ol\/wp-content\/uploads\/2022\/10\/WhatsApp-Image-2022-10-21-at-4.00.01-PM-1.jpeg 1600w\" data-sizes=\"(max-width: 300px) 100vw, 300px\" src=\"data:image\/svg+xml;base64,PHN2ZyB3aWR0aD0iMSIgaGVpZ2h0PSIxIiB4bWxucz0iaHR0cDovL3d3dy53My5vcmcvMjAwMC9zdmciPjwvc3ZnPg==\" style=\"--smush-placeholder-width: 300px; --smush-placeholder-aspect-ratio: 300\/225;\" \/><\/a>\n\t\t\t<\/dt><\/dl><br style=\"clear: both\" \/><dl class='gallery-item'>\n\t\t\t<dt class='gallery-icon portrait'>\n\t\t\t\t<a href='https:\/\/obispadodelinares.cl\/ol\/wp-content\/uploads\/2022\/10\/WhatsApp-Image-2022-10-21-at-4.00.02-PM-1.jpeg'><img decoding=\"async\" width=\"225\" height=\"300\" data-src=\"https:\/\/obispadodelinares.cl\/ol\/wp-content\/uploads\/2022\/10\/WhatsApp-Image-2022-10-21-at-4.00.02-PM-1-225x300.jpeg\" class=\"attachment-medium size-medium lazyload\" alt=\"\" data-srcset=\"https:\/\/obispadodelinares.cl\/ol\/wp-content\/uploads\/2022\/10\/WhatsApp-Image-2022-10-21-at-4.00.02-PM-1-225x300.jpeg 225w, https:\/\/obispadodelinares.cl\/ol\/wp-content\/uploads\/2022\/10\/WhatsApp-Image-2022-10-21-at-4.00.02-PM-1-768x1024.jpeg 768w, https:\/\/obispadodelinares.cl\/ol\/wp-content\/uploads\/2022\/10\/WhatsApp-Image-2022-10-21-at-4.00.02-PM-1-1152x1536.jpeg 1152w, https:\/\/obispadodelinares.cl\/ol\/wp-content\/uploads\/2022\/10\/WhatsApp-Image-2022-10-21-at-4.00.02-PM-1.jpeg 1200w\" data-sizes=\"(max-width: 225px) 100vw, 225px\" src=\"data:image\/svg+xml;base64,PHN2ZyB3aWR0aD0iMSIgaGVpZ2h0PSIxIiB4bWxucz0iaHR0cDovL3d3dy53My5vcmcvMjAwMC9zdmciPjwvc3ZnPg==\" style=\"--smush-placeholder-width: 225px; --smush-placeholder-aspect-ratio: 225\/300;\" \/><\/a>\n\t\t\t<\/dt><\/dl><dl class='gallery-item'>\n\t\t\t<dt class='gallery-icon landscape'>\n\t\t\t\t<a href='https:\/\/obispadodelinares.cl\/ol\/wp-content\/uploads\/2022\/10\/WhatsApp-Image-2022-10-21-at-4.00.02-PM-2.jpeg'><img decoding=\"async\" width=\"300\" height=\"225\" data-src=\"https:\/\/obispadodelinares.cl\/ol\/wp-content\/uploads\/2022\/10\/WhatsApp-Image-2022-10-21-at-4.00.02-PM-2-300x225.jpeg\" class=\"attachment-medium size-medium lazyload\" alt=\"\" data-srcset=\"https:\/\/obispadodelinares.cl\/ol\/wp-content\/uploads\/2022\/10\/WhatsApp-Image-2022-10-21-at-4.00.02-PM-2-300x225.jpeg 300w, https:\/\/obispadodelinares.cl\/ol\/wp-content\/uploads\/2022\/10\/WhatsApp-Image-2022-10-21-at-4.00.02-PM-2-1024x768.jpeg 1024w, https:\/\/obispadodelinares.cl\/ol\/wp-content\/uploads\/2022\/10\/WhatsApp-Image-2022-10-21-at-4.00.02-PM-2-768x576.jpeg 768w, https:\/\/obispadodelinares.cl\/ol\/wp-content\/uploads\/2022\/10\/WhatsApp-Image-2022-10-21-at-4.00.02-PM-2-1536x1152.jpeg 1536w, https:\/\/obispadodelinares.cl\/ol\/wp-content\/uploads\/2022\/10\/WhatsApp-Image-2022-10-21-at-4.00.02-PM-2.jpeg 1600w\" data-sizes=\"(max-width: 300px) 100vw, 300px\" src=\"data:image\/svg+xml;base64,PHN2ZyB3aWR0aD0iMSIgaGVpZ2h0PSIxIiB4bWxucz0iaHR0cDovL3d3dy53My5vcmcvMjAwMC9zdmciPjwvc3ZnPg==\" style=\"--smush-placeholder-width: 300px; --smush-placeholder-aspect-ratio: 300\/225;\" \/><\/a>\n\t\t\t<\/dt><\/dl>\n\t\t\t<br style='clear: both' \/>\n\t\t<\/div>\n\n","protected":false},"excerpt":{"rendered":"<p>En el marco de su visita a Chile, las reliquias de Santa Margarita Mar\u00eda de Alacoque, vidente del Sagrado Coraz\u00f3n de Jes\u00fas, recorren este fin de semana, 21, 22 y 23 de octubre, algunas comunidades en la Di\u00f3cesis de Linares, donde muchos devotos del Sagrado Coraz\u00f3n esperan acompa\u00f1ar su paso, por las tierras del Maule [&hellip;]<\/p>\n","protected":false},"author":1,"featured_media":15476,"comment_status":"closed","ping_status":"closed","sticky":false,"template":"","format":"standard","meta":{"h5ap_radio_sources":[],"footnotes":""},"categories":[362,74,68],"tags":[401],"class_list":["post-15475","post","type-post","status-publish","format-standard","has-post-thumbnail","hentry","category-362","category-fiesta-religiosa","category-religiosas","tag-reliquias"],"_links":{"self":[{"href":"https:\/\/obispadodelinares.cl\/ol\/index.php?rest_route=\/wp\/v2\/posts\/15475","targetHints":{"allow":["GET"]}}],"collection":[{"href":"https:\/\/obispadodelinares.cl\/ol\/index.php?rest_route=\/wp\/v2\/posts"}],"about":[{"href":"https:\/\/obispadodelinares.cl\/ol\/index.php?rest_route=\/wp\/v2\/types\/post"}],"author":[{"embeddable":true,"href":"https:\/\/obispadodelinares.cl\/ol\/index.php?rest_route=\/wp\/v2\/users\/1"}],"replies":[{"embeddable":true,"href":"https:\/\/obispadodelinares.cl\/ol\/index.php?rest_route=%2Fwp%2Fv2%2Fcomments&post=15475"}],"version-history":[{"count":0,"href":"https:\/\/obispadodelinares.cl\/ol\/index.php?rest_route=\/wp\/v2\/posts\/15475\/revisions"}],"wp:featuredmedia":[{"embeddable":true,"href":"https:\/\/obispadodelinares.cl\/ol\/index.php?rest_route=\/wp\/v2\/media\/15476"}],"wp:attachment":[{"href":"https:\/\/obispadodelinares.cl\/ol\/index.php?rest_route=%2Fwp%2Fv2%2Fmedia&parent=15475"}],"wp:term":[{"taxonomy":"category","embeddable":true,"href":"https:\/\/obispadodelinares.cl\/ol\/index.php?rest_route=%2Fwp%2Fv2%2Fcategories&post=15475"},{"taxonomy":"post_tag","embeddable":true,"href":"https:\/\/obispadodelinares.cl\/ol\/index.php?rest_route=%2Fwp%2Fv2%2Ftags&post=15475"}],"curies":[{"name":"wp","href":"https:\/\/api.w.org\/{rel}","templated":true}]}}