{"id":15462,"date":"2022-10-12T22:51:39","date_gmt":"2022-10-12T22:51:39","guid":{"rendered":"http:\/\/obispadodelinares.cl\/ol\/?p=15462"},"modified":"2022-10-12T22:51:39","modified_gmt":"2022-10-12T22:51:39","slug":"san-dionisio-une-y-congrega-a-toda-la-comunidad","status":"publish","type":"post","link":"https:\/\/obispadodelinares.cl\/ol\/?p=15462","title":{"rendered":"San Dionisio une y congrega a toda la comunidad"},"content":{"rendered":"<div>\n<div class=\"x11i5rnm xat24cr x1mh8g0r x1vvkbs xtlvy1s x126k92a\">\n<div dir=\"auto\">En la localidad de San Dionisio de <a class=\"x1i10hfl xjbqb8w x6umtig x1b1mbwd xaqea5y xav7gou x9f619 x1ypdohk xt0psk2 xe8uvvx xdj266r x11i5rnm xat24cr x1mh8g0r xexx8yu x4uap5 x18d9i69 xkhd6sd x16tdsg8 x1hl2dhg xggy1nq x1a2a7pz xt0b8zv x1qq9wsj xo1l8bm\" tabindex=\"0\" role=\"link\" href=\"https:\/\/www.facebook.com\/hashtag\/colb%C3%BAn?__eep__=6&amp;__cft__[0]=AZXJ7ycXak1GAjYvQWZj5GUigiA4B4wg6iLYLSg8xTFgt77wZbnQV8IgFepj26j0RaMiZAwFvIQjHx9UEq6r3DRXt-Gh8m66IQjIsMGfm9tOew8T_1t6HhzPir_SgwJR99F1P3u9H3IiFZGg-k4BhZoEu-J8n-rmoQKonnxXmCDJlZBLUAyTmLhPAKlvqKI7sE4&amp;__tn__=*NK-R\">#Colb\u00fan<\/a>, las tradiciones se rescatan y destacan, en torno a la Fiesta de su Santo Patrono y al celebrar su aniversario N\u00b0 59, se unen Junta de Vecinos, Agrupaci\u00f3n Renacer Campesino, Comunidad Cristiana, apoyados por la Municipalidad de Colb\u00fan, para realizar una hermosa fiesta el domingo 9 de octubre.<\/div>\n<div dir=\"auto\">La jornada comenz\u00f3 con una Misa a la Chilena, presidida por el P. Mario Agurto, p\u00e1rroco, para continuar con un esquinazo en el frontis de la Capilla, visita guiada a la Casona de lo que fuera el Fundo San Dionisio, donde se expuso la historia, de acuerdo al relato y recuerdos de sus protagonistas. All\u00ed se pudo apreciar art\u00edculos conservados del Molino y las oficinas de la Cooperativa de San Dionisio, tambi\u00e9n fotograf\u00edas que graficaron el proceso de reforma agraria en la zona central de Chile.<\/div>\n<div dir=\"auto\">Cabe recordar que San Dionisio, fue uno de los primeros fundos cedidos por la Iglesia Cat\u00f3lica para ser entregados a los campesinos durante la Reforma Agraria, y que mantuvo por larga data una historia ligada al trabajo del campo y el cooperativismo, promovido ampliamente por el Cardenal Ra\u00fal Silva Henr\u00edquez.<\/div>\n<\/div>\n<div class=\"x11i5rnm xat24cr x1mh8g0r x1vvkbs xtlvy1s x126k92a\">\n<div dir=\"auto\">La celebraci\u00f3n concluy\u00f3 con un almuerzo, muestra de Artesan\u00eda y gastronom\u00eda local, adem\u00e1s de una fiesta amenizada por artistas e invitados locales.<\/div>\n<div dir=\"auto\">Luego de esta hermosa celebraci\u00f3n los organizadores y asistentes ya se preparan a celebrar con bombos y platillo los 60 a\u00f1os de la comunidad.<\/div>\n<\/div>\n<div dir=\"auto\">\n\n\t\t<style type=\"text\/css\">\n\t\t\t#gallery-1 {\n\t\t\t\tmargin: auto;\n\t\t\t}\n\t\t\t#gallery-1 .gallery-item {\n\t\t\t\tfloat: left;\n\t\t\t\tmargin-top: 10px;\n\t\t\t\ttext-align: center;\n\t\t\t\twidth: 33%;\n\t\t\t}\n\t\t\t#gallery-1 img {\n\t\t\t\tborder: 2px solid #cfcfcf;\n\t\t\t}\n\t\t\t#gallery-1 .gallery-caption {\n\t\t\t\tmargin-left: 0;\n\t\t\t}\n\t\t\t\/* see gallery_shortcode() in wp-includes\/media.php *\/\n\t\t<\/style>\n\t\t<div id='gallery-1' class='gallery galleryid-15462 gallery-columns-3 gallery-size-large'><dl class='gallery-item'>\n\t\t\t<dt class='gallery-icon landscape'>\n\t\t\t\t<a href='https:\/\/obispadodelinares.cl\/ol\/wp-content\/uploads\/2022\/10\/San-DionisioColbun3.jpeg'><img fetchpriority=\"high\" decoding=\"async\" width=\"1024\" height=\"768\" src=\"https:\/\/obispadodelinares.cl\/ol\/wp-content\/uploads\/2022\/10\/San-DionisioColbun3-1024x768.jpeg\" class=\"attachment-large size-large\" alt=\"\" srcset=\"https:\/\/obispadodelinares.cl\/ol\/wp-content\/uploads\/2022\/10\/San-DionisioColbun3-1024x768.jpeg 1024w, https:\/\/obispadodelinares.cl\/ol\/wp-content\/uploads\/2022\/10\/San-DionisioColbun3-300x225.jpeg 300w, https:\/\/obispadodelinares.cl\/ol\/wp-content\/uploads\/2022\/10\/San-DionisioColbun3-768x576.jpeg 768w, https:\/\/obispadodelinares.cl\/ol\/wp-content\/uploads\/2022\/10\/San-DionisioColbun3.jpeg 1280w\" sizes=\"(max-width: 1024px) 100vw, 1024px\" \/><\/a>\n\t\t\t<\/dt><\/dl><dl class='gallery-item'>\n\t\t\t<dt class='gallery-icon landscape'>\n\t\t\t\t<a href='https:\/\/obispadodelinares.cl\/ol\/wp-content\/uploads\/2022\/10\/San-DionisioColbun2.jpeg'><img decoding=\"async\" width=\"1024\" height=\"768\" data-src=\"https:\/\/obispadodelinares.cl\/ol\/wp-content\/uploads\/2022\/10\/San-DionisioColbun2.jpeg\" class=\"attachment-large size-large lazyload\" alt=\"\" data-srcset=\"https:\/\/obispadodelinares.cl\/ol\/wp-content\/uploads\/2022\/10\/San-DionisioColbun2.jpeg 1024w, https:\/\/obispadodelinares.cl\/ol\/wp-content\/uploads\/2022\/10\/San-DionisioColbun2-300x225.jpeg 300w, https:\/\/obispadodelinares.cl\/ol\/wp-content\/uploads\/2022\/10\/San-DionisioColbun2-768x576.jpeg 768w\" data-sizes=\"(max-width: 1024px) 100vw, 1024px\" src=\"data:image\/svg+xml;base64,PHN2ZyB3aWR0aD0iMSIgaGVpZ2h0PSIxIiB4bWxucz0iaHR0cDovL3d3dy53My5vcmcvMjAwMC9zdmciPjwvc3ZnPg==\" style=\"--smush-placeholder-width: 1024px; --smush-placeholder-aspect-ratio: 1024\/768;\" \/><\/a>\n\t\t\t<\/dt><\/dl><dl class='gallery-item'>\n\t\t\t<dt class='gallery-icon portrait'>\n\t\t\t\t<a href='https:\/\/obispadodelinares.cl\/ol\/wp-content\/uploads\/2022\/10\/San-DionisioColbun.jpeg'><img decoding=\"async\" width=\"450\" height=\"600\" data-src=\"https:\/\/obispadodelinares.cl\/ol\/wp-content\/uploads\/2022\/10\/San-DionisioColbun.jpeg\" class=\"attachment-large size-large lazyload\" alt=\"\" data-srcset=\"https:\/\/obispadodelinares.cl\/ol\/wp-content\/uploads\/2022\/10\/San-DionisioColbun.jpeg 450w, https:\/\/obispadodelinares.cl\/ol\/wp-content\/uploads\/2022\/10\/San-DionisioColbun-225x300.jpeg 225w\" data-sizes=\"(max-width: 450px) 100vw, 450px\" src=\"data:image\/svg+xml;base64,PHN2ZyB3aWR0aD0iMSIgaGVpZ2h0PSIxIiB4bWxucz0iaHR0cDovL3d3dy53My5vcmcvMjAwMC9zdmciPjwvc3ZnPg==\" style=\"--smush-placeholder-width: 450px; --smush-placeholder-aspect-ratio: 450\/600;\" \/><\/a>\n\t\t\t<\/dt><\/dl><br style=\"clear: both\" \/>\n\t\t<\/div>\n\n<\/div>\n<\/div>\n","protected":false},"excerpt":{"rendered":"<p>En la localidad de San Dionisio de #Colb\u00fan, las tradiciones se rescatan y destacan, en torno a la Fiesta de su Santo Patrono y al celebrar su aniversario N\u00b0 59, se unen Junta de Vecinos, Agrupaci\u00f3n Renacer Campesino, Comunidad Cristiana, apoyados por la Municipalidad de Colb\u00fan, para realizar una hermosa fiesta el domingo 9 de [&hellip;]<\/p>\n","protected":false},"author":1,"featured_media":15465,"comment_status":"closed","ping_status":"closed","sticky":false,"template":"","format":"standard","meta":{"h5ap_radio_sources":[],"footnotes":""},"categories":[362,74,193],"tags":[108,400,399],"class_list":["post-15462","post","type-post","status-publish","format-standard","has-post-thumbnail","hentry","category-362","category-fiesta-religiosa","category-historia-diocesana","tag-colbun","tag-parroquia-san-miguel-arcangel","tag-san-dionisio"],"_links":{"self":[{"href":"https:\/\/obispadodelinares.cl\/ol\/index.php?rest_route=\/wp\/v2\/posts\/15462","targetHints":{"allow":["GET"]}}],"collection":[{"href":"https:\/\/obispadodelinares.cl\/ol\/index.php?rest_route=\/wp\/v2\/posts"}],"about":[{"href":"https:\/\/obispadodelinares.cl\/ol\/index.php?rest_route=\/wp\/v2\/types\/post"}],"author":[{"embeddable":true,"href":"https:\/\/obispadodelinares.cl\/ol\/index.php?rest_route=\/wp\/v2\/users\/1"}],"replies":[{"embeddable":true,"href":"https:\/\/obispadodelinares.cl\/ol\/index.php?rest_route=%2Fwp%2Fv2%2Fcomments&post=15462"}],"version-history":[{"count":0,"href":"https:\/\/obispadodelinares.cl\/ol\/index.php?rest_route=\/wp\/v2\/posts\/15462\/revisions"}],"wp:featuredmedia":[{"embeddable":true,"href":"https:\/\/obispadodelinares.cl\/ol\/index.php?rest_route=\/wp\/v2\/media\/15465"}],"wp:attachment":[{"href":"https:\/\/obispadodelinares.cl\/ol\/index.php?rest_route=%2Fwp%2Fv2%2Fmedia&parent=15462"}],"wp:term":[{"taxonomy":"category","embeddable":true,"href":"https:\/\/obispadodelinares.cl\/ol\/index.php?rest_route=%2Fwp%2Fv2%2Fcategories&post=15462"},{"taxonomy":"post_tag","embeddable":true,"href":"https:\/\/obispadodelinares.cl\/ol\/index.php?rest_route=%2Fwp%2Fv2%2Ftags&post=15462"}],"curies":[{"name":"wp","href":"https:\/\/api.w.org\/{rel}","templated":true}]}}