{"id":15447,"date":"2022-10-11T14:05:03","date_gmt":"2022-10-11T14:05:03","guid":{"rendered":"http:\/\/obispadodelinares.cl\/ol\/?p=15447"},"modified":"2022-10-11T19:06:27","modified_gmt":"2022-10-11T19:06:27","slug":"fiesta-de-nuestra-senora-del-rosario-en-sauzal-tradicion-esperanza-y-emocion","status":"publish","type":"post","link":"https:\/\/obispadodelinares.cl\/ol\/?p=15447","title":{"rendered":"Fiesta de Nuestra Se\u00f1ora del Rosario en Sauzal tradici\u00f3n, esperanza y emoci\u00f3n"},"content":{"rendered":"<p>&nbsp;<\/p>\n<p>&nbsp;<\/p>\n<p>Con alegr\u00eda, esperanza y mucha emoci\u00f3n los feligreses de la localidad de Sauzal, y como es la tradici\u00f3n que aprendieron de sus padres y abuelos, celebraron a la Virgen del Rosario.<br \/>\nLa Aldea colonial fundada en 1782 en la Regi\u00f3n del Maule, ubicada a 35 km al norte de la ciudad de Cauquenes, (Secano Costero), con una poblaci\u00f3n habitual que no supera los 400 habitantes, una vez m\u00e1s se visti\u00f3 de fiesta para recibir a miles de peregrinos que vienen a rendir homenajes a la Virgencita del Rosario, pagar mandas, agradecer favores y encomendarse a la protecci\u00f3n de la Madre de Dios.<br \/>\nLa celebraci\u00f3n comenz\u00f3 con la Novena y culmin\u00f3 con una Eucarist\u00eda presidida por el P. Jos\u00e9 Ulloa, p\u00e1rroco, contando con la participaci\u00f3n de las autoridades locales en cabezadas por la Alcaldesa de Cauquenes Srta. Nery Rodr\u00edguez y el Alcalde de Empedrado Gonzalo Tejos, concejales y dirigentes de la Junta de Vecinos del poblado, as\u00ed como tambi\u00e9n miles de peregrinos que retornaron a la hermosa tradici\u00f3n, tras dos a\u00f1os de restricci\u00f3n por pandemia.<br \/>\nLuego de la Misa, la Imagen imagen de madera policromada de Nuestra del Rosario que tendr\u00eda una data del siglo XIX encabez\u00f3 la Procesi\u00f3n por las cinuosas calles del Poblado, siendo escoltada por la multitud que entre cantos, rezo del Rosario y vivas a la Virgen avanzaba hasta retornar a la Plaza.<br \/>\nEn esta peregrinaci\u00f3n nota a parte para el Club de Huasos de Sauzal y comunidades vecinas, pues una vez m\u00e1s escoltaron la imagen de la Virgen y rindieron un esquinazo, ofreciendo chicha en cacho a las autoridades y realizando la corrida en torno a la Plaza, primero al paso y luego al trote, cabe mencionar lo ordenada de esta presentaci\u00f3n.<br \/>\nAl concluir la celebraci\u00f3n, en los avisos parroquiales, el P. Jos\u00e9 Ulloa agradeci\u00f3 el esfuerzo de toda la comunidad por sacar adelante esta hermosa tradici\u00f3n, agradeci\u00f3 a las autoridades de Cauquenes y Empedrado que participaron activamente, a Carabineros que con amabilidad resguardo el orden de toda la celebraci\u00f3n, Bomberos siempre presentes, a la Junta de Vecinos, a los alumnos de la Escuela que ofrecieron los pie de cueca y al Conjunto San Ignacio de Empedrado que con sus armoniosas voces particip\u00f3 en la Eucarist\u00eda y ameniz\u00f3 el esquinazo de los Huasos.<\/p>\n<p><a href=\"https:\/\/photos.app.goo.gl\/bPVBxhPvV46B2GiQA\">Ver todas las fotograf\u00edas link aqu\u00ed<\/a><\/p>\n\n\t\t<style type=\"text\/css\">\n\t\t\t#gallery-1 {\n\t\t\t\tmargin: auto;\n\t\t\t}\n\t\t\t#gallery-1 .gallery-item {\n\t\t\t\tfloat: left;\n\t\t\t\tmargin-top: 10px;\n\t\t\t\ttext-align: center;\n\t\t\t\twidth: 33%;\n\t\t\t}\n\t\t\t#gallery-1 img {\n\t\t\t\tborder: 2px solid #cfcfcf;\n\t\t\t}\n\t\t\t#gallery-1 .gallery-caption {\n\t\t\t\tmargin-left: 0;\n\t\t\t}\n\t\t\t\/* see gallery_shortcode() in wp-includes\/media.php *\/\n\t\t<\/style>\n\t\t<div id='gallery-1' class='gallery galleryid-15447 gallery-columns-3 gallery-size-large'><dl class='gallery-item'>\n\t\t\t<dt class='gallery-icon landscape'>\n\t\t\t\t<a href='https:\/\/obispadodelinares.cl\/ol\/wp-content\/uploads\/2022\/10\/IMG_5873.jpg'><img fetchpriority=\"high\" decoding=\"async\" width=\"1024\" height=\"683\" src=\"https:\/\/obispadodelinares.cl\/ol\/wp-content\/uploads\/2022\/10\/IMG_5873-1024x683.jpg\" class=\"attachment-large size-large\" alt=\"\" srcset=\"https:\/\/obispadodelinares.cl\/ol\/wp-content\/uploads\/2022\/10\/IMG_5873-1024x683.jpg 1024w, https:\/\/obispadodelinares.cl\/ol\/wp-content\/uploads\/2022\/10\/IMG_5873-300x200.jpg 300w, https:\/\/obispadodelinares.cl\/ol\/wp-content\/uploads\/2022\/10\/IMG_5873-768x512.jpg 768w, https:\/\/obispadodelinares.cl\/ol\/wp-content\/uploads\/2022\/10\/IMG_5873.jpg 1500w\" sizes=\"(max-width: 1024px) 100vw, 1024px\" \/><\/a>\n\t\t\t<\/dt><\/dl><dl class='gallery-item'>\n\t\t\t<dt class='gallery-icon landscape'>\n\t\t\t\t<a href='https:\/\/obispadodelinares.cl\/ol\/wp-content\/uploads\/2022\/10\/IMG_5853.jpg'><img decoding=\"async\" width=\"1024\" height=\"683\" data-src=\"https:\/\/obispadodelinares.cl\/ol\/wp-content\/uploads\/2022\/10\/IMG_5853-1024x683.jpg\" class=\"attachment-large size-large lazyload\" alt=\"\" data-srcset=\"https:\/\/obispadodelinares.cl\/ol\/wp-content\/uploads\/2022\/10\/IMG_5853-1024x683.jpg 1024w, https:\/\/obispadodelinares.cl\/ol\/wp-content\/uploads\/2022\/10\/IMG_5853-300x200.jpg 300w, https:\/\/obispadodelinares.cl\/ol\/wp-content\/uploads\/2022\/10\/IMG_5853-768x512.jpg 768w, https:\/\/obispadodelinares.cl\/ol\/wp-content\/uploads\/2022\/10\/IMG_5853.jpg 1500w\" data-sizes=\"(max-width: 1024px) 100vw, 1024px\" src=\"data:image\/svg+xml;base64,PHN2ZyB3aWR0aD0iMSIgaGVpZ2h0PSIxIiB4bWxucz0iaHR0cDovL3d3dy53My5vcmcvMjAwMC9zdmciPjwvc3ZnPg==\" style=\"--smush-placeholder-width: 1024px; --smush-placeholder-aspect-ratio: 1024\/683;\" \/><\/a>\n\t\t\t<\/dt><\/dl><dl class='gallery-item'>\n\t\t\t<dt class='gallery-icon landscape'>\n\t\t\t\t<a href='https:\/\/obispadodelinares.cl\/ol\/wp-content\/uploads\/2022\/10\/IMG_5758.jpg'><img decoding=\"async\" width=\"1024\" height=\"683\" data-src=\"https:\/\/obispadodelinares.cl\/ol\/wp-content\/uploads\/2022\/10\/IMG_5758-1024x683.jpg\" class=\"attachment-large size-large lazyload\" alt=\"\" data-srcset=\"https:\/\/obispadodelinares.cl\/ol\/wp-content\/uploads\/2022\/10\/IMG_5758-1024x683.jpg 1024w, https:\/\/obispadodelinares.cl\/ol\/wp-content\/uploads\/2022\/10\/IMG_5758-300x200.jpg 300w, https:\/\/obispadodelinares.cl\/ol\/wp-content\/uploads\/2022\/10\/IMG_5758-768x512.jpg 768w, https:\/\/obispadodelinares.cl\/ol\/wp-content\/uploads\/2022\/10\/IMG_5758.jpg 1500w\" data-sizes=\"(max-width: 1024px) 100vw, 1024px\" src=\"data:image\/svg+xml;base64,PHN2ZyB3aWR0aD0iMSIgaGVpZ2h0PSIxIiB4bWxucz0iaHR0cDovL3d3dy53My5vcmcvMjAwMC9zdmciPjwvc3ZnPg==\" style=\"--smush-placeholder-width: 1024px; --smush-placeholder-aspect-ratio: 1024\/683;\" \/><\/a>\n\t\t\t<\/dt><\/dl><br style=\"clear: both\" \/><dl class='gallery-item'>\n\t\t\t<dt class='gallery-icon landscape'>\n\t\t\t\t<a href='https:\/\/obispadodelinares.cl\/ol\/wp-content\/uploads\/2022\/10\/IMG_5752.jpg'><img decoding=\"async\" width=\"1024\" height=\"683\" data-src=\"https:\/\/obispadodelinares.cl\/ol\/wp-content\/uploads\/2022\/10\/IMG_5752-1024x683.jpg\" class=\"attachment-large size-large lazyload\" alt=\"\" data-srcset=\"https:\/\/obispadodelinares.cl\/ol\/wp-content\/uploads\/2022\/10\/IMG_5752-1024x683.jpg 1024w, https:\/\/obispadodelinares.cl\/ol\/wp-content\/uploads\/2022\/10\/IMG_5752-300x200.jpg 300w, https:\/\/obispadodelinares.cl\/ol\/wp-content\/uploads\/2022\/10\/IMG_5752-768x512.jpg 768w, https:\/\/obispadodelinares.cl\/ol\/wp-content\/uploads\/2022\/10\/IMG_5752.jpg 1500w\" data-sizes=\"(max-width: 1024px) 100vw, 1024px\" src=\"data:image\/svg+xml;base64,PHN2ZyB3aWR0aD0iMSIgaGVpZ2h0PSIxIiB4bWxucz0iaHR0cDovL3d3dy53My5vcmcvMjAwMC9zdmciPjwvc3ZnPg==\" style=\"--smush-placeholder-width: 1024px; --smush-placeholder-aspect-ratio: 1024\/683;\" \/><\/a>\n\t\t\t<\/dt><\/dl><dl class='gallery-item'>\n\t\t\t<dt class='gallery-icon landscape'>\n\t\t\t\t<a href='https:\/\/obispadodelinares.cl\/ol\/wp-content\/uploads\/2022\/10\/IMG_5716.jpg'><img decoding=\"async\" width=\"1024\" height=\"683\" data-src=\"https:\/\/obispadodelinares.cl\/ol\/wp-content\/uploads\/2022\/10\/IMG_5716-1024x683.jpg\" class=\"attachment-large size-large lazyload\" alt=\"\" data-srcset=\"https:\/\/obispadodelinares.cl\/ol\/wp-content\/uploads\/2022\/10\/IMG_5716-1024x683.jpg 1024w, https:\/\/obispadodelinares.cl\/ol\/wp-content\/uploads\/2022\/10\/IMG_5716-300x200.jpg 300w, https:\/\/obispadodelinares.cl\/ol\/wp-content\/uploads\/2022\/10\/IMG_5716-768x512.jpg 768w, https:\/\/obispadodelinares.cl\/ol\/wp-content\/uploads\/2022\/10\/IMG_5716.jpg 1500w\" data-sizes=\"(max-width: 1024px) 100vw, 1024px\" src=\"data:image\/svg+xml;base64,PHN2ZyB3aWR0aD0iMSIgaGVpZ2h0PSIxIiB4bWxucz0iaHR0cDovL3d3dy53My5vcmcvMjAwMC9zdmciPjwvc3ZnPg==\" style=\"--smush-placeholder-width: 1024px; --smush-placeholder-aspect-ratio: 1024\/683;\" \/><\/a>\n\t\t\t<\/dt><\/dl><dl class='gallery-item'>\n\t\t\t<dt class='gallery-icon landscape'>\n\t\t\t\t<a href='https:\/\/obispadodelinares.cl\/ol\/wp-content\/uploads\/2022\/10\/IMG_5708.jpg'><img decoding=\"async\" width=\"1024\" height=\"683\" data-src=\"https:\/\/obispadodelinares.cl\/ol\/wp-content\/uploads\/2022\/10\/IMG_5708-1024x683.jpg\" class=\"attachment-large size-large lazyload\" alt=\"\" data-srcset=\"https:\/\/obispadodelinares.cl\/ol\/wp-content\/uploads\/2022\/10\/IMG_5708-1024x683.jpg 1024w, https:\/\/obispadodelinares.cl\/ol\/wp-content\/uploads\/2022\/10\/IMG_5708-300x200.jpg 300w, https:\/\/obispadodelinares.cl\/ol\/wp-content\/uploads\/2022\/10\/IMG_5708-768x512.jpg 768w, https:\/\/obispadodelinares.cl\/ol\/wp-content\/uploads\/2022\/10\/IMG_5708.jpg 1500w\" data-sizes=\"(max-width: 1024px) 100vw, 1024px\" src=\"data:image\/svg+xml;base64,PHN2ZyB3aWR0aD0iMSIgaGVpZ2h0PSIxIiB4bWxucz0iaHR0cDovL3d3dy53My5vcmcvMjAwMC9zdmciPjwvc3ZnPg==\" style=\"--smush-placeholder-width: 1024px; --smush-placeholder-aspect-ratio: 1024\/683;\" \/><\/a>\n\t\t\t<\/dt><\/dl><br style=\"clear: both\" \/><dl class='gallery-item'>\n\t\t\t<dt class='gallery-icon landscape'>\n\t\t\t\t<a href='https:\/\/obispadodelinares.cl\/ol\/wp-content\/uploads\/2022\/10\/IMG_5695.jpg'><img decoding=\"async\" width=\"1024\" height=\"683\" data-src=\"https:\/\/obispadodelinares.cl\/ol\/wp-content\/uploads\/2022\/10\/IMG_5695-1024x683.jpg\" class=\"attachment-large size-large lazyload\" alt=\"\" data-srcset=\"https:\/\/obispadodelinares.cl\/ol\/wp-content\/uploads\/2022\/10\/IMG_5695-1024x683.jpg 1024w, https:\/\/obispadodelinares.cl\/ol\/wp-content\/uploads\/2022\/10\/IMG_5695-300x200.jpg 300w, https:\/\/obispadodelinares.cl\/ol\/wp-content\/uploads\/2022\/10\/IMG_5695-768x512.jpg 768w, https:\/\/obispadodelinares.cl\/ol\/wp-content\/uploads\/2022\/10\/IMG_5695.jpg 1500w\" data-sizes=\"(max-width: 1024px) 100vw, 1024px\" src=\"data:image\/svg+xml;base64,PHN2ZyB3aWR0aD0iMSIgaGVpZ2h0PSIxIiB4bWxucz0iaHR0cDovL3d3dy53My5vcmcvMjAwMC9zdmciPjwvc3ZnPg==\" style=\"--smush-placeholder-width: 1024px; --smush-placeholder-aspect-ratio: 1024\/683;\" \/><\/a>\n\t\t\t<\/dt><\/dl><dl class='gallery-item'>\n\t\t\t<dt class='gallery-icon portrait'>\n\t\t\t\t<a href='https:\/\/obispadodelinares.cl\/ol\/wp-content\/uploads\/2022\/10\/IMG_5614-rotated.jpg'><img decoding=\"async\" width=\"683\" height=\"1024\" data-src=\"https:\/\/obispadodelinares.cl\/ol\/wp-content\/uploads\/2022\/10\/IMG_5614-683x1024.jpg\" class=\"attachment-large size-large lazyload\" alt=\"\" data-srcset=\"https:\/\/obispadodelinares.cl\/ol\/wp-content\/uploads\/2022\/10\/IMG_5614-683x1024.jpg 683w, https:\/\/obispadodelinares.cl\/ol\/wp-content\/uploads\/2022\/10\/IMG_5614-200x300.jpg 200w, https:\/\/obispadodelinares.cl\/ol\/wp-content\/uploads\/2022\/10\/IMG_5614-768x1152.jpg 768w, https:\/\/obispadodelinares.cl\/ol\/wp-content\/uploads\/2022\/10\/IMG_5614-rotated.jpg 1000w\" data-sizes=\"(max-width: 683px) 100vw, 683px\" src=\"data:image\/svg+xml;base64,PHN2ZyB3aWR0aD0iMSIgaGVpZ2h0PSIxIiB4bWxucz0iaHR0cDovL3d3dy53My5vcmcvMjAwMC9zdmciPjwvc3ZnPg==\" style=\"--smush-placeholder-width: 683px; --smush-placeholder-aspect-ratio: 683\/1024;\" \/><\/a>\n\t\t\t<\/dt><\/dl>\n\t\t\t<br style='clear: both' \/>\n\t\t<\/div>\n\n<p>&nbsp;<\/p>\n<p><iframe title=\"San Francisco un amigo fiel para toda la vida, celebrando a San Francisco de As\u00eds en Huerta de Maule\" width=\"500\" height=\"281\" src=\"https:\/\/www.youtube.com\/embed\/YUonsvtsEyY?feature=oembed\" frameborder=\"0\" allow=\"accelerometer; autoplay; clipboard-write; encrypted-media; gyroscope; picture-in-picture; web-share\" referrerpolicy=\"strict-origin-when-cross-origin\" allowfullscreen><\/iframe><\/p>\n","protected":false},"excerpt":{"rendered":"<p>&nbsp; &nbsp; Con alegr\u00eda, esperanza y mucha emoci\u00f3n los feligreses de la localidad de Sauzal, y como es la tradici\u00f3n que aprendieron de sus padres y abuelos, celebraron a la Virgen del Rosario. La Aldea colonial fundada en 1782 en la Regi\u00f3n del Maule, ubicada a 35 km al norte de la ciudad de Cauquenes, [&hellip;]<\/p>\n","protected":false},"author":1,"featured_media":15452,"comment_status":"closed","ping_status":"closed","sticky":false,"template":"","format":"standard","meta":{"h5ap_radio_sources":[],"footnotes":""},"categories":[362,74,193],"tags":[398,147],"class_list":["post-15447","post","type-post","status-publish","format-standard","has-post-thumbnail","hentry","category-362","category-fiesta-religiosa","category-historia-diocesana","tag-fiesta-patronal","tag-sauzal"],"_links":{"self":[{"href":"https:\/\/obispadodelinares.cl\/ol\/index.php?rest_route=\/wp\/v2\/posts\/15447","targetHints":{"allow":["GET"]}}],"collection":[{"href":"https:\/\/obispadodelinares.cl\/ol\/index.php?rest_route=\/wp\/v2\/posts"}],"about":[{"href":"https:\/\/obispadodelinares.cl\/ol\/index.php?rest_route=\/wp\/v2\/types\/post"}],"author":[{"embeddable":true,"href":"https:\/\/obispadodelinares.cl\/ol\/index.php?rest_route=\/wp\/v2\/users\/1"}],"replies":[{"embeddable":true,"href":"https:\/\/obispadodelinares.cl\/ol\/index.php?rest_route=%2Fwp%2Fv2%2Fcomments&post=15447"}],"version-history":[{"count":0,"href":"https:\/\/obispadodelinares.cl\/ol\/index.php?rest_route=\/wp\/v2\/posts\/15447\/revisions"}],"wp:featuredmedia":[{"embeddable":true,"href":"https:\/\/obispadodelinares.cl\/ol\/index.php?rest_route=\/wp\/v2\/media\/15452"}],"wp:attachment":[{"href":"https:\/\/obispadodelinares.cl\/ol\/index.php?rest_route=%2Fwp%2Fv2%2Fmedia&parent=15447"}],"wp:term":[{"taxonomy":"category","embeddable":true,"href":"https:\/\/obispadodelinares.cl\/ol\/index.php?rest_route=%2Fwp%2Fv2%2Fcategories&post=15447"},{"taxonomy":"post_tag","embeddable":true,"href":"https:\/\/obispadodelinares.cl\/ol\/index.php?rest_route=%2Fwp%2Fv2%2Ftags&post=15447"}],"curies":[{"name":"wp","href":"https:\/\/api.w.org\/{rel}","templated":true}]}}