{"id":15120,"date":"2022-08-18T21:16:33","date_gmt":"2022-08-18T21:16:33","guid":{"rendered":"http:\/\/obispadodelinares.cl\/ol\/?p=15120"},"modified":"2022-08-18T21:16:33","modified_gmt":"2022-08-18T21:16:33","slug":"destacamos-el-valor-de-los-pequenos-gestos-que-generan-grandes-cambios","status":"publish","type":"post","link":"https:\/\/obispadodelinares.cl\/ol\/?p=15120","title":{"rendered":"Destacamos el valor de los peque\u00f1os gestos que generan grandes cambios"},"content":{"rendered":"<h3><span style=\"font-weight: 400;\">Misa D\u00eda de la Solidaridad<\/span><\/h3>\n<p><span style=\"font-weight: 400;\">Con un coraz\u00f3n agradecido al Se\u00f1or, que nos regal\u00f3 a San Alberto Hurtado, incansable servidor de los pobres en Chile, la Iglesia de Linares celebr\u00f3 el D\u00eda de la Solidaridad, con una Eucarist\u00eda en la Catedral. Asistieron Autoridades Provinciales, Representantes de Instituciones Sociales, Civiles y Uniformadas, destacando grupos de voluntariado presentes en esta Provincia del Maule Sur. Tambi\u00e9n, acompa\u00f1aron las delegaciones de los Colegios Mar\u00eda Auxiliadora, La Providencia y Liceo Bicentenario Colegio San Miguel Arc\u00e1ngel.<\/span><\/p>\n<p><span style=\"font-weight: 400;\">En su homil\u00eda, Monse\u00f1or Koljatic, record\u00f3 la figura y obra de San Alberto Hurtado, adem\u00e1s de ser fundador del Hogar de Cristo, su vida y testimonio siguen siendo modelo e inspiraci\u00f3n para los creyentes hoy. Acentu\u00f3 asimismo ese incansable llamado a la gente de su tiempo a transformar la solidaridad en una opci\u00f3n activa de vida, viendo en el rostro del que sufre, el rostro de Cristo. En sus palabras tambi\u00e9n destac\u00f3 el valor de los peque\u00f1os gestos, que se suman, motivan y en definitiva generan los grandes cambios.<\/span><\/p>\n<p><span style=\"font-weight: 400;\">En la presentaci\u00f3n de las ofrendas, junto al Pan y el Vino, las delegaciones de Estudiantes y Adultos Mayores, llevaron hasta el altar el producto de las campa\u00f1as solidarias, que ser\u00e1n distribuidas entre los m\u00e1s necesitados.<\/span><\/p>\n<p><b>Momento muy importante antes de la bendici\u00f3n final<\/b><\/p>\n<p><span style=\"font-weight: 400;\">Como acci\u00f3n de gracias en esta jornada se ha querido destacar a aquellas personas e instituciones que han hecho vida el mensaje de San Alberto Hurtado, y han destacado durante este tiempo de pandemia, al responder con acciones concretas al llamado de la fraternidad, comenzando con peque\u00f1os signos que han motivado a otros, sum\u00e1ndose al servicio de los m\u00e1s necesitados.<\/span><\/p>\n<p><b><i>Como Iglesia diocesana se ha querido reconocer los esfuerzos de<\/i><\/b><span style=\"font-weight: 400;\">:<\/span><\/p>\n<p><span style=\"font-weight: 400;\">GAST\u00d3N VERGARA Red Calle (consejo de Pastores)<\/span><\/p>\n<p><span style=\"font-weight: 400;\">CLAUDIA ORTEGA Fundaci\u00f3n Rumbos \u00c1gape<\/span><\/p>\n<p><span style=\"font-weight: 400;\">JAQUELINE ROJAS Olla com\u00fan Flavio torres<\/span><\/p>\n<p><span style=\"font-weight: 400;\">CARMEN ABRIGO CFT San Agust\u00edn (Voluntariado)<\/span><\/p>\n<p><span style=\"font-weight: 400;\">SELFA GAETE Decosal Linares<\/span><\/p>\n<p><span style=\"font-weight: 400;\">PATRICIA ORTEGA Unidad servicio Social Hospital Linares<\/span><\/p>\n<p><span style=\"font-weight: 400;\">MIGUEL UGAS Uni\u00f3n comunal del Adulto Mayor<\/span><\/p>\n<p><span style=\"font-weight: 400;\">LUIS HERN\u00c1NDEZ Fundaci\u00f3n de las Familias<\/span><\/p>\n<p><span style=\"font-weight: 400;\">MERCEDES BAEZA Cruz Roja<\/span><\/p>\n<p><span style=\"font-weight: 400;\">LORENA LETELIER Instituto Linares (Pastoral)<\/span><\/p>\n<p><span style=\"font-weight: 400;\">JOSE NORAMBUENA (Suboficial) Carabineros de Chile (Oficina comunitaria)<\/span><\/p>\n<p><span style=\"font-weight: 400;\">JUAN ROJAS (Suboficial) Carabineros de Chile<\/span><\/p>\n<p><span style=\"font-weight: 400;\">PAULA ROJAS Delegaci\u00f3n Provincia de Linares<\/span><\/p>\n<p><span style=\"font-weight: 400;\">DANA FUENTES Hogar de Cristo (Cauquenes y Linares)<\/span><\/p>\n<p><span style=\"font-weight: 400;\">ANA VILLALOBOS Municipalidad de Linares<\/span><\/p>\n<p><span style=\"font-weight: 400;\">RODRIGO LOPEZ ONG: Alta tierra<\/span><\/p>\n<p>&nbsp;<\/p>\n<p><b>Otro signo externo, de cara a la comunidad<\/b><\/p>\n<p><span style=\"font-weight: 400;\">Fue la presentaci\u00f3n de un pasacalle, llevando un gran lienzo con el lema: <\/span><b>\u201cChile cambia\u2026 pero hay cosas que no cambian\u201d<\/b><span style=\"font-weight: 400;\">. El recorrido fue por la Plaza de Armas de Linares, a las 12:00 horas. Personas de distintos programas sociales de la Di\u00f3cesis de Linares y de Hogar de Cristo, encabezados por el Obispo de Linares, Monse\u00f1or Tomislav Koljatic; autoridades locales y provinciales y el Jefe de Operaci\u00f3n Social Territorial de Hogar de Cristo Maule Sur, Mauricio Zorondo; confirmando su compromiso con un Chile que debe cambiar incorporando a todos y todas, haci\u00e9ndose cargo de las necesidades de sus ciudadanos.<\/span><\/p>\n<p>&nbsp;<\/p>\n\n\t\t<style type=\"text\/css\">\n\t\t\t#gallery-1 {\n\t\t\t\tmargin: auto;\n\t\t\t}\n\t\t\t#gallery-1 .gallery-item {\n\t\t\t\tfloat: left;\n\t\t\t\tmargin-top: 10px;\n\t\t\t\ttext-align: center;\n\t\t\t\twidth: 33%;\n\t\t\t}\n\t\t\t#gallery-1 img {\n\t\t\t\tborder: 2px solid #cfcfcf;\n\t\t\t}\n\t\t\t#gallery-1 .gallery-caption {\n\t\t\t\tmargin-left: 0;\n\t\t\t}\n\t\t\t\/* see gallery_shortcode() in wp-includes\/media.php *\/\n\t\t<\/style>\n\t\t<div id='gallery-1' class='gallery galleryid-15120 gallery-columns-3 gallery-size-large'><dl class='gallery-item'>\n\t\t\t<dt class='gallery-icon landscape'>\n\t\t\t\t<a href='https:\/\/obispadodelinares.cl\/ol\/wp-content\/uploads\/2022\/08\/IMG_4700.jpg'><img fetchpriority=\"high\" decoding=\"async\" width=\"1024\" height=\"683\" src=\"https:\/\/obispadodelinares.cl\/ol\/wp-content\/uploads\/2022\/08\/IMG_4700-1024x683.jpg\" class=\"attachment-large size-large\" alt=\"\" srcset=\"https:\/\/obispadodelinares.cl\/ol\/wp-content\/uploads\/2022\/08\/IMG_4700-1024x683.jpg 1024w, https:\/\/obispadodelinares.cl\/ol\/wp-content\/uploads\/2022\/08\/IMG_4700-300x200.jpg 300w, https:\/\/obispadodelinares.cl\/ol\/wp-content\/uploads\/2022\/08\/IMG_4700-768x512.jpg 768w, https:\/\/obispadodelinares.cl\/ol\/wp-content\/uploads\/2022\/08\/IMG_4700.jpg 1414w\" sizes=\"(max-width: 1024px) 100vw, 1024px\" \/><\/a>\n\t\t\t<\/dt><\/dl><dl class='gallery-item'>\n\t\t\t<dt class='gallery-icon portrait'>\n\t\t\t\t<a href='https:\/\/obispadodelinares.cl\/ol\/wp-content\/uploads\/2022\/08\/IMG_4706.jpg'><img decoding=\"async\" width=\"580\" height=\"870\" data-src=\"https:\/\/obispadodelinares.cl\/ol\/wp-content\/uploads\/2022\/08\/IMG_4706.jpg\" class=\"attachment-large size-large lazyload\" alt=\"\" data-srcset=\"https:\/\/obispadodelinares.cl\/ol\/wp-content\/uploads\/2022\/08\/IMG_4706.jpg 580w, https:\/\/obispadodelinares.cl\/ol\/wp-content\/uploads\/2022\/08\/IMG_4706-200x300.jpg 200w\" data-sizes=\"(max-width: 580px) 100vw, 580px\" src=\"data:image\/svg+xml;base64,PHN2ZyB3aWR0aD0iMSIgaGVpZ2h0PSIxIiB4bWxucz0iaHR0cDovL3d3dy53My5vcmcvMjAwMC9zdmciPjwvc3ZnPg==\" style=\"--smush-placeholder-width: 580px; --smush-placeholder-aspect-ratio: 580\/870;\" \/><\/a>\n\t\t\t<\/dt><\/dl><dl class='gallery-item'>\n\t\t\t<dt class='gallery-icon landscape'>\n\t\t\t\t<a href='https:\/\/obispadodelinares.cl\/ol\/wp-content\/uploads\/2022\/08\/IMG_4722.jpg'><img decoding=\"async\" width=\"1024\" height=\"683\" data-src=\"https:\/\/obispadodelinares.cl\/ol\/wp-content\/uploads\/2022\/08\/IMG_4722-1024x683.jpg\" class=\"attachment-large size-large lazyload\" alt=\"\" data-srcset=\"https:\/\/obispadodelinares.cl\/ol\/wp-content\/uploads\/2022\/08\/IMG_4722-1024x683.jpg 1024w, https:\/\/obispadodelinares.cl\/ol\/wp-content\/uploads\/2022\/08\/IMG_4722-300x200.jpg 300w, https:\/\/obispadodelinares.cl\/ol\/wp-content\/uploads\/2022\/08\/IMG_4722-768x512.jpg 768w, https:\/\/obispadodelinares.cl\/ol\/wp-content\/uploads\/2022\/08\/IMG_4722.jpg 1305w\" data-sizes=\"(max-width: 1024px) 100vw, 1024px\" src=\"data:image\/svg+xml;base64,PHN2ZyB3aWR0aD0iMSIgaGVpZ2h0PSIxIiB4bWxucz0iaHR0cDovL3d3dy53My5vcmcvMjAwMC9zdmciPjwvc3ZnPg==\" style=\"--smush-placeholder-width: 1024px; --smush-placeholder-aspect-ratio: 1024\/683;\" \/><\/a>\n\t\t\t<\/dt><\/dl><br style=\"clear: both\" \/><dl class='gallery-item'>\n\t\t\t<dt class='gallery-icon landscape'>\n\t\t\t\t<a href='https:\/\/obispadodelinares.cl\/ol\/wp-content\/uploads\/2022\/08\/IMG_4746.jpg'><img decoding=\"async\" width=\"1024\" height=\"683\" data-src=\"https:\/\/obispadodelinares.cl\/ol\/wp-content\/uploads\/2022\/08\/IMG_4746-1024x683.jpg\" class=\"attachment-large size-large lazyload\" alt=\"\" data-srcset=\"https:\/\/obispadodelinares.cl\/ol\/wp-content\/uploads\/2022\/08\/IMG_4746-1024x683.jpg 1024w, https:\/\/obispadodelinares.cl\/ol\/wp-content\/uploads\/2022\/08\/IMG_4746-300x200.jpg 300w, https:\/\/obispadodelinares.cl\/ol\/wp-content\/uploads\/2022\/08\/IMG_4746-768x512.jpg 768w, https:\/\/obispadodelinares.cl\/ol\/wp-content\/uploads\/2022\/08\/IMG_4746.jpg 1305w\" data-sizes=\"(max-width: 1024px) 100vw, 1024px\" src=\"data:image\/svg+xml;base64,PHN2ZyB3aWR0aD0iMSIgaGVpZ2h0PSIxIiB4bWxucz0iaHR0cDovL3d3dy53My5vcmcvMjAwMC9zdmciPjwvc3ZnPg==\" style=\"--smush-placeholder-width: 1024px; --smush-placeholder-aspect-ratio: 1024\/683;\" \/><\/a>\n\t\t\t<\/dt><\/dl><dl class='gallery-item'>\n\t\t\t<dt class='gallery-icon landscape'>\n\t\t\t\t<a href='https:\/\/obispadodelinares.cl\/ol\/wp-content\/uploads\/2022\/08\/IMG_4752.jpg'><img decoding=\"async\" width=\"1024\" height=\"683\" data-src=\"https:\/\/obispadodelinares.cl\/ol\/wp-content\/uploads\/2022\/08\/IMG_4752-1024x683.jpg\" class=\"attachment-large size-large lazyload\" alt=\"\" data-srcset=\"https:\/\/obispadodelinares.cl\/ol\/wp-content\/uploads\/2022\/08\/IMG_4752-1024x683.jpg 1024w, https:\/\/obispadodelinares.cl\/ol\/wp-content\/uploads\/2022\/08\/IMG_4752-300x200.jpg 300w, https:\/\/obispadodelinares.cl\/ol\/wp-content\/uploads\/2022\/08\/IMG_4752-768x512.jpg 768w, https:\/\/obispadodelinares.cl\/ol\/wp-content\/uploads\/2022\/08\/IMG_4752.jpg 1305w\" data-sizes=\"(max-width: 1024px) 100vw, 1024px\" src=\"data:image\/svg+xml;base64,PHN2ZyB3aWR0aD0iMSIgaGVpZ2h0PSIxIiB4bWxucz0iaHR0cDovL3d3dy53My5vcmcvMjAwMC9zdmciPjwvc3ZnPg==\" style=\"--smush-placeholder-width: 1024px; --smush-placeholder-aspect-ratio: 1024\/683;\" \/><\/a>\n\t\t\t<\/dt><\/dl><dl class='gallery-item'>\n\t\t\t<dt class='gallery-icon landscape'>\n\t\t\t\t<a href='https:\/\/obispadodelinares.cl\/ol\/wp-content\/uploads\/2022\/08\/IMG_4806.jpg'><img decoding=\"async\" width=\"1024\" height=\"683\" data-src=\"https:\/\/obispadodelinares.cl\/ol\/wp-content\/uploads\/2022\/08\/IMG_4806-1024x683.jpg\" class=\"attachment-large size-large lazyload\" alt=\"\" data-srcset=\"https:\/\/obispadodelinares.cl\/ol\/wp-content\/uploads\/2022\/08\/IMG_4806-1024x683.jpg 1024w, https:\/\/obispadodelinares.cl\/ol\/wp-content\/uploads\/2022\/08\/IMG_4806-300x200.jpg 300w, https:\/\/obispadodelinares.cl\/ol\/wp-content\/uploads\/2022\/08\/IMG_4806-768x512.jpg 768w, https:\/\/obispadodelinares.cl\/ol\/wp-content\/uploads\/2022\/08\/IMG_4806.jpg 1305w\" data-sizes=\"(max-width: 1024px) 100vw, 1024px\" src=\"data:image\/svg+xml;base64,PHN2ZyB3aWR0aD0iMSIgaGVpZ2h0PSIxIiB4bWxucz0iaHR0cDovL3d3dy53My5vcmcvMjAwMC9zdmciPjwvc3ZnPg==\" style=\"--smush-placeholder-width: 1024px; --smush-placeholder-aspect-ratio: 1024\/683;\" \/><\/a>\n\t\t\t<\/dt><\/dl><br style=\"clear: both\" \/><dl class='gallery-item'>\n\t\t\t<dt class='gallery-icon portrait'>\n\t\t\t\t<a href='https:\/\/obispadodelinares.cl\/ol\/wp-content\/uploads\/2022\/08\/IMG_4831.jpg'><img decoding=\"async\" width=\"580\" height=\"870\" data-src=\"https:\/\/obispadodelinares.cl\/ol\/wp-content\/uploads\/2022\/08\/IMG_4831.jpg\" class=\"attachment-large size-large lazyload\" alt=\"\" data-srcset=\"https:\/\/obispadodelinares.cl\/ol\/wp-content\/uploads\/2022\/08\/IMG_4831.jpg 580w, https:\/\/obispadodelinares.cl\/ol\/wp-content\/uploads\/2022\/08\/IMG_4831-200x300.jpg 200w\" data-sizes=\"(max-width: 580px) 100vw, 580px\" src=\"data:image\/svg+xml;base64,PHN2ZyB3aWR0aD0iMSIgaGVpZ2h0PSIxIiB4bWxucz0iaHR0cDovL3d3dy53My5vcmcvMjAwMC9zdmciPjwvc3ZnPg==\" style=\"--smush-placeholder-width: 580px; --smush-placeholder-aspect-ratio: 580\/870;\" \/><\/a>\n\t\t\t<\/dt><\/dl><dl class='gallery-item'>\n\t\t\t<dt class='gallery-icon landscape'>\n\t\t\t\t<a href='https:\/\/obispadodelinares.cl\/ol\/wp-content\/uploads\/2022\/08\/IMG_4849.jpg'><img decoding=\"async\" width=\"1024\" height=\"683\" data-src=\"https:\/\/obispadodelinares.cl\/ol\/wp-content\/uploads\/2022\/08\/IMG_4849-1024x683.jpg\" class=\"attachment-large size-large lazyload\" alt=\"\" data-srcset=\"https:\/\/obispadodelinares.cl\/ol\/wp-content\/uploads\/2022\/08\/IMG_4849-1024x683.jpg 1024w, https:\/\/obispadodelinares.cl\/ol\/wp-content\/uploads\/2022\/08\/IMG_4849-300x200.jpg 300w, https:\/\/obispadodelinares.cl\/ol\/wp-content\/uploads\/2022\/08\/IMG_4849-768x512.jpg 768w, https:\/\/obispadodelinares.cl\/ol\/wp-content\/uploads\/2022\/08\/IMG_4849.jpg 1305w\" data-sizes=\"(max-width: 1024px) 100vw, 1024px\" src=\"data:image\/svg+xml;base64,PHN2ZyB3aWR0aD0iMSIgaGVpZ2h0PSIxIiB4bWxucz0iaHR0cDovL3d3dy53My5vcmcvMjAwMC9zdmciPjwvc3ZnPg==\" style=\"--smush-placeholder-width: 1024px; --smush-placeholder-aspect-ratio: 1024\/683;\" \/><\/a>\n\t\t\t<\/dt><\/dl>\n\t\t\t<br style='clear: both' \/>\n\t\t<\/div>\n\n","protected":false},"excerpt":{"rendered":"<p>Misa D\u00eda de la Solidaridad Con un coraz\u00f3n agradecido al Se\u00f1or, que nos regal\u00f3 a San Alberto Hurtado, incansable servidor de los pobres en Chile, la Iglesia de Linares celebr\u00f3 el D\u00eda de la Solidaridad, con una Eucarist\u00eda en la Catedral. Asistieron Autoridades Provinciales, Representantes de Instituciones Sociales, Civiles y Uniformadas, destacando grupos de voluntariado [&hellip;]<\/p>\n","protected":false},"author":1,"featured_media":15127,"comment_status":"closed","ping_status":"closed","sticky":false,"template":"","format":"standard","meta":{"h5ap_radio_sources":[],"footnotes":""},"categories":[362],"tags":[388],"class_list":["post-15120","post","type-post","status-publish","format-standard","has-post-thumbnail","hentry","category-362","tag-dia-de-la-solidaridad"],"_links":{"self":[{"href":"https:\/\/obispadodelinares.cl\/ol\/index.php?rest_route=\/wp\/v2\/posts\/15120","targetHints":{"allow":["GET"]}}],"collection":[{"href":"https:\/\/obispadodelinares.cl\/ol\/index.php?rest_route=\/wp\/v2\/posts"}],"about":[{"href":"https:\/\/obispadodelinares.cl\/ol\/index.php?rest_route=\/wp\/v2\/types\/post"}],"author":[{"embeddable":true,"href":"https:\/\/obispadodelinares.cl\/ol\/index.php?rest_route=\/wp\/v2\/users\/1"}],"replies":[{"embeddable":true,"href":"https:\/\/obispadodelinares.cl\/ol\/index.php?rest_route=%2Fwp%2Fv2%2Fcomments&post=15120"}],"version-history":[{"count":0,"href":"https:\/\/obispadodelinares.cl\/ol\/index.php?rest_route=\/wp\/v2\/posts\/15120\/revisions"}],"wp:featuredmedia":[{"embeddable":true,"href":"https:\/\/obispadodelinares.cl\/ol\/index.php?rest_route=\/wp\/v2\/media\/15127"}],"wp:attachment":[{"href":"https:\/\/obispadodelinares.cl\/ol\/index.php?rest_route=%2Fwp%2Fv2%2Fmedia&parent=15120"}],"wp:term":[{"taxonomy":"category","embeddable":true,"href":"https:\/\/obispadodelinares.cl\/ol\/index.php?rest_route=%2Fwp%2Fv2%2Fcategories&post=15120"},{"taxonomy":"post_tag","embeddable":true,"href":"https:\/\/obispadodelinares.cl\/ol\/index.php?rest_route=%2Fwp%2Fv2%2Ftags&post=15120"}],"curies":[{"name":"wp","href":"https:\/\/api.w.org\/{rel}","templated":true}]}}