{"id":1455,"date":"2013-11-18T13:24:18","date_gmt":"2013-11-18T13:24:18","guid":{"rendered":"http:\/\/obispadodelinares.cl\/ol\/?p=1455"},"modified":"2018-02-01T13:26:47","modified_gmt":"2018-02-01T13:26:47","slug":"3o-lugar-en-olimpiada-nacional-de-matematica","status":"publish","type":"post","link":"https:\/\/obispadodelinares.cl\/ol\/?p=1455","title":{"rendered":"3\u00ba lugar en Olimpiada Nacional de Matem\u00e1tica"},"content":{"rendered":"<p>Con profundo orgullo destacamos y presentamos a la comunidad la fotograf\u00eda, medalla y diploma de nuestro representante Francisco Antonio Rivera Rivera, alumno de II Medio C, qui\u00e9n obtuvo Medalla de Bronce en la XXV OLIMPIADA NACIONAL DE MATEM\u00c1TICA.<\/p>\n<p>Sin duda un logro muy importante para el alumno, su Profesor gu\u00eda, su familia y toda la comunidad educativa \u00a0del Colegio San Alberto Hurtado en Constituci\u00f3n.<\/p>\n","protected":false},"excerpt":{"rendered":"<p>Con profundo orgullo destacamos y presentamos a la comunidad la fotograf\u00eda, medalla y diploma de nuestro representante Francisco Antonio Rivera Rivera, alumno de II Medio C, qui\u00e9n obtuvo Medalla de Bronce en la XXV OLIMPIADA NACIONAL DE MATEM\u00c1TICA. Sin duda un logro muy importante para el alumno, su Profesor gu\u00eda, su familia y toda la [&hellip;]<\/p>\n","protected":false},"author":1,"featured_media":1456,"comment_status":"open","ping_status":"open","sticky":false,"template":"","format":"standard","meta":{"h5ap_radio_sources":[],"footnotes":""},"categories":[136,48,62],"tags":[135,91,25],"class_list":["post-1455","post","type-post","status-publish","format-standard","has-post-thumbnail","hentry","category-136","category-educacion","category-reconocimientos","tag-colegio-san-alberto-hurtado","tag-colegios","tag-educacion"],"_links":{"self":[{"href":"https:\/\/obispadodelinares.cl\/ol\/index.php?rest_route=\/wp\/v2\/posts\/1455","targetHints":{"allow":["GET"]}}],"collection":[{"href":"https:\/\/obispadodelinares.cl\/ol\/index.php?rest_route=\/wp\/v2\/posts"}],"about":[{"href":"https:\/\/obispadodelinares.cl\/ol\/index.php?rest_route=\/wp\/v2\/types\/post"}],"author":[{"embeddable":true,"href":"https:\/\/obispadodelinares.cl\/ol\/index.php?rest_route=\/wp\/v2\/users\/1"}],"replies":[{"embeddable":true,"href":"https:\/\/obispadodelinares.cl\/ol\/index.php?rest_route=%2Fwp%2Fv2%2Fcomments&post=1455"}],"version-history":[{"count":0,"href":"https:\/\/obispadodelinares.cl\/ol\/index.php?rest_route=\/wp\/v2\/posts\/1455\/revisions"}],"wp:featuredmedia":[{"embeddable":true,"href":"https:\/\/obispadodelinares.cl\/ol\/index.php?rest_route=\/wp\/v2\/media\/1456"}],"wp:attachment":[{"href":"https:\/\/obispadodelinares.cl\/ol\/index.php?rest_route=%2Fwp%2Fv2%2Fmedia&parent=1455"}],"wp:term":[{"taxonomy":"category","embeddable":true,"href":"https:\/\/obispadodelinares.cl\/ol\/index.php?rest_route=%2Fwp%2Fv2%2Fcategories&post=1455"},{"taxonomy":"post_tag","embeddable":true,"href":"https:\/\/obispadodelinares.cl\/ol\/index.php?rest_route=%2Fwp%2Fv2%2Ftags&post=1455"}],"curies":[{"name":"wp","href":"https:\/\/api.w.org\/{rel}","templated":true}]}}