{"id":13852,"date":"2021-10-25T12:03:23","date_gmt":"2021-10-25T12:03:23","guid":{"rendered":"http:\/\/obispadodelinares.cl\/ol\/?p=13852"},"modified":"2021-10-25T12:03:23","modified_gmt":"2021-10-25T12:03:23","slug":"haz-esto-y-viviras-2","status":"publish","type":"post","link":"https:\/\/obispadodelinares.cl\/ol\/?p=13852","title":{"rendered":"Haz esto y vivir\u00e1s"},"content":{"rendered":"<p>\u201cHaz esto y vivir\u00e1s\u201d con esta cita se convoc\u00f3 a los agentes pastorales que este a\u00f1o participaron en la 41 Asamblea Sinodal Diocesana en Linares, el s\u00e1bado 23 de octubre en el Instituto Linares. Felices con el reencuentro presencial, despu\u00e9s de tanto tiempo y cuidando todas las medidas sanitarias, alrededor de 200 sinodales, celebraron como una Iglesia viva que reflexiona, ora y camina unida.<\/p>\n<p>Desde muy temprano, j\u00f3venes del equipo de servicio, vistiendo sus tradicionales petos, se dieron a la tarea de recibir a los sinodales, comenzando por tomar la temperatura, verificar que portaran sus pases de movilidad y entregar las primeras recomendaciones de resguardo sanitario y preventivo.<\/p>\n<p>Terminada la inscripci\u00f3n, comienza el trabajo de la ma\u00f1ana con la oraci\u00f3n inicial, adem\u00e1s del saludo de Mons. Alberto Ortega, Nuncio Apost\u00f3lico en Chile, quien acompa\u00f1\u00f3 toda la jornada a los sinodales. Luego el texto inspirador y el itinerario sinodal, a cargo del equipo de reflexi\u00f3n.<\/p>\n<p>Una vez terminado el primer break, comenz\u00f3 el trabajo grupal, momento de mucha comuni\u00f3n y participaci\u00f3n, instante en que los sinodales comparten en comisiones, donde se recogen las reacciones, impresiones y anhelos sobre el proceso sinodal. Destacando tres grandes tem\u00e1ticas: fragilidad, comuni\u00f3n y sinodalidad, salida y misi\u00f3n.<\/p>\n<p>En el segundo trabajo grupal, se deb\u00eda elegir dos de los desaf\u00edos en particular, justificando el porqu\u00e9 de esta elecci\u00f3n, favoreciendo la conversaci\u00f3n argumentativa sobre la valoraci\u00f3n de cada desaf\u00edo en particular de estos lineamientos.<\/p>\n<p>Luego de un rico almuerzo compartido en el mismo recinto, lleg\u00f3 ell tercer trabajo de comisi\u00f3n, contando con la s\u00edntesis de lo trabajado en la ma\u00f1ana, se ponen en com\u00fan los temas priorizados, una vez compartido se aterrizar\u00e1n los temas a nivel decanal y parroquial, contando con objetivos, acciones, responsables, etapas para poder acompa\u00f1ar y evaluar este proceso.<\/p>\n<p>A las 17:30 aproximadamente, se realiz\u00f3 la Eucarist\u00eda de clausura. Terminaba una hermosa e intensa jornada de trabajo, donde rein\u00f3 la camarader\u00eda, el di\u00e1logo y la sinodalidad de esta Iglesia que camina unida en la Di\u00f3cesis de Linares. Se pone en las manos del Se\u00f1or, todos los anhelos y proyectos, celebrando la fiesta grande de la Eucarist\u00eda, presidiendo Mons. Alberto Ortega, Nuncio Apost\u00f3lico en Chile, concelebrando Mons. Koljatic y el clero Diocesano. En su homil\u00eda el pastor, agradeci\u00f3 la participaci\u00f3n y el cari\u00f1o con que fue acogido. As\u00ed como tambi\u00e9n anim\u00f3 a los presentes a cuidar estas instancias de di\u00e1logo, poniendo los dones que el Se\u00f1or les da al servicio de los hermanos y de la difusi\u00f3n de la Buena Nueva a todos, a partir del testimonio y amistad con Jes\u00fas.<\/p>\n\n\t\t<style type=\"text\/css\">\n\t\t\t#gallery-1 {\n\t\t\t\tmargin: auto;\n\t\t\t}\n\t\t\t#gallery-1 .gallery-item {\n\t\t\t\tfloat: left;\n\t\t\t\tmargin-top: 10px;\n\t\t\t\ttext-align: center;\n\t\t\t\twidth: 33%;\n\t\t\t}\n\t\t\t#gallery-1 img {\n\t\t\t\tborder: 2px solid #cfcfcf;\n\t\t\t}\n\t\t\t#gallery-1 .gallery-caption {\n\t\t\t\tmargin-left: 0;\n\t\t\t}\n\t\t\t\/* see gallery_shortcode() in wp-includes\/media.php *\/\n\t\t<\/style>\n\t\t<div id='gallery-1' class='gallery galleryid-13852 gallery-columns-3 gallery-size-medium'><dl class='gallery-item'>\n\t\t\t<dt class='gallery-icon landscape'>\n\t\t\t\t<a href='https:\/\/obispadodelinares.cl\/ol\/wp-content\/uploads\/2021\/10\/WhatsApp-Image-2021-10-23-at-14.53.51-1.jpeg'><img fetchpriority=\"high\" decoding=\"async\" width=\"300\" height=\"225\" src=\"https:\/\/obispadodelinares.cl\/ol\/wp-content\/uploads\/2021\/10\/WhatsApp-Image-2021-10-23-at-14.53.51-1-300x225.jpeg\" class=\"attachment-medium size-medium\" alt=\"\" srcset=\"https:\/\/obispadodelinares.cl\/ol\/wp-content\/uploads\/2021\/10\/WhatsApp-Image-2021-10-23-at-14.53.51-1-300x225.jpeg 300w, https:\/\/obispadodelinares.cl\/ol\/wp-content\/uploads\/2021\/10\/WhatsApp-Image-2021-10-23-at-14.53.51-1-1024x768.jpeg 1024w, https:\/\/obispadodelinares.cl\/ol\/wp-content\/uploads\/2021\/10\/WhatsApp-Image-2021-10-23-at-14.53.51-1-768x576.jpeg 768w, https:\/\/obispadodelinares.cl\/ol\/wp-content\/uploads\/2021\/10\/WhatsApp-Image-2021-10-23-at-14.53.51-1.jpeg 1280w\" sizes=\"(max-width: 300px) 100vw, 300px\" \/><\/a>\n\t\t\t<\/dt><\/dl><dl class='gallery-item'>\n\t\t\t<dt class='gallery-icon landscape'>\n\t\t\t\t<a href='https:\/\/obispadodelinares.cl\/ol\/wp-content\/uploads\/2021\/10\/WhatsApp-Image-2021-10-23-at-14.43.58-2.jpeg'><img decoding=\"async\" width=\"300\" height=\"225\" data-src=\"https:\/\/obispadodelinares.cl\/ol\/wp-content\/uploads\/2021\/10\/WhatsApp-Image-2021-10-23-at-14.43.58-2-300x225.jpeg\" class=\"attachment-medium size-medium lazyload\" alt=\"\" data-srcset=\"https:\/\/obispadodelinares.cl\/ol\/wp-content\/uploads\/2021\/10\/WhatsApp-Image-2021-10-23-at-14.43.58-2-300x225.jpeg 300w, https:\/\/obispadodelinares.cl\/ol\/wp-content\/uploads\/2021\/10\/WhatsApp-Image-2021-10-23-at-14.43.58-2-1024x768.jpeg 1024w, https:\/\/obispadodelinares.cl\/ol\/wp-content\/uploads\/2021\/10\/WhatsApp-Image-2021-10-23-at-14.43.58-2-768x576.jpeg 768w, https:\/\/obispadodelinares.cl\/ol\/wp-content\/uploads\/2021\/10\/WhatsApp-Image-2021-10-23-at-14.43.58-2.jpeg 1280w\" data-sizes=\"(max-width: 300px) 100vw, 300px\" src=\"data:image\/svg+xml;base64,PHN2ZyB3aWR0aD0iMSIgaGVpZ2h0PSIxIiB4bWxucz0iaHR0cDovL3d3dy53My5vcmcvMjAwMC9zdmciPjwvc3ZnPg==\" style=\"--smush-placeholder-width: 300px; --smush-placeholder-aspect-ratio: 300\/225;\" \/><\/a>\n\t\t\t<\/dt><\/dl><dl class='gallery-item'>\n\t\t\t<dt class='gallery-icon landscape'>\n\t\t\t\t<a href='https:\/\/obispadodelinares.cl\/ol\/wp-content\/uploads\/2021\/10\/WhatsApp-Image-2021-10-23-at-14.53.47.jpeg'><img decoding=\"async\" width=\"300\" height=\"225\" data-src=\"https:\/\/obispadodelinares.cl\/ol\/wp-content\/uploads\/2021\/10\/WhatsApp-Image-2021-10-23-at-14.53.47-300x225.jpeg\" class=\"attachment-medium size-medium lazyload\" alt=\"\" data-srcset=\"https:\/\/obispadodelinares.cl\/ol\/wp-content\/uploads\/2021\/10\/WhatsApp-Image-2021-10-23-at-14.53.47-300x225.jpeg 300w, https:\/\/obispadodelinares.cl\/ol\/wp-content\/uploads\/2021\/10\/WhatsApp-Image-2021-10-23-at-14.53.47-1024x768.jpeg 1024w, https:\/\/obispadodelinares.cl\/ol\/wp-content\/uploads\/2021\/10\/WhatsApp-Image-2021-10-23-at-14.53.47-768x576.jpeg 768w, https:\/\/obispadodelinares.cl\/ol\/wp-content\/uploads\/2021\/10\/WhatsApp-Image-2021-10-23-at-14.53.47.jpeg 1280w\" data-sizes=\"(max-width: 300px) 100vw, 300px\" src=\"data:image\/svg+xml;base64,PHN2ZyB3aWR0aD0iMSIgaGVpZ2h0PSIxIiB4bWxucz0iaHR0cDovL3d3dy53My5vcmcvMjAwMC9zdmciPjwvc3ZnPg==\" style=\"--smush-placeholder-width: 300px; --smush-placeholder-aspect-ratio: 300\/225;\" \/><\/a>\n\t\t\t<\/dt><\/dl><br style=\"clear: both\" \/><dl class='gallery-item'>\n\t\t\t<dt class='gallery-icon landscape'>\n\t\t\t\t<a href='https:\/\/obispadodelinares.cl\/ol\/wp-content\/uploads\/2021\/10\/WhatsApp-Image-2021-10-23-at-14.43.57-2.jpeg'><img decoding=\"async\" width=\"300\" height=\"225\" data-src=\"https:\/\/obispadodelinares.cl\/ol\/wp-content\/uploads\/2021\/10\/WhatsApp-Image-2021-10-23-at-14.43.57-2-300x225.jpeg\" class=\"attachment-medium size-medium lazyload\" alt=\"\" data-srcset=\"https:\/\/obispadodelinares.cl\/ol\/wp-content\/uploads\/2021\/10\/WhatsApp-Image-2021-10-23-at-14.43.57-2-300x225.jpeg 300w, https:\/\/obispadodelinares.cl\/ol\/wp-content\/uploads\/2021\/10\/WhatsApp-Image-2021-10-23-at-14.43.57-2-1024x768.jpeg 1024w, https:\/\/obispadodelinares.cl\/ol\/wp-content\/uploads\/2021\/10\/WhatsApp-Image-2021-10-23-at-14.43.57-2-768x576.jpeg 768w, https:\/\/obispadodelinares.cl\/ol\/wp-content\/uploads\/2021\/10\/WhatsApp-Image-2021-10-23-at-14.43.57-2.jpeg 1280w\" data-sizes=\"(max-width: 300px) 100vw, 300px\" src=\"data:image\/svg+xml;base64,PHN2ZyB3aWR0aD0iMSIgaGVpZ2h0PSIxIiB4bWxucz0iaHR0cDovL3d3dy53My5vcmcvMjAwMC9zdmciPjwvc3ZnPg==\" style=\"--smush-placeholder-width: 300px; --smush-placeholder-aspect-ratio: 300\/225;\" \/><\/a>\n\t\t\t<\/dt><\/dl><dl class='gallery-item'>\n\t\t\t<dt class='gallery-icon landscape'>\n\t\t\t\t<a href='https:\/\/obispadodelinares.cl\/ol\/wp-content\/uploads\/2021\/10\/WhatsApp-Image-2021-10-23-at-14.39.18.jpeg'><img decoding=\"async\" width=\"300\" height=\"225\" data-src=\"https:\/\/obispadodelinares.cl\/ol\/wp-content\/uploads\/2021\/10\/WhatsApp-Image-2021-10-23-at-14.39.18-300x225.jpeg\" class=\"attachment-medium size-medium lazyload\" alt=\"\" data-srcset=\"https:\/\/obispadodelinares.cl\/ol\/wp-content\/uploads\/2021\/10\/WhatsApp-Image-2021-10-23-at-14.39.18-300x225.jpeg 300w, https:\/\/obispadodelinares.cl\/ol\/wp-content\/uploads\/2021\/10\/WhatsApp-Image-2021-10-23-at-14.39.18-1024x768.jpeg 1024w, https:\/\/obispadodelinares.cl\/ol\/wp-content\/uploads\/2021\/10\/WhatsApp-Image-2021-10-23-at-14.39.18-768x576.jpeg 768w, https:\/\/obispadodelinares.cl\/ol\/wp-content\/uploads\/2021\/10\/WhatsApp-Image-2021-10-23-at-14.39.18.jpeg 1280w\" data-sizes=\"(max-width: 300px) 100vw, 300px\" src=\"data:image\/svg+xml;base64,PHN2ZyB3aWR0aD0iMSIgaGVpZ2h0PSIxIiB4bWxucz0iaHR0cDovL3d3dy53My5vcmcvMjAwMC9zdmciPjwvc3ZnPg==\" style=\"--smush-placeholder-width: 300px; --smush-placeholder-aspect-ratio: 300\/225;\" \/><\/a>\n\t\t\t<\/dt><\/dl><dl class='gallery-item'>\n\t\t\t<dt class='gallery-icon landscape'>\n\t\t\t\t<a href='https:\/\/obispadodelinares.cl\/ol\/wp-content\/uploads\/2021\/10\/WhatsApp-Image-2021-10-23-at-14.39.18-1.jpeg'><img decoding=\"async\" width=\"300\" height=\"225\" data-src=\"https:\/\/obispadodelinares.cl\/ol\/wp-content\/uploads\/2021\/10\/WhatsApp-Image-2021-10-23-at-14.39.18-1-300x225.jpeg\" class=\"attachment-medium size-medium lazyload\" alt=\"\" data-srcset=\"https:\/\/obispadodelinares.cl\/ol\/wp-content\/uploads\/2021\/10\/WhatsApp-Image-2021-10-23-at-14.39.18-1-300x225.jpeg 300w, https:\/\/obispadodelinares.cl\/ol\/wp-content\/uploads\/2021\/10\/WhatsApp-Image-2021-10-23-at-14.39.18-1-1024x768.jpeg 1024w, https:\/\/obispadodelinares.cl\/ol\/wp-content\/uploads\/2021\/10\/WhatsApp-Image-2021-10-23-at-14.39.18-1-768x576.jpeg 768w, https:\/\/obispadodelinares.cl\/ol\/wp-content\/uploads\/2021\/10\/WhatsApp-Image-2021-10-23-at-14.39.18-1.jpeg 1280w\" data-sizes=\"(max-width: 300px) 100vw, 300px\" src=\"data:image\/svg+xml;base64,PHN2ZyB3aWR0aD0iMSIgaGVpZ2h0PSIxIiB4bWxucz0iaHR0cDovL3d3dy53My5vcmcvMjAwMC9zdmciPjwvc3ZnPg==\" style=\"--smush-placeholder-width: 300px; --smush-placeholder-aspect-ratio: 300\/225;\" \/><\/a>\n\t\t\t<\/dt><\/dl><br style=\"clear: both\" \/><dl class='gallery-item'>\n\t\t\t<dt class='gallery-icon landscape'>\n\t\t\t\t<a href='https:\/\/obispadodelinares.cl\/ol\/wp-content\/uploads\/2021\/10\/WhatsApp-Image-2021-10-23-at-14.39.17.jpeg'><img decoding=\"async\" width=\"300\" height=\"225\" data-src=\"https:\/\/obispadodelinares.cl\/ol\/wp-content\/uploads\/2021\/10\/WhatsApp-Image-2021-10-23-at-14.39.17-300x225.jpeg\" class=\"attachment-medium size-medium lazyload\" alt=\"\" data-srcset=\"https:\/\/obispadodelinares.cl\/ol\/wp-content\/uploads\/2021\/10\/WhatsApp-Image-2021-10-23-at-14.39.17-300x225.jpeg 300w, https:\/\/obispadodelinares.cl\/ol\/wp-content\/uploads\/2021\/10\/WhatsApp-Image-2021-10-23-at-14.39.17-1024x768.jpeg 1024w, https:\/\/obispadodelinares.cl\/ol\/wp-content\/uploads\/2021\/10\/WhatsApp-Image-2021-10-23-at-14.39.17-768x576.jpeg 768w, https:\/\/obispadodelinares.cl\/ol\/wp-content\/uploads\/2021\/10\/WhatsApp-Image-2021-10-23-at-14.39.17.jpeg 1280w\" data-sizes=\"(max-width: 300px) 100vw, 300px\" src=\"data:image\/svg+xml;base64,PHN2ZyB3aWR0aD0iMSIgaGVpZ2h0PSIxIiB4bWxucz0iaHR0cDovL3d3dy53My5vcmcvMjAwMC9zdmciPjwvc3ZnPg==\" style=\"--smush-placeholder-width: 300px; --smush-placeholder-aspect-ratio: 300\/225;\" \/><\/a>\n\t\t\t<\/dt><\/dl><dl class='gallery-item'>\n\t\t\t<dt class='gallery-icon landscape'>\n\t\t\t\t<a href='https:\/\/obispadodelinares.cl\/ol\/wp-content\/uploads\/2021\/10\/WhatsApp-Image-2021-10-23-at-14.39.17-2.jpeg'><img decoding=\"async\" width=\"300\" height=\"225\" data-src=\"https:\/\/obispadodelinares.cl\/ol\/wp-content\/uploads\/2021\/10\/WhatsApp-Image-2021-10-23-at-14.39.17-2-300x225.jpeg\" class=\"attachment-medium size-medium lazyload\" alt=\"\" data-srcset=\"https:\/\/obispadodelinares.cl\/ol\/wp-content\/uploads\/2021\/10\/WhatsApp-Image-2021-10-23-at-14.39.17-2-300x225.jpeg 300w, https:\/\/obispadodelinares.cl\/ol\/wp-content\/uploads\/2021\/10\/WhatsApp-Image-2021-10-23-at-14.39.17-2-1024x768.jpeg 1024w, https:\/\/obispadodelinares.cl\/ol\/wp-content\/uploads\/2021\/10\/WhatsApp-Image-2021-10-23-at-14.39.17-2-768x576.jpeg 768w, https:\/\/obispadodelinares.cl\/ol\/wp-content\/uploads\/2021\/10\/WhatsApp-Image-2021-10-23-at-14.39.17-2.jpeg 1280w\" data-sizes=\"(max-width: 300px) 100vw, 300px\" src=\"data:image\/svg+xml;base64,PHN2ZyB3aWR0aD0iMSIgaGVpZ2h0PSIxIiB4bWxucz0iaHR0cDovL3d3dy53My5vcmcvMjAwMC9zdmciPjwvc3ZnPg==\" style=\"--smush-placeholder-width: 300px; --smush-placeholder-aspect-ratio: 300\/225;\" \/><\/a>\n\t\t\t<\/dt><\/dl><dl class='gallery-item'>\n\t\t\t<dt class='gallery-icon landscape'>\n\t\t\t\t<a href='https:\/\/obispadodelinares.cl\/ol\/wp-content\/uploads\/2021\/10\/WhatsApp-Image-2021-10-23-at-14.31.43-2.jpeg'><img decoding=\"async\" width=\"300\" height=\"225\" data-src=\"https:\/\/obispadodelinares.cl\/ol\/wp-content\/uploads\/2021\/10\/WhatsApp-Image-2021-10-23-at-14.31.43-2-300x225.jpeg\" class=\"attachment-medium size-medium lazyload\" alt=\"\" data-srcset=\"https:\/\/obispadodelinares.cl\/ol\/wp-content\/uploads\/2021\/10\/WhatsApp-Image-2021-10-23-at-14.31.43-2-300x225.jpeg 300w, https:\/\/obispadodelinares.cl\/ol\/wp-content\/uploads\/2021\/10\/WhatsApp-Image-2021-10-23-at-14.31.43-2-1024x768.jpeg 1024w, https:\/\/obispadodelinares.cl\/ol\/wp-content\/uploads\/2021\/10\/WhatsApp-Image-2021-10-23-at-14.31.43-2-768x576.jpeg 768w, https:\/\/obispadodelinares.cl\/ol\/wp-content\/uploads\/2021\/10\/WhatsApp-Image-2021-10-23-at-14.31.43-2.jpeg 1280w\" data-sizes=\"(max-width: 300px) 100vw, 300px\" src=\"data:image\/svg+xml;base64,PHN2ZyB3aWR0aD0iMSIgaGVpZ2h0PSIxIiB4bWxucz0iaHR0cDovL3d3dy53My5vcmcvMjAwMC9zdmciPjwvc3ZnPg==\" style=\"--smush-placeholder-width: 300px; --smush-placeholder-aspect-ratio: 300\/225;\" \/><\/a>\n\t\t\t<\/dt><\/dl><br style=\"clear: both\" \/><dl class='gallery-item'>\n\t\t\t<dt class='gallery-icon landscape'>\n\t\t\t\t<a href='https:\/\/obispadodelinares.cl\/ol\/wp-content\/uploads\/2021\/10\/WhatsApp-Image-2021-10-23-at-14.31.43-1.jpeg'><img decoding=\"async\" width=\"300\" height=\"225\" data-src=\"https:\/\/obispadodelinares.cl\/ol\/wp-content\/uploads\/2021\/10\/WhatsApp-Image-2021-10-23-at-14.31.43-1-300x225.jpeg\" class=\"attachment-medium size-medium lazyload\" alt=\"\" data-srcset=\"https:\/\/obispadodelinares.cl\/ol\/wp-content\/uploads\/2021\/10\/WhatsApp-Image-2021-10-23-at-14.31.43-1-300x225.jpeg 300w, https:\/\/obispadodelinares.cl\/ol\/wp-content\/uploads\/2021\/10\/WhatsApp-Image-2021-10-23-at-14.31.43-1-1024x768.jpeg 1024w, https:\/\/obispadodelinares.cl\/ol\/wp-content\/uploads\/2021\/10\/WhatsApp-Image-2021-10-23-at-14.31.43-1-768x576.jpeg 768w, https:\/\/obispadodelinares.cl\/ol\/wp-content\/uploads\/2021\/10\/WhatsApp-Image-2021-10-23-at-14.31.43-1.jpeg 1280w\" data-sizes=\"(max-width: 300px) 100vw, 300px\" src=\"data:image\/svg+xml;base64,PHN2ZyB3aWR0aD0iMSIgaGVpZ2h0PSIxIiB4bWxucz0iaHR0cDovL3d3dy53My5vcmcvMjAwMC9zdmciPjwvc3ZnPg==\" style=\"--smush-placeholder-width: 300px; --smush-placeholder-aspect-ratio: 300\/225;\" \/><\/a>\n\t\t\t<\/dt><\/dl><dl class='gallery-item'>\n\t\t\t<dt class='gallery-icon landscape'>\n\t\t\t\t<a href='https:\/\/obispadodelinares.cl\/ol\/wp-content\/uploads\/2021\/10\/WhatsApp-Image-2021-10-23-at-14.31.42-1.jpeg'><img decoding=\"async\" width=\"300\" height=\"225\" data-src=\"https:\/\/obispadodelinares.cl\/ol\/wp-content\/uploads\/2021\/10\/WhatsApp-Image-2021-10-23-at-14.31.42-1-300x225.jpeg\" class=\"attachment-medium size-medium lazyload\" alt=\"\" data-srcset=\"https:\/\/obispadodelinares.cl\/ol\/wp-content\/uploads\/2021\/10\/WhatsApp-Image-2021-10-23-at-14.31.42-1-300x225.jpeg 300w, https:\/\/obispadodelinares.cl\/ol\/wp-content\/uploads\/2021\/10\/WhatsApp-Image-2021-10-23-at-14.31.42-1-1024x768.jpeg 1024w, https:\/\/obispadodelinares.cl\/ol\/wp-content\/uploads\/2021\/10\/WhatsApp-Image-2021-10-23-at-14.31.42-1-768x576.jpeg 768w, https:\/\/obispadodelinares.cl\/ol\/wp-content\/uploads\/2021\/10\/WhatsApp-Image-2021-10-23-at-14.31.42-1.jpeg 1280w\" data-sizes=\"(max-width: 300px) 100vw, 300px\" src=\"data:image\/svg+xml;base64,PHN2ZyB3aWR0aD0iMSIgaGVpZ2h0PSIxIiB4bWxucz0iaHR0cDovL3d3dy53My5vcmcvMjAwMC9zdmciPjwvc3ZnPg==\" style=\"--smush-placeholder-width: 300px; --smush-placeholder-aspect-ratio: 300\/225;\" \/><\/a>\n\t\t\t<\/dt><\/dl><dl class='gallery-item'>\n\t\t\t<dt class='gallery-icon landscape'>\n\t\t\t\t<a href='https:\/\/obispadodelinares.cl\/ol\/wp-content\/uploads\/2021\/10\/WhatsApp-Image-2021-10-23-at-14.31.43.jpeg'><img decoding=\"async\" width=\"300\" height=\"225\" data-src=\"https:\/\/obispadodelinares.cl\/ol\/wp-content\/uploads\/2021\/10\/WhatsApp-Image-2021-10-23-at-14.31.43-300x225.jpeg\" class=\"attachment-medium size-medium lazyload\" alt=\"\" data-srcset=\"https:\/\/obispadodelinares.cl\/ol\/wp-content\/uploads\/2021\/10\/WhatsApp-Image-2021-10-23-at-14.31.43-300x225.jpeg 300w, https:\/\/obispadodelinares.cl\/ol\/wp-content\/uploads\/2021\/10\/WhatsApp-Image-2021-10-23-at-14.31.43-1024x768.jpeg 1024w, https:\/\/obispadodelinares.cl\/ol\/wp-content\/uploads\/2021\/10\/WhatsApp-Image-2021-10-23-at-14.31.43-768x576.jpeg 768w, https:\/\/obispadodelinares.cl\/ol\/wp-content\/uploads\/2021\/10\/WhatsApp-Image-2021-10-23-at-14.31.43.jpeg 1280w\" data-sizes=\"(max-width: 300px) 100vw, 300px\" src=\"data:image\/svg+xml;base64,PHN2ZyB3aWR0aD0iMSIgaGVpZ2h0PSIxIiB4bWxucz0iaHR0cDovL3d3dy53My5vcmcvMjAwMC9zdmciPjwvc3ZnPg==\" style=\"--smush-placeholder-width: 300px; --smush-placeholder-aspect-ratio: 300\/225;\" \/><\/a>\n\t\t\t<\/dt><\/dl><br style=\"clear: both\" \/><dl class='gallery-item'>\n\t\t\t<dt class='gallery-icon landscape'>\n\t\t\t\t<a href='https:\/\/obispadodelinares.cl\/ol\/wp-content\/uploads\/2021\/10\/WhatsApp-Image-2021-10-23-at-14.31.44.jpeg'><img decoding=\"async\" width=\"300\" height=\"225\" data-src=\"https:\/\/obispadodelinares.cl\/ol\/wp-content\/uploads\/2021\/10\/WhatsApp-Image-2021-10-23-at-14.31.44-300x225.jpeg\" class=\"attachment-medium size-medium lazyload\" alt=\"\" data-srcset=\"https:\/\/obispadodelinares.cl\/ol\/wp-content\/uploads\/2021\/10\/WhatsApp-Image-2021-10-23-at-14.31.44-300x225.jpeg 300w, https:\/\/obispadodelinares.cl\/ol\/wp-content\/uploads\/2021\/10\/WhatsApp-Image-2021-10-23-at-14.31.44-1024x768.jpeg 1024w, https:\/\/obispadodelinares.cl\/ol\/wp-content\/uploads\/2021\/10\/WhatsApp-Image-2021-10-23-at-14.31.44-768x576.jpeg 768w, https:\/\/obispadodelinares.cl\/ol\/wp-content\/uploads\/2021\/10\/WhatsApp-Image-2021-10-23-at-14.31.44.jpeg 1280w\" data-sizes=\"(max-width: 300px) 100vw, 300px\" src=\"data:image\/svg+xml;base64,PHN2ZyB3aWR0aD0iMSIgaGVpZ2h0PSIxIiB4bWxucz0iaHR0cDovL3d3dy53My5vcmcvMjAwMC9zdmciPjwvc3ZnPg==\" style=\"--smush-placeholder-width: 300px; --smush-placeholder-aspect-ratio: 300\/225;\" \/><\/a>\n\t\t\t<\/dt><\/dl>\n\t\t\t<br style='clear: both' \/>\n\t\t<\/div>\n\n","protected":false},"excerpt":{"rendered":"<p>\u201cHaz esto y vivir\u00e1s\u201d con esta cita se convoc\u00f3 a los agentes pastorales que este a\u00f1o participaron en la 41 Asamblea Sinodal Diocesana en Linares, el s\u00e1bado 23 de octubre en el Instituto Linares. Felices con el reencuentro presencial, despu\u00e9s de tanto tiempo y cuidando todas las medidas sanitarias, alrededor de 200 sinodales, celebraron como [&hellip;]<\/p>\n","protected":false},"author":1,"featured_media":13869,"comment_status":"closed","ping_status":"closed","sticky":false,"template":"","format":"standard","meta":{"h5ap_radio_sources":[],"footnotes":""},"categories":[309,129,353],"tags":[354],"class_list":["post-13852","post","type-post","status-publish","format-standard","has-post-thumbnail","hentry","category-309","category-nuncio","category-sinodo","tag-sinodo-2021"],"_links":{"self":[{"href":"https:\/\/obispadodelinares.cl\/ol\/index.php?rest_route=\/wp\/v2\/posts\/13852","targetHints":{"allow":["GET"]}}],"collection":[{"href":"https:\/\/obispadodelinares.cl\/ol\/index.php?rest_route=\/wp\/v2\/posts"}],"about":[{"href":"https:\/\/obispadodelinares.cl\/ol\/index.php?rest_route=\/wp\/v2\/types\/post"}],"author":[{"embeddable":true,"href":"https:\/\/obispadodelinares.cl\/ol\/index.php?rest_route=\/wp\/v2\/users\/1"}],"replies":[{"embeddable":true,"href":"https:\/\/obispadodelinares.cl\/ol\/index.php?rest_route=%2Fwp%2Fv2%2Fcomments&post=13852"}],"version-history":[{"count":0,"href":"https:\/\/obispadodelinares.cl\/ol\/index.php?rest_route=\/wp\/v2\/posts\/13852\/revisions"}],"wp:featuredmedia":[{"embeddable":true,"href":"https:\/\/obispadodelinares.cl\/ol\/index.php?rest_route=\/wp\/v2\/media\/13869"}],"wp:attachment":[{"href":"https:\/\/obispadodelinares.cl\/ol\/index.php?rest_route=%2Fwp%2Fv2%2Fmedia&parent=13852"}],"wp:term":[{"taxonomy":"category","embeddable":true,"href":"https:\/\/obispadodelinares.cl\/ol\/index.php?rest_route=%2Fwp%2Fv2%2Fcategories&post=13852"},{"taxonomy":"post_tag","embeddable":true,"href":"https:\/\/obispadodelinares.cl\/ol\/index.php?rest_route=%2Fwp%2Fv2%2Ftags&post=13852"}],"curies":[{"name":"wp","href":"https:\/\/api.w.org\/{rel}","templated":true}]}}