{"id":13631,"date":"2021-09-21T11:51:24","date_gmt":"2021-09-21T11:51:24","guid":{"rendered":"http:\/\/obispadodelinares.cl\/ol\/?p=13631"},"modified":"2021-09-21T11:51:24","modified_gmt":"2021-09-21T11:51:24","slug":"presidente-de-la-red-arca-envia-saludo-en-el-dia-nacional-de-los-trabajadores-radiales","status":"publish","type":"post","link":"https:\/\/obispadodelinares.cl\/ol\/?p=13631","title":{"rendered":"Presidente de la Red ARCA env\u00eda saludo en el D\u00eda Nacional de los trabajadores radiales"},"content":{"rendered":"<p>En sus palabras el Presidente de las Radios de Iglesia llam\u00f3 a los trabajadores de los emisoras cat\u00f3licas a que con m\u00e1s fuerza se fortalezca el compromiso con los valores que les gu\u00edan hac\u00eda la constituci\u00f3n de una mejor comunidad.<\/p>\n<p>Mediante un saludo en audio, el Presidente de la Asociaci\u00f3n de Radiodifusoras Cat\u00f3licas de Chile ARCA, Marcelo Barrera, saludo a todos los hombres y mujeres que en nuestro pa\u00eds desempe\u00f1an labores en una estaci\u00f3n radial, de manera especial a los que conforman los equipos humanos de la Red ARCA.<\/p>\n<p>El directivo de ARCA anim\u00f3 los trabajadores de las Radios \u201cen los desaf\u00edos presentes y futuros de la industria\u201d.<\/p>\n<p>Barrera, en sus palabras indic\u00f3 que \u201cLa radio desde hace varios a\u00f1os se sit\u00faa como una de las instituciones de mayor confianza en la ciudadan\u00eda\u201d. Adem\u00e1s, agrego que los \u201cesfuerzos por mantener servicios que nos conecten con nuestras audiencias son, sin duda, nuestra mayor preocupaci\u00f3n y de all\u00ed que sean tan valorados\u201d.<\/p>\n<p>Junto a ello, el representante de la Red ARCA, enfatiz\u00f3 que en \u201ceste tiempo de cambios sociales, con m\u00e1s fuerza debemos reforzar nuestro compromiso con los valores que nos gu\u00edan hac\u00eda la constituci\u00f3n de una mejor comunidad, fundada en el Evangelio y la transmisi\u00f3n de la Buena Nueva\u201d.<\/p>\n<p>Texto del Saludo del Presidente de ARCA<\/p>\n<p>Estimados socios de ARCA<\/p>\n<p>Les saluda Marcelo Barrera, presidente de la Asociaci\u00f3n de radioemisoras cat\u00f3licas de Chile. En nombre propio y de la directiva de esta organizaci\u00f3n.<\/p>\n<p>En este 21 de septiembre, D\u00eda del Trabajador Radial, deseo expresarles a cada uno de quienes se desempe\u00f1an en nuestras emisoras un afectuoso saludo y al mismo tiempo animarlos en los desaf\u00edos presentes y futuros de la industria.<\/p>\n<p>La radio desde hace varios a\u00f1os se sit\u00faa como una de las instituciones de mayor confianza en la ciudadan\u00eda. Los esfuerzos por mantener servicios que nos conecten con nuestras audiencias son, sin duda, nuestra mayor preocupaci\u00f3n y de all\u00ed que sean tan valorados.<\/p>\n<p>En este tiempo de cambios sociales, con m\u00e1s fuerza debemos reforzar nuestro compromiso con los valores que nos gu\u00edan hac\u00eda la constituci\u00f3n de una mejor comunidad, fundada en el Evangelio y la transmisi\u00f3n de la Buena Nueva.<\/p>\n<p>Que este 21 de septiembre sea una jornada de reflexi\u00f3n y descanso en que, en la medida de lo posible recobremos vigor para seguir engrandeciendo nuestro servicio y por consiguiente el de toda nuestra comunidad.<\/p>\n<p>Feliz D\u00eda del Trabajador Radial<\/p>\n<p>Fuente: Comunicaciones ARCA<br \/>\n<span class=\"texto_fecha\"><em>Santiago, 20-09-2021<\/em><\/span><\/p>\n<div class=\"clearfix\"><\/div>\n<div class=\"clearfix\"><\/div>\n<div class=\"row\"><\/div>\n<div class=\"row\"><\/div>\n<div class=\"row\">\n<div class=\"clearfix\"><\/div>\n<div class=\"col col-sm-12\">\n<div><strong><em>Audio:<\/em>\u00a0Saludo del Presidente de ARCA en el D\u00eda del Trabajador y Trabajadora Radial 2021<\/strong><\/div>\n<p><audio controls=\"controls\" data-mce-fragment=\"1\"><\/audio>\u00a0<a href=\"https:\/\/radioscatolicas.cl\/wp-content\/uploads\/2021\/09\/SALUDO-ARCA-21-DE-SEPTIEMBRE.mp3\" target=\"_blank\" rel=\"noopener\"><img decoding=\"async\" title=\"Para descargar, boton derecho del mouse y seleccionar Guardar enlace como...\" data-src=\"http:\/\/iglesia.cl\/imagenes\/descargar_audio.jpg\" alt=\"Para descargar, boton derecho del mouse y seleccionar Guardar enlace como...\" border=\"0\" src=\"data:image\/svg+xml;base64,PHN2ZyB3aWR0aD0iMSIgaGVpZ2h0PSIxIiB4bWxucz0iaHR0cDovL3d3dy53My5vcmcvMjAwMC9zdmciPjwvc3ZnPg==\" class=\"lazyload\" \/><\/a><\/div>\n<\/div>\n","protected":false},"excerpt":{"rendered":"<p>En sus palabras el Presidente de las Radios de Iglesia llam\u00f3 a los trabajadores de los emisoras cat\u00f3licas a que con m\u00e1s fuerza se fortalezca el compromiso con los valores que les gu\u00edan hac\u00eda la constituci\u00f3n de una mejor comunidad. Mediante un saludo en audio, el Presidente de la Asociaci\u00f3n de Radiodifusoras Cat\u00f3licas de Chile [&hellip;]<\/p>\n","protected":false},"author":1,"featured_media":13632,"comment_status":"closed","ping_status":"closed","sticky":false,"template":"","format":"standard","meta":{"h5ap_radio_sources":[],"footnotes":""},"categories":[309],"tags":[346],"class_list":["post-13631","post","type-post","status-publish","format-standard","has-post-thumbnail","hentry","category-309","tag-dia-de-la-radio"],"_links":{"self":[{"href":"https:\/\/obispadodelinares.cl\/ol\/index.php?rest_route=\/wp\/v2\/posts\/13631","targetHints":{"allow":["GET"]}}],"collection":[{"href":"https:\/\/obispadodelinares.cl\/ol\/index.php?rest_route=\/wp\/v2\/posts"}],"about":[{"href":"https:\/\/obispadodelinares.cl\/ol\/index.php?rest_route=\/wp\/v2\/types\/post"}],"author":[{"embeddable":true,"href":"https:\/\/obispadodelinares.cl\/ol\/index.php?rest_route=\/wp\/v2\/users\/1"}],"replies":[{"embeddable":true,"href":"https:\/\/obispadodelinares.cl\/ol\/index.php?rest_route=%2Fwp%2Fv2%2Fcomments&post=13631"}],"version-history":[{"count":0,"href":"https:\/\/obispadodelinares.cl\/ol\/index.php?rest_route=\/wp\/v2\/posts\/13631\/revisions"}],"wp:featuredmedia":[{"embeddable":true,"href":"https:\/\/obispadodelinares.cl\/ol\/index.php?rest_route=\/wp\/v2\/media\/13632"}],"wp:attachment":[{"href":"https:\/\/obispadodelinares.cl\/ol\/index.php?rest_route=%2Fwp%2Fv2%2Fmedia&parent=13631"}],"wp:term":[{"taxonomy":"category","embeddable":true,"href":"https:\/\/obispadodelinares.cl\/ol\/index.php?rest_route=%2Fwp%2Fv2%2Fcategories&post=13631"},{"taxonomy":"post_tag","embeddable":true,"href":"https:\/\/obispadodelinares.cl\/ol\/index.php?rest_route=%2Fwp%2Fv2%2Ftags&post=13631"}],"curies":[{"name":"wp","href":"https:\/\/api.w.org\/{rel}","templated":true}]}}