{"id":13602,"date":"2021-09-06T20:29:11","date_gmt":"2021-09-06T20:29:11","guid":{"rendered":"http:\/\/obispadodelinares.cl\/ol\/?p=13602"},"modified":"2021-09-06T20:29:11","modified_gmt":"2021-09-06T20:29:11","slug":"con-la-iam-renace-la-esperanza-en-la-iglesia-y-en-el-mundo","status":"publish","type":"post","link":"https:\/\/obispadodelinares.cl\/ol\/?p=13602","title":{"rendered":"\u201cCon la IAM renace la esperanza en la Iglesia y en el mundo\u201d"},"content":{"rendered":"<p><i><span style=\"font-weight: 400;\">El Departamento de Misiones de la Di\u00f3cesis de Linares, el d\u00eda 04 de septiembre realiz\u00f3 el encuentro diocesano de Infancia y Adolescencia Misionera, este a\u00f1o fue en formato virtual, pues la pandemia a\u00fan no permite el reencuentro presencial, menos masivo, pero el Dpto. de Misiones quiere seguir favoreciendo el impulso misionero.<\/span><\/i><\/p>\n<p><span style=\"font-weight: 400;\">La. Hna. Pilar Tapia Asesora Diocesana de IAM, coment\u00f3: <\/span><i><span style=\"font-weight: 400;\">el lema que nos invita este a\u00f1o es <\/span><\/i><b><i>\u201cCon la IAM renace la esperanza en la Iglesia y en el mundo\u201d<\/i><\/b><i><span style=\"font-weight: 400;\">, pues creemos que hacer part\u00edcipes a los m\u00e1s peque\u00f1os es un deber, ellos necesitan conocer a Jesucristo, los adultos tenemos que transmitir la fe y acompa\u00f1arlos, es lo que hace esta Obra de la Iglesia. <\/span><\/i><span style=\"font-weight: 400;\">La Hna Pilar agrega<\/span><i><span style=\"font-weight: 400;\">: <\/span><\/i><span style=\"font-weight: 400;\">\u201ce<\/span><span style=\"font-weight: 400;\">l objetivo de este encuentro es, fomentar la formaci\u00f3n de grupos misioneros que salgan al encuentro del hermano, ayuden y acompa\u00f1en el proceso de crecimiento y madurez en la fe. Quisi\u00e9ramos impulsar <\/span><span style=\"font-weight: 400;\">la Infancia y Adolescencia Misionera en las parroquias para despertar en ni\u00f1os\/as y adolescentes su conciencia misionera y promover actitudes misioneras, incorpor\u00e1ndolas como h\u00e1bitos de vida\u201d.<\/span><\/p>\n<p><span style=\"font-weight: 400;\">Gracias a Dios y a los avances tecnol\u00f3gicos se acortaron las distancias, pues se cont\u00f3 con muy buena asistencia, estuvieron presentes los 5 decanatos: Linares, Parral, Cauquenes, Constituci\u00f3n y San Javier y cada uno tuvo a cargo el desarrollo de alguno de los momentos que el programa contemplaba.\u00a0<\/span><\/p>\n<p><a href=\"https:\/\/obispadodelinares.cl\/ol\/wp-content\/uploads\/2021\/09\/06-septiembre.png\"><img fetchpriority=\"high\" decoding=\"async\" class=\"aligncenter size-large wp-image-13603\" src=\"https:\/\/obispadodelinares.cl\/ol\/wp-content\/uploads\/2021\/09\/06-septiembre-576x1024.png\" alt=\"\" width=\"576\" height=\"1024\" srcset=\"https:\/\/obispadodelinares.cl\/ol\/wp-content\/uploads\/2021\/09\/06-septiembre-576x1024.png 576w, https:\/\/obispadodelinares.cl\/ol\/wp-content\/uploads\/2021\/09\/06-septiembre-169x300.png 169w, https:\/\/obispadodelinares.cl\/ol\/wp-content\/uploads\/2021\/09\/06-septiembre-768x1365.png 768w, https:\/\/obispadodelinares.cl\/ol\/wp-content\/uploads\/2021\/09\/06-septiembre-864x1536.png 864w, https:\/\/obispadodelinares.cl\/ol\/wp-content\/uploads\/2021\/09\/06-septiembre.png 1080w\" sizes=\"(max-width: 576px) 100vw, 576px\" \/><\/a><\/p>\n<p>&nbsp;<\/p>\n\n\t\t<style type=\"text\/css\">\n\t\t\t#gallery-1 {\n\t\t\t\tmargin: auto;\n\t\t\t}\n\t\t\t#gallery-1 .gallery-item {\n\t\t\t\tfloat: left;\n\t\t\t\tmargin-top: 10px;\n\t\t\t\ttext-align: center;\n\t\t\t\twidth: 33%;\n\t\t\t}\n\t\t\t#gallery-1 img {\n\t\t\t\tborder: 2px solid #cfcfcf;\n\t\t\t}\n\t\t\t#gallery-1 .gallery-caption {\n\t\t\t\tmargin-left: 0;\n\t\t\t}\n\t\t\t\/* see gallery_shortcode() in wp-includes\/media.php *\/\n\t\t<\/style>\n\t\t<div id='gallery-1' class='gallery galleryid-13602 gallery-columns-3 gallery-size-medium'><dl class='gallery-item'>\n\t\t\t<dt class='gallery-icon landscape'>\n\t\t\t\t<a href='https:\/\/obispadodelinares.cl\/ol\/wp-content\/uploads\/2021\/09\/WhatsApp-Image-2021-09-06-at-16.35.28.jpeg'><img decoding=\"async\" width=\"300\" height=\"146\" data-src=\"https:\/\/obispadodelinares.cl\/ol\/wp-content\/uploads\/2021\/09\/WhatsApp-Image-2021-09-06-at-16.35.28-300x146.jpeg\" class=\"attachment-medium size-medium lazyload\" alt=\"\" data-srcset=\"https:\/\/obispadodelinares.cl\/ol\/wp-content\/uploads\/2021\/09\/WhatsApp-Image-2021-09-06-at-16.35.28-300x146.jpeg 300w, https:\/\/obispadodelinares.cl\/ol\/wp-content\/uploads\/2021\/09\/WhatsApp-Image-2021-09-06-at-16.35.28-1024x498.jpeg 1024w, https:\/\/obispadodelinares.cl\/ol\/wp-content\/uploads\/2021\/09\/WhatsApp-Image-2021-09-06-at-16.35.28-768x373.jpeg 768w, https:\/\/obispadodelinares.cl\/ol\/wp-content\/uploads\/2021\/09\/WhatsApp-Image-2021-09-06-at-16.35.28.jpeg 1280w\" data-sizes=\"(max-width: 300px) 100vw, 300px\" src=\"data:image\/svg+xml;base64,PHN2ZyB3aWR0aD0iMSIgaGVpZ2h0PSIxIiB4bWxucz0iaHR0cDovL3d3dy53My5vcmcvMjAwMC9zdmciPjwvc3ZnPg==\" style=\"--smush-placeholder-width: 300px; --smush-placeholder-aspect-ratio: 300\/146;\" \/><\/a>\n\t\t\t<\/dt><\/dl><dl class='gallery-item'>\n\t\t\t<dt class='gallery-icon landscape'>\n\t\t\t\t<a href='https:\/\/obispadodelinares.cl\/ol\/wp-content\/uploads\/2021\/09\/WhatsApp-Image-2021-09-06-at-16.35.45.jpeg'><img decoding=\"async\" width=\"300\" height=\"135\" data-src=\"https:\/\/obispadodelinares.cl\/ol\/wp-content\/uploads\/2021\/09\/WhatsApp-Image-2021-09-06-at-16.35.45-300x135.jpeg\" class=\"attachment-medium size-medium lazyload\" alt=\"\" data-srcset=\"https:\/\/obispadodelinares.cl\/ol\/wp-content\/uploads\/2021\/09\/WhatsApp-Image-2021-09-06-at-16.35.45-300x135.jpeg 300w, https:\/\/obispadodelinares.cl\/ol\/wp-content\/uploads\/2021\/09\/WhatsApp-Image-2021-09-06-at-16.35.45-1024x461.jpeg 1024w, https:\/\/obispadodelinares.cl\/ol\/wp-content\/uploads\/2021\/09\/WhatsApp-Image-2021-09-06-at-16.35.45-768x346.jpeg 768w, https:\/\/obispadodelinares.cl\/ol\/wp-content\/uploads\/2021\/09\/WhatsApp-Image-2021-09-06-at-16.35.45.jpeg 1280w\" data-sizes=\"(max-width: 300px) 100vw, 300px\" src=\"data:image\/svg+xml;base64,PHN2ZyB3aWR0aD0iMSIgaGVpZ2h0PSIxIiB4bWxucz0iaHR0cDovL3d3dy53My5vcmcvMjAwMC9zdmciPjwvc3ZnPg==\" style=\"--smush-placeholder-width: 300px; --smush-placeholder-aspect-ratio: 300\/135;\" \/><\/a>\n\t\t\t<\/dt><\/dl><dl class='gallery-item'>\n\t\t\t<dt class='gallery-icon portrait'>\n\t\t\t\t<a href='https:\/\/obispadodelinares.cl\/ol\/wp-content\/uploads\/2021\/09\/06-septiembre.png'><img decoding=\"async\" width=\"169\" height=\"300\" data-src=\"https:\/\/obispadodelinares.cl\/ol\/wp-content\/uploads\/2021\/09\/06-septiembre-169x300.png\" class=\"attachment-medium size-medium lazyload\" alt=\"\" data-srcset=\"https:\/\/obispadodelinares.cl\/ol\/wp-content\/uploads\/2021\/09\/06-septiembre-169x300.png 169w, https:\/\/obispadodelinares.cl\/ol\/wp-content\/uploads\/2021\/09\/06-septiembre-576x1024.png 576w, https:\/\/obispadodelinares.cl\/ol\/wp-content\/uploads\/2021\/09\/06-septiembre-768x1365.png 768w, https:\/\/obispadodelinares.cl\/ol\/wp-content\/uploads\/2021\/09\/06-septiembre-864x1536.png 864w, https:\/\/obispadodelinares.cl\/ol\/wp-content\/uploads\/2021\/09\/06-septiembre.png 1080w\" data-sizes=\"(max-width: 169px) 100vw, 169px\" src=\"data:image\/svg+xml;base64,PHN2ZyB3aWR0aD0iMSIgaGVpZ2h0PSIxIiB4bWxucz0iaHR0cDovL3d3dy53My5vcmcvMjAwMC9zdmciPjwvc3ZnPg==\" style=\"--smush-placeholder-width: 169px; --smush-placeholder-aspect-ratio: 169\/300;\" \/><\/a>\n\t\t\t<\/dt><\/dl><br style=\"clear: both\" \/>\n\t\t<\/div>\n\n","protected":false},"excerpt":{"rendered":"<p>El Departamento de Misiones de la Di\u00f3cesis de Linares, el d\u00eda 04 de septiembre realiz\u00f3 el encuentro diocesano de Infancia y Adolescencia Misionera, este a\u00f1o fue en formato virtual, pues la pandemia a\u00fan no permite el reencuentro presencial, menos masivo, pero el Dpto. de Misiones quiere seguir favoreciendo el impulso misionero. La. Hna. Pilar Tapia [&hellip;]<\/p>\n","protected":false},"author":1,"featured_media":13603,"comment_status":"closed","ping_status":"closed","sticky":false,"template":"","format":"standard","meta":{"h5ap_radio_sources":[],"footnotes":""},"categories":[309,291,102],"tags":[173],"class_list":["post-13602","post","type-post","status-publish","format-standard","has-post-thumbnail","hentry","category-309","category-diocesana","category-misiones","tag-infancia-misionera"],"_links":{"self":[{"href":"https:\/\/obispadodelinares.cl\/ol\/index.php?rest_route=\/wp\/v2\/posts\/13602","targetHints":{"allow":["GET"]}}],"collection":[{"href":"https:\/\/obispadodelinares.cl\/ol\/index.php?rest_route=\/wp\/v2\/posts"}],"about":[{"href":"https:\/\/obispadodelinares.cl\/ol\/index.php?rest_route=\/wp\/v2\/types\/post"}],"author":[{"embeddable":true,"href":"https:\/\/obispadodelinares.cl\/ol\/index.php?rest_route=\/wp\/v2\/users\/1"}],"replies":[{"embeddable":true,"href":"https:\/\/obispadodelinares.cl\/ol\/index.php?rest_route=%2Fwp%2Fv2%2Fcomments&post=13602"}],"version-history":[{"count":0,"href":"https:\/\/obispadodelinares.cl\/ol\/index.php?rest_route=\/wp\/v2\/posts\/13602\/revisions"}],"wp:featuredmedia":[{"embeddable":true,"href":"https:\/\/obispadodelinares.cl\/ol\/index.php?rest_route=\/wp\/v2\/media\/13603"}],"wp:attachment":[{"href":"https:\/\/obispadodelinares.cl\/ol\/index.php?rest_route=%2Fwp%2Fv2%2Fmedia&parent=13602"}],"wp:term":[{"taxonomy":"category","embeddable":true,"href":"https:\/\/obispadodelinares.cl\/ol\/index.php?rest_route=%2Fwp%2Fv2%2Fcategories&post=13602"},{"taxonomy":"post_tag","embeddable":true,"href":"https:\/\/obispadodelinares.cl\/ol\/index.php?rest_route=%2Fwp%2Fv2%2Ftags&post=13602"}],"curies":[{"name":"wp","href":"https:\/\/api.w.org\/{rel}","templated":true}]}}