{"id":13594,"date":"2021-09-01T20:28:24","date_gmt":"2021-09-01T20:28:24","guid":{"rendered":"http:\/\/obispadodelinares.cl\/ol\/?p=13594"},"modified":"2021-09-01T20:28:24","modified_gmt":"2021-09-01T20:28:24","slug":"en-curanipe-dicen-mision-cumplida","status":"publish","type":"post","link":"https:\/\/obispadodelinares.cl\/ol\/?p=13594","title":{"rendered":"En Curanipe, dicen \u00a1Misi\u00f3n cumplida!"},"content":{"rendered":"<p><strong>La Buena Nueva de hoy<\/strong><\/p>\n<p><strong>En Curanipe, dicen<em> \u00a1Misi\u00f3n cumplida!<\/em><\/strong><\/p>\n<p>Hogar de Ancianos Santa Teresa de Cauquenes, nuevamente fue beneficiado con la campa\u00f1a solidaria realizada en la parroquia Santo Toribio de Curanipe, al concluir el Mes de la Solidaridad, nuevamente pueden decir con orgullo, MISI\u00d3N CUMPLIDA. Esta campa\u00f1a se extendi\u00f3 durante todo el mes de agosto y gracias a la generosa respuesta de los feligreses de la sede parroquial, as\u00ed como de las comunidades rurales, se pudo reunir pa\u00f1ales y le\u00f1a, los que ya han sido entregados para el buen cuidado de los abuelitos que residen en este Hogar.<\/p>\n<p>Cabe destacar que esta campa\u00f1a para ir en apoyo de los adultos mayores del Hogar Santa Teresa, es una opci\u00f3n permanente para la parroquia Santo Toribio de Curanipe y\u00a0 sus comunidades.<\/p>\n<p>&nbsp;<\/p>\n<p><a href=\"https:\/\/obispadodelinares.cl\/ol\/wp-content\/uploads\/2021\/09\/01-septiembre.png\"><img fetchpriority=\"high\" decoding=\"async\" class=\"aligncenter size-large wp-image-13595\" src=\"https:\/\/obispadodelinares.cl\/ol\/wp-content\/uploads\/2021\/09\/01-septiembre-1024x576.png\" alt=\"\" width=\"1024\" height=\"576\" srcset=\"https:\/\/obispadodelinares.cl\/ol\/wp-content\/uploads\/2021\/09\/01-septiembre-1024x576.png 1024w, https:\/\/obispadodelinares.cl\/ol\/wp-content\/uploads\/2021\/09\/01-septiembre-300x169.png 300w, https:\/\/obispadodelinares.cl\/ol\/wp-content\/uploads\/2021\/09\/01-septiembre-768x432.png 768w, https:\/\/obispadodelinares.cl\/ol\/wp-content\/uploads\/2021\/09\/01-septiembre-1536x864.png 1536w, https:\/\/obispadodelinares.cl\/ol\/wp-content\/uploads\/2021\/09\/01-septiembre.png 1600w\" sizes=\"(max-width: 1024px) 100vw, 1024px\" \/><\/a><\/p>\n","protected":false},"excerpt":{"rendered":"<p>La Buena Nueva de hoy En Curanipe, dicen \u00a1Misi\u00f3n cumplida! Hogar de Ancianos Santa Teresa de Cauquenes, nuevamente fue beneficiado con la campa\u00f1a solidaria realizada en la parroquia Santo Toribio de Curanipe, al concluir el Mes de la Solidaridad, nuevamente pueden decir con orgullo, MISI\u00d3N CUMPLIDA. Esta campa\u00f1a se extendi\u00f3 durante todo el mes de [&hellip;]<\/p>\n","protected":false},"author":1,"featured_media":13596,"comment_status":"closed","ping_status":"closed","sticky":false,"template":"","format":"standard","meta":{"h5ap_radio_sources":[],"footnotes":""},"categories":[309],"tags":[141,344,31],"class_list":["post-13594","post","type-post","status-publish","format-standard","has-post-thumbnail","hentry","category-309","tag-curanipe","tag-parroquia-santo-toribio","tag-pastoral-social"],"_links":{"self":[{"href":"https:\/\/obispadodelinares.cl\/ol\/index.php?rest_route=\/wp\/v2\/posts\/13594","targetHints":{"allow":["GET"]}}],"collection":[{"href":"https:\/\/obispadodelinares.cl\/ol\/index.php?rest_route=\/wp\/v2\/posts"}],"about":[{"href":"https:\/\/obispadodelinares.cl\/ol\/index.php?rest_route=\/wp\/v2\/types\/post"}],"author":[{"embeddable":true,"href":"https:\/\/obispadodelinares.cl\/ol\/index.php?rest_route=\/wp\/v2\/users\/1"}],"replies":[{"embeddable":true,"href":"https:\/\/obispadodelinares.cl\/ol\/index.php?rest_route=%2Fwp%2Fv2%2Fcomments&post=13594"}],"version-history":[{"count":0,"href":"https:\/\/obispadodelinares.cl\/ol\/index.php?rest_route=\/wp\/v2\/posts\/13594\/revisions"}],"wp:featuredmedia":[{"embeddable":true,"href":"https:\/\/obispadodelinares.cl\/ol\/index.php?rest_route=\/wp\/v2\/media\/13596"}],"wp:attachment":[{"href":"https:\/\/obispadodelinares.cl\/ol\/index.php?rest_route=%2Fwp%2Fv2%2Fmedia&parent=13594"}],"wp:term":[{"taxonomy":"category","embeddable":true,"href":"https:\/\/obispadodelinares.cl\/ol\/index.php?rest_route=%2Fwp%2Fv2%2Fcategories&post=13594"},{"taxonomy":"post_tag","embeddable":true,"href":"https:\/\/obispadodelinares.cl\/ol\/index.php?rest_route=%2Fwp%2Fv2%2Ftags&post=13594"}],"curies":[{"name":"wp","href":"https:\/\/api.w.org\/{rel}","templated":true}]}}