{"id":13537,"date":"2021-08-19T21:36:57","date_gmt":"2021-08-19T21:36:57","guid":{"rendered":"http:\/\/obispadodelinares.cl\/ol\/?p=13537"},"modified":"2021-08-19T21:36:57","modified_gmt":"2021-08-19T21:36:57","slug":"voluntarias-que-hace-mas-de-40-anos-comparten-su-amor-cocinando-para-sus-hermanos","status":"publish","type":"post","link":"https:\/\/obispadodelinares.cl\/ol\/?p=13537","title":{"rendered":"Voluntarias que hace m\u00e1s de 40 a\u00f1os  comparten su amor cocinando para sus hermanos"},"content":{"rendered":"<p><em>En el marco del d\u00eda de la Solidaridad, Monse\u00f1or Koljatic y personal del Obispado y Caritas Linares, quisieron acompa\u00f1ar y conocer m\u00e1s afondo el quehacer de las voluntarias del Comedor La Carmelita, en Linares. Una hermosa obra, que en cada colaci\u00f3n que entregan las voluntarias, ponen un poquito de su amor.<\/em><\/p>\n<p>Son dos hermosos grupos de voluntarias, las que se dividen el trabajo en el Comedor Solidario La Carmelita, de Parroquia El Carmen en Linares, tarea que silenciosamente desarrollan desde 1978. Un equipo va cada s\u00e1bado y el otro, que se sum\u00f3 en pandemia, va lunes y mi\u00e9rcoles, entregando alrededor de 600 colaciones a la semana.<\/p>\n<p>Claudina Escobar, fue la gu\u00eda en esta visita, ella con orgullo y emoci\u00f3n, representaba a todas las voluntarias y voluntarios que, con m\u00fasica y buena onda, cocinan, sirven y reparten los almuerzos.<br \/>\n\u201cEntre los beneficiarios hay quienes retiran sus colaciones personalmente, mientras que otros las reciben en sus domicilios, como es el caso de Poblaci\u00f3n Nuevo Amanecer. All\u00ed los vecinos se organizaron para recibir estas colaciones -incluso ellos hacen una peque\u00f1a colecta, cada uno aporta lo que puede\u2026 100 pesos, 500 o m\u00e1s, cada cual da lo que puede- este aporte, ha sido una forma de dignificar el alimento que reciben, de no sentir que todo es gratuito, sino que ellos tambi\u00e9n hacen su colaboraci\u00f3n, lo que puede servir para ayudar a otros tambi\u00e9n, se\u00f1al\u00f3 Claudina. Agrega \u2013 durante los momentos m\u00e1s dif\u00edciles en pandemia, entreg\u00e1bamos todas las colaciones a domicilio, part\u00edamos repartiendo a las 10 de la ma\u00f1ana y termin\u00e1bamos a las 5 de la tarde. Este a\u00f1o como las medidas sanitarias lo permiten, ya pueden venir a retirar ac\u00e1 en el comedor. El d\u00eda s\u00e1bado contamos con el apoyo de algunos m\u00f3viles y de Carabineros para hacer el reparto m\u00e1s r\u00e1pido, porque es el d\u00eda m\u00e1s fuerte.<br \/>\nRespecto del financiamiento del Comedor, Claudina comenta \u2013Recibimos una subvenci\u00f3n municipal, aportes del Banco de Alimentos desde Caritas Linares y el grueso son los aportes an\u00f3nimos de quienes en silencio se han comprometido con esta causa.<br \/>\n\u00bfQu\u00e9 mueve a las voluntarias y voluntarios?<br \/>\nLa frase \u201cnadie se salva solo\u201d, nos hace mucho sentido, siempre podemos dar un poco m\u00e1s, muchas veces las personas no tienen conciencia de sus propias capacidades, de todo lo capaces que pueden llegar a ser, hay que explotarlas y en beneficio de nuestros hermanos, ya sea en estas tareas o en otras, siempre pensando en los dem\u00e1s, a eso nos llama Jes\u00fas, a mirar al otro. Y como nos dec\u00eda San Alberto Hurtado, \u201cDar hasta que duela\u201d, si todos pens\u00e1ramos as\u00ed, de seguro el mundo ser\u00eda muy distinto. Sin duda muchas veces nosotros tambi\u00e9n nos cansamos, tenemos angustias y problemas variados, sin embargo, el hecho se saberte parte de este compromiso -que no es una obligaci\u00f3n- es un compromiso con el otro y asumido responsablemente, te hace levantarte con ganas de seguir sirviendo, revisar qu\u00e9 tenemos, qu\u00e9 nos falta, qu\u00e9 vamos a cocinar, c\u00f3mo nos vamos a organizar d\u00eda a d\u00eda, todo eso nos anima y seguimos aqu\u00ed firmes\u2026 gracias a Dios en este compromiso que adquirimos de forma personal, hemos tenido el apoyo de las familias que se ha involucrado, en lo personal agradezco a mi familia que me apa\u00f1a, a mi mam\u00e1 que tambi\u00e9n se anima a venir y cocinar, la respuesta generosa de la comunidad tambi\u00e9n nos hace sentir agradecido. Sin duda, tenemos por hacer, pero ya hemos comenzado y aqu\u00ed seguiremos confiando en el Se\u00f1or que nos cuida tambi\u00e9n a nosotros\u201d.<br \/>\nEn este recorrido, la Sra. Mar\u00eda Laura Loreto, tambi\u00e9n quiso compartir su testimonio en este servicio que comenz\u00f3 el a\u00f1o 2020. Aunque nerviosa por la c\u00e1mara, coment\u00f3 \u2013 yo creo que, as\u00ed como a m\u00ed, a todas nos motiva a ser de utilidad en la ayuda a las personas que realmente lo han pasado muy mal, especialmente en esta pandemia. Aqu\u00ed en la comunidad hay muchos adultos mayores que realmente necesitan, pues est\u00e1n solos y mientras nosotros podamos aqu\u00ed estaremos para servir, no sabemos cu\u00e1nto tiempo durar\u00e1 la pandemia, pero seguiremos. Respecto al apoyo de la comunidad, la Sra. Mar\u00eda Laura, se\u00f1ala \u2013 en este tiempo hemos visto como llegan los aportes, muchas veces las due\u00f1as de casa se juntan y entre varias compran una mata de apio, kilos de papas y otras verduras y as\u00ed hacen sus aportes. Una due\u00f1a de casa siempre sabe lo que hace falta para cocinar, y eso nos motiva a seguir ayudando, pues si la gente trae sus aportes nosotros aportamos con este servicio. Con el tiempo ya les conocemos y sabemos de sus necesidades, no son n\u00fameros, son personas, son nuestros hermanos.<br \/>\nLa Sra. Judith Villagr\u00e1n, Directora de la Fundaci\u00f3n Caritas Linares, tambi\u00e9n comparti\u00f3 su sentir en el d\u00eda de la Solidaridad y visitando el Comedor La Carmelita, se\u00f1al\u00f3 \u2013Hoy 18 de agosto es una gran oportunidad para visibilizar estas hermosas obras de misericordia presentes en nuestra Di\u00f3cesis, importante tambi\u00e9n es destacar que estos comedores funcionan durante todo el a\u00f1o, dando respuesta efectiva a las necesidades de los fr\u00e1giles de nuestra sociedad-<br \/>\nDon Rodrigo Barrera, Administrador del Obispado de Linares, tambi\u00e9n quiso acompa\u00f1ar a las voluntarias en este servicio, manifestando su admiraci\u00f3n por el enorme trabajo que significa mantener esta obra de misericordia tan concreta, \u201cs\u00f3lo nos queda felicitar a las voluntarias por este hermoso trabajo, esta olla com\u00fan, es una de las m\u00e1s grandes y activas en Linares. Junto a algunos trabajadores del Obispado de Linares quisimos venir en el d\u00eda de San Alberto Hurtado, para prestar nuestro apoyo en este hermoso servicio. Nos pone muy felices de saber que en Linares y en otras comunas de la Di\u00f3cesis estas obras se repiten y son muchos los grupos de voluntariado que velan por un plato de comida para sus hermanos m\u00e1s necesitados, no podemos estar m\u00e1s que agradecidos de Dios que, a trav\u00e9s de estos grupos de voluntariado, nos da la oportunidad de seguir dando estos ricos platos de alimentos\u201d.<\/p>\n<p>&nbsp;<\/p>\n\n\t\t<style type=\"text\/css\">\n\t\t\t#gallery-1 {\n\t\t\t\tmargin: auto;\n\t\t\t}\n\t\t\t#gallery-1 .gallery-item {\n\t\t\t\tfloat: left;\n\t\t\t\tmargin-top: 10px;\n\t\t\t\ttext-align: center;\n\t\t\t\twidth: 33%;\n\t\t\t}\n\t\t\t#gallery-1 img {\n\t\t\t\tborder: 2px solid #cfcfcf;\n\t\t\t}\n\t\t\t#gallery-1 .gallery-caption {\n\t\t\t\tmargin-left: 0;\n\t\t\t}\n\t\t\t\/* see gallery_shortcode() in wp-includes\/media.php *\/\n\t\t<\/style>\n\t\t<div id='gallery-1' class='gallery galleryid-13537 gallery-columns-3 gallery-size-medium'><dl class='gallery-item'>\n\t\t\t<dt class='gallery-icon landscape'>\n\t\t\t\t<a href='https:\/\/obispadodelinares.cl\/ol\/wp-content\/uploads\/2021\/08\/IMG_0130.png'><img fetchpriority=\"high\" decoding=\"async\" width=\"300\" height=\"200\" src=\"https:\/\/obispadodelinares.cl\/ol\/wp-content\/uploads\/2021\/08\/IMG_0130-300x200.png\" class=\"attachment-medium size-medium\" alt=\"\" srcset=\"https:\/\/obispadodelinares.cl\/ol\/wp-content\/uploads\/2021\/08\/IMG_0130-300x200.png 300w, https:\/\/obispadodelinares.cl\/ol\/wp-content\/uploads\/2021\/08\/IMG_0130-768x512.png 768w, https:\/\/obispadodelinares.cl\/ol\/wp-content\/uploads\/2021\/08\/IMG_0130.png 1024w\" sizes=\"(max-width: 300px) 100vw, 300px\" \/><\/a>\n\t\t\t<\/dt><\/dl><dl class='gallery-item'>\n\t\t\t<dt class='gallery-icon landscape'>\n\t\t\t\t<a href='https:\/\/obispadodelinares.cl\/ol\/wp-content\/uploads\/2021\/08\/IMG_0131.png'><img decoding=\"async\" width=\"300\" height=\"200\" data-src=\"https:\/\/obispadodelinares.cl\/ol\/wp-content\/uploads\/2021\/08\/IMG_0131-300x200.png\" class=\"attachment-medium size-medium lazyload\" alt=\"\" data-srcset=\"https:\/\/obispadodelinares.cl\/ol\/wp-content\/uploads\/2021\/08\/IMG_0131-300x200.png 300w, https:\/\/obispadodelinares.cl\/ol\/wp-content\/uploads\/2021\/08\/IMG_0131-768x512.png 768w, https:\/\/obispadodelinares.cl\/ol\/wp-content\/uploads\/2021\/08\/IMG_0131.png 1024w\" data-sizes=\"(max-width: 300px) 100vw, 300px\" src=\"data:image\/svg+xml;base64,PHN2ZyB3aWR0aD0iMSIgaGVpZ2h0PSIxIiB4bWxucz0iaHR0cDovL3d3dy53My5vcmcvMjAwMC9zdmciPjwvc3ZnPg==\" style=\"--smush-placeholder-width: 300px; --smush-placeholder-aspect-ratio: 300\/200;\" \/><\/a>\n\t\t\t<\/dt><\/dl><dl class='gallery-item'>\n\t\t\t<dt class='gallery-icon landscape'>\n\t\t\t\t<a href='https:\/\/obispadodelinares.cl\/ol\/wp-content\/uploads\/2021\/08\/IMG_0136.png'><img decoding=\"async\" width=\"300\" height=\"200\" data-src=\"https:\/\/obispadodelinares.cl\/ol\/wp-content\/uploads\/2021\/08\/IMG_0136-300x200.png\" class=\"attachment-medium size-medium lazyload\" alt=\"\" data-srcset=\"https:\/\/obispadodelinares.cl\/ol\/wp-content\/uploads\/2021\/08\/IMG_0136-300x200.png 300w, https:\/\/obispadodelinares.cl\/ol\/wp-content\/uploads\/2021\/08\/IMG_0136-768x512.png 768w, https:\/\/obispadodelinares.cl\/ol\/wp-content\/uploads\/2021\/08\/IMG_0136.png 1024w\" data-sizes=\"(max-width: 300px) 100vw, 300px\" src=\"data:image\/svg+xml;base64,PHN2ZyB3aWR0aD0iMSIgaGVpZ2h0PSIxIiB4bWxucz0iaHR0cDovL3d3dy53My5vcmcvMjAwMC9zdmciPjwvc3ZnPg==\" style=\"--smush-placeholder-width: 300px; --smush-placeholder-aspect-ratio: 300\/200;\" \/><\/a>\n\t\t\t<\/dt><\/dl><br style=\"clear: both\" \/><dl class='gallery-item'>\n\t\t\t<dt class='gallery-icon landscape'>\n\t\t\t\t<a href='https:\/\/obispadodelinares.cl\/ol\/wp-content\/uploads\/2021\/08\/IMG_0140.png'><img decoding=\"async\" width=\"300\" height=\"200\" data-src=\"https:\/\/obispadodelinares.cl\/ol\/wp-content\/uploads\/2021\/08\/IMG_0140-300x200.png\" class=\"attachment-medium size-medium lazyload\" alt=\"\" data-srcset=\"https:\/\/obispadodelinares.cl\/ol\/wp-content\/uploads\/2021\/08\/IMG_0140-300x200.png 300w, https:\/\/obispadodelinares.cl\/ol\/wp-content\/uploads\/2021\/08\/IMG_0140-768x512.png 768w, https:\/\/obispadodelinares.cl\/ol\/wp-content\/uploads\/2021\/08\/IMG_0140.png 1024w\" data-sizes=\"(max-width: 300px) 100vw, 300px\" src=\"data:image\/svg+xml;base64,PHN2ZyB3aWR0aD0iMSIgaGVpZ2h0PSIxIiB4bWxucz0iaHR0cDovL3d3dy53My5vcmcvMjAwMC9zdmciPjwvc3ZnPg==\" style=\"--smush-placeholder-width: 300px; --smush-placeholder-aspect-ratio: 300\/200;\" \/><\/a>\n\t\t\t<\/dt><\/dl><dl class='gallery-item'>\n\t\t\t<dt class='gallery-icon landscape'>\n\t\t\t\t<a href='https:\/\/obispadodelinares.cl\/ol\/wp-content\/uploads\/2021\/08\/IMG_0141.png'><img decoding=\"async\" width=\"300\" height=\"200\" data-src=\"https:\/\/obispadodelinares.cl\/ol\/wp-content\/uploads\/2021\/08\/IMG_0141-300x200.png\" class=\"attachment-medium size-medium lazyload\" alt=\"\" data-srcset=\"https:\/\/obispadodelinares.cl\/ol\/wp-content\/uploads\/2021\/08\/IMG_0141-300x200.png 300w, https:\/\/obispadodelinares.cl\/ol\/wp-content\/uploads\/2021\/08\/IMG_0141-768x512.png 768w, https:\/\/obispadodelinares.cl\/ol\/wp-content\/uploads\/2021\/08\/IMG_0141.png 1024w\" data-sizes=\"(max-width: 300px) 100vw, 300px\" src=\"data:image\/svg+xml;base64,PHN2ZyB3aWR0aD0iMSIgaGVpZ2h0PSIxIiB4bWxucz0iaHR0cDovL3d3dy53My5vcmcvMjAwMC9zdmciPjwvc3ZnPg==\" style=\"--smush-placeholder-width: 300px; --smush-placeholder-aspect-ratio: 300\/200;\" \/><\/a>\n\t\t\t<\/dt><\/dl><dl class='gallery-item'>\n\t\t\t<dt class='gallery-icon landscape'>\n\t\t\t\t<a href='https:\/\/obispadodelinares.cl\/ol\/wp-content\/uploads\/2021\/08\/IMG_0143.png'><img decoding=\"async\" width=\"300\" height=\"200\" data-src=\"https:\/\/obispadodelinares.cl\/ol\/wp-content\/uploads\/2021\/08\/IMG_0143-300x200.png\" class=\"attachment-medium size-medium lazyload\" alt=\"\" data-srcset=\"https:\/\/obispadodelinares.cl\/ol\/wp-content\/uploads\/2021\/08\/IMG_0143-300x200.png 300w, https:\/\/obispadodelinares.cl\/ol\/wp-content\/uploads\/2021\/08\/IMG_0143-768x512.png 768w, https:\/\/obispadodelinares.cl\/ol\/wp-content\/uploads\/2021\/08\/IMG_0143.png 1024w\" data-sizes=\"(max-width: 300px) 100vw, 300px\" src=\"data:image\/svg+xml;base64,PHN2ZyB3aWR0aD0iMSIgaGVpZ2h0PSIxIiB4bWxucz0iaHR0cDovL3d3dy53My5vcmcvMjAwMC9zdmciPjwvc3ZnPg==\" style=\"--smush-placeholder-width: 300px; --smush-placeholder-aspect-ratio: 300\/200;\" \/><\/a>\n\t\t\t<\/dt><\/dl><br style=\"clear: both\" \/><dl class='gallery-item'>\n\t\t\t<dt class='gallery-icon landscape'>\n\t\t\t\t<a href='https:\/\/obispadodelinares.cl\/ol\/wp-content\/uploads\/2021\/08\/IMG_0144.png'><img decoding=\"async\" width=\"300\" height=\"200\" data-src=\"https:\/\/obispadodelinares.cl\/ol\/wp-content\/uploads\/2021\/08\/IMG_0144-300x200.png\" class=\"attachment-medium size-medium lazyload\" alt=\"\" data-srcset=\"https:\/\/obispadodelinares.cl\/ol\/wp-content\/uploads\/2021\/08\/IMG_0144-300x200.png 300w, https:\/\/obispadodelinares.cl\/ol\/wp-content\/uploads\/2021\/08\/IMG_0144-768x512.png 768w, https:\/\/obispadodelinares.cl\/ol\/wp-content\/uploads\/2021\/08\/IMG_0144.png 1024w\" data-sizes=\"(max-width: 300px) 100vw, 300px\" src=\"data:image\/svg+xml;base64,PHN2ZyB3aWR0aD0iMSIgaGVpZ2h0PSIxIiB4bWxucz0iaHR0cDovL3d3dy53My5vcmcvMjAwMC9zdmciPjwvc3ZnPg==\" style=\"--smush-placeholder-width: 300px; --smush-placeholder-aspect-ratio: 300\/200;\" \/><\/a>\n\t\t\t<\/dt><\/dl><dl class='gallery-item'>\n\t\t\t<dt class='gallery-icon landscape'>\n\t\t\t\t<a href='https:\/\/obispadodelinares.cl\/ol\/wp-content\/uploads\/2021\/08\/IMG_0148.png'><img decoding=\"async\" width=\"300\" height=\"200\" data-src=\"https:\/\/obispadodelinares.cl\/ol\/wp-content\/uploads\/2021\/08\/IMG_0148-300x200.png\" class=\"attachment-medium size-medium lazyload\" alt=\"\" data-srcset=\"https:\/\/obispadodelinares.cl\/ol\/wp-content\/uploads\/2021\/08\/IMG_0148-300x200.png 300w, https:\/\/obispadodelinares.cl\/ol\/wp-content\/uploads\/2021\/08\/IMG_0148-768x512.png 768w, https:\/\/obispadodelinares.cl\/ol\/wp-content\/uploads\/2021\/08\/IMG_0148.png 1024w\" data-sizes=\"(max-width: 300px) 100vw, 300px\" src=\"data:image\/svg+xml;base64,PHN2ZyB3aWR0aD0iMSIgaGVpZ2h0PSIxIiB4bWxucz0iaHR0cDovL3d3dy53My5vcmcvMjAwMC9zdmciPjwvc3ZnPg==\" style=\"--smush-placeholder-width: 300px; --smush-placeholder-aspect-ratio: 300\/200;\" \/><\/a>\n\t\t\t<\/dt><\/dl><dl class='gallery-item'>\n\t\t\t<dt class='gallery-icon landscape'>\n\t\t\t\t<a href='https:\/\/obispadodelinares.cl\/ol\/wp-content\/uploads\/2021\/08\/IMG_0150.png'><img decoding=\"async\" width=\"300\" height=\"200\" data-src=\"https:\/\/obispadodelinares.cl\/ol\/wp-content\/uploads\/2021\/08\/IMG_0150-300x200.png\" class=\"attachment-medium size-medium lazyload\" alt=\"\" data-srcset=\"https:\/\/obispadodelinares.cl\/ol\/wp-content\/uploads\/2021\/08\/IMG_0150-300x200.png 300w, https:\/\/obispadodelinares.cl\/ol\/wp-content\/uploads\/2021\/08\/IMG_0150-768x512.png 768w, https:\/\/obispadodelinares.cl\/ol\/wp-content\/uploads\/2021\/08\/IMG_0150.png 1024w\" data-sizes=\"(max-width: 300px) 100vw, 300px\" src=\"data:image\/svg+xml;base64,PHN2ZyB3aWR0aD0iMSIgaGVpZ2h0PSIxIiB4bWxucz0iaHR0cDovL3d3dy53My5vcmcvMjAwMC9zdmciPjwvc3ZnPg==\" style=\"--smush-placeholder-width: 300px; --smush-placeholder-aspect-ratio: 300\/200;\" \/><\/a>\n\t\t\t<\/dt><\/dl><br style=\"clear: both\" \/>\n\t\t<\/div>\n\n","protected":false},"excerpt":{"rendered":"<p>En el marco del d\u00eda de la Solidaridad, Monse\u00f1or Koljatic y personal del Obispado y Caritas Linares, quisieron acompa\u00f1ar y conocer m\u00e1s afondo el quehacer de las voluntarias del Comedor La Carmelita, en Linares. Una hermosa obra, que en cada colaci\u00f3n que entregan las voluntarias, ponen un poquito de su amor. Son dos hermosos grupos [&hellip;]<\/p>\n","protected":false},"author":1,"featured_media":13539,"comment_status":"closed","ping_status":"closed","sticky":false,"template":"","format":"standard","meta":{"h5ap_radio_sources":[],"footnotes":""},"categories":[309,57],"tags":[180,262],"class_list":["post-13537","post","type-post","status-publish","format-standard","has-post-thumbnail","hentry","category-309","category-pastoral-social","tag-comedores-fraternos","tag-parroquia-nuestra-senora-del-carmen"],"_links":{"self":[{"href":"https:\/\/obispadodelinares.cl\/ol\/index.php?rest_route=\/wp\/v2\/posts\/13537","targetHints":{"allow":["GET"]}}],"collection":[{"href":"https:\/\/obispadodelinares.cl\/ol\/index.php?rest_route=\/wp\/v2\/posts"}],"about":[{"href":"https:\/\/obispadodelinares.cl\/ol\/index.php?rest_route=\/wp\/v2\/types\/post"}],"author":[{"embeddable":true,"href":"https:\/\/obispadodelinares.cl\/ol\/index.php?rest_route=\/wp\/v2\/users\/1"}],"replies":[{"embeddable":true,"href":"https:\/\/obispadodelinares.cl\/ol\/index.php?rest_route=%2Fwp%2Fv2%2Fcomments&post=13537"}],"version-history":[{"count":0,"href":"https:\/\/obispadodelinares.cl\/ol\/index.php?rest_route=\/wp\/v2\/posts\/13537\/revisions"}],"wp:featuredmedia":[{"embeddable":true,"href":"https:\/\/obispadodelinares.cl\/ol\/index.php?rest_route=\/wp\/v2\/media\/13539"}],"wp:attachment":[{"href":"https:\/\/obispadodelinares.cl\/ol\/index.php?rest_route=%2Fwp%2Fv2%2Fmedia&parent=13537"}],"wp:term":[{"taxonomy":"category","embeddable":true,"href":"https:\/\/obispadodelinares.cl\/ol\/index.php?rest_route=%2Fwp%2Fv2%2Fcategories&post=13537"},{"taxonomy":"post_tag","embeddable":true,"href":"https:\/\/obispadodelinares.cl\/ol\/index.php?rest_route=%2Fwp%2Fv2%2Ftags&post=13537"}],"curies":[{"name":"wp","href":"https:\/\/api.w.org\/{rel}","templated":true}]}}