{"id":13534,"date":"2021-08-14T20:10:29","date_gmt":"2021-08-14T20:10:29","guid":{"rendered":"http:\/\/obispadodelinares.cl\/ol\/?p=13534"},"modified":"2021-08-14T20:10:29","modified_gmt":"2021-08-14T20:10:29","slug":"vida-religiosa-latinoamericana-ora-por-haiti-en-su-congreso-online-tras-terremoto-7-2","status":"publish","type":"post","link":"https:\/\/obispadodelinares.cl\/ol\/?p=13534","title":{"rendered":"Vida Religiosa latinoamericana ora por Hait\u00ed en su Congreso online tras terremoto 7.2"},"content":{"rendered":"<p>La Confederaci\u00f3n Latinoamericana y Caribe\u00f1a de Religiosos (CLAR) ha dedicado su espacio de oraci\u00f3n y un minuto de silencio a los hermanos de Hait\u00ed durante la apertura del segundo d\u00eda de su congreso virtual la ma\u00f1ana de este s\u00e1bado,14 de agosto, tras registrarse en este pa\u00eds un terremoto de 7.2 grados.<\/p>\n<p>La Hermana Daniela Cannavina, secretaria general de la CLAR, y el Padre Tarcisio Gait\u00e1n, religioso pasionista, miembro del Equipo de te\u00f3logos de la Presidencia de la CLAR- (ETAP), moderadores de la jornada, han expresado sus palabras de solidaridad.<\/p>\n<p>Seg\u00fan el reporte del servicio geol\u00f3gico el sismo se registr\u00f3 en aguas cercanas a Hait\u00ed con epicentro a unos 12 kil\u00f3metros al noreste de Saint-Louis du Sud. Adem\u00e1s hay una alerta de Tsunami.<\/p>\n<p>La Hermana Cannavina ha pedido a toda la Iglesia de Am\u00e9rica Latina y el Caribe, elevar sus oraciones por quienes hoy sufren los embates de la natureza en esta naci\u00f3n hermana, de hecho \u201cnuestras hermanas de las Dominicas de la Presentaci\u00f3n ayer estaban conectadas a nuestro congreso, hoy deben estar acompa\u00f1ando a muchos hermanos sufrientes en este pa\u00eds\u201d.<\/p>\n<p>Estragos del terremoto<br \/>\nEn contacto con ADN Celam, la religiosa de las hermanas de San Juan Evangelista, Alexandra Bonilla, radicada en Ouanament, al norte de Hait\u00ed, ha relatado que \u201cel temblor fue fuerte y el epicentro fue en el sur del pa\u00eds en J\u00e9r\u00e9mie bien al sur y tuvo muchas afectaciones\u201d.<\/p>\n<p>Incluso a\u00fan cuando no hay un reporte oficial de v\u00edctimas fatales, la religiosa juanista ha compartido material fotogr\u00e1fico de la destrucci\u00f3n del colegio de las religiosas de la Inmaculada Concepci\u00f3n en J\u00e9r\u00e9mie.<\/p>\n<p>\u201cHasta ahora estamos recogiendo informaci\u00f3n sobre c\u00f3mo va la situaci\u00f3n. Gracias por estar unidos desde el Congreso de la CLAR en esta coyuntura y desde la realidad pol\u00edtica, social y econ\u00f3mica de Hait\u00ed\u201d, acot\u00f3 la Hermana Bonilla.<\/p>\n<p>Fuente:\u00a0<b><a href=\"https:\/\/prensacelam.org\/2021\/08\/14\/vida-religiosa-dedica-minuto-de-silencio-por-haiti-en-su-congreso-virtual-tras-terremoto-de-7-2\/\" target=\"_blank\" rel=\"noopener\">Prensa CELAM<\/a><\/b><br \/>\n<span class=\"texto_fecha\"><em>Bogot\u00e1, 14-08-2021<\/em><\/span><\/p>\n","protected":false},"excerpt":{"rendered":"<p>La Confederaci\u00f3n Latinoamericana y Caribe\u00f1a de Religiosos (CLAR) ha dedicado su espacio de oraci\u00f3n y un minuto de silencio a los hermanos de Hait\u00ed durante la apertura del segundo d\u00eda de su congreso virtual la ma\u00f1ana de este s\u00e1bado,14 de agosto, tras registrarse en este pa\u00eds un terremoto de 7.2 grados. La Hermana Daniela Cannavina, [&hellip;]<\/p>\n","protected":false},"author":1,"featured_media":13535,"comment_status":"closed","ping_status":"closed","sticky":false,"template":"","format":"standard","meta":{"h5ap_radio_sources":[],"footnotes":""},"categories":[309,338,65],"tags":[340,339],"class_list":["post-13534","post","type-post","status-publish","format-standard","has-post-thumbnail","hentry","category-309","category-celam","category-mensaje","tag-haiti","tag-terremoto"],"_links":{"self":[{"href":"https:\/\/obispadodelinares.cl\/ol\/index.php?rest_route=\/wp\/v2\/posts\/13534","targetHints":{"allow":["GET"]}}],"collection":[{"href":"https:\/\/obispadodelinares.cl\/ol\/index.php?rest_route=\/wp\/v2\/posts"}],"about":[{"href":"https:\/\/obispadodelinares.cl\/ol\/index.php?rest_route=\/wp\/v2\/types\/post"}],"author":[{"embeddable":true,"href":"https:\/\/obispadodelinares.cl\/ol\/index.php?rest_route=\/wp\/v2\/users\/1"}],"replies":[{"embeddable":true,"href":"https:\/\/obispadodelinares.cl\/ol\/index.php?rest_route=%2Fwp%2Fv2%2Fcomments&post=13534"}],"version-history":[{"count":0,"href":"https:\/\/obispadodelinares.cl\/ol\/index.php?rest_route=\/wp\/v2\/posts\/13534\/revisions"}],"wp:featuredmedia":[{"embeddable":true,"href":"https:\/\/obispadodelinares.cl\/ol\/index.php?rest_route=\/wp\/v2\/media\/13535"}],"wp:attachment":[{"href":"https:\/\/obispadodelinares.cl\/ol\/index.php?rest_route=%2Fwp%2Fv2%2Fmedia&parent=13534"}],"wp:term":[{"taxonomy":"category","embeddable":true,"href":"https:\/\/obispadodelinares.cl\/ol\/index.php?rest_route=%2Fwp%2Fv2%2Fcategories&post=13534"},{"taxonomy":"post_tag","embeddable":true,"href":"https:\/\/obispadodelinares.cl\/ol\/index.php?rest_route=%2Fwp%2Fv2%2Ftags&post=13534"}],"curies":[{"name":"wp","href":"https:\/\/api.w.org\/{rel}","templated":true}]}}