{"id":13390,"date":"2021-07-19T15:34:01","date_gmt":"2021-07-19T15:34:01","guid":{"rendered":"http:\/\/obispadodelinares.cl\/ol\/?p=13390"},"modified":"2021-07-20T15:45:19","modified_gmt":"2021-07-20T15:45:19","slug":"mas-vida-para-tus-anos","status":"publish","type":"post","link":"https:\/\/obispadodelinares.cl\/ol\/?p=13390","title":{"rendered":"M\u00e1s vida para tus a\u00f1os"},"content":{"rendered":"<p>Con una Eucarist\u00eda en la Iglesia Catedral de Linares, la Uni\u00f3n Comunal de Adultos Mayores, \u201cm\u00e1s vida para tus a\u00f1os\u201d, celebr\u00f3 su 23\u00b0 Aniversario. En esta hermosa celebraci\u00f3n participaron sus dirigentes encabezados por Don Miguel Ugas y representantes de la Pastoral del Adulto Mayor de Caritas.<br \/>\nEn su homil\u00eda Monse\u00f1or Koljatic, destac\u00f3 el llamado del Papa Francisco a vivir la primera jornada mundial de los Abuelos y personas mayores, a realizarse el 25 de julio en Roma.<br \/>\nLa Uni\u00f3n Comunal, agradeci\u00f3 a las Autoridades comunales y regionales, por acompa\u00f1arles en este importante aniversario.<br \/>\nEn esta significativa oportunidad las agrupaciones de Adultos Mayores de Uni\u00f3n Comunal de Adultos Mayores y Pastoral de Adultos Mayores, firmaron un acuerdo de cooperaci\u00f3n para ir en ayuda de los miembros asociados m\u00e1s vulnerables. Esta ayuda ser\u00e1 canalizada a trav\u00e9s de los dirigentes de cada club, procurando llegar siempre a los m\u00e1s vulnerables.<\/p>\n\n\t\t<style type=\"text\/css\">\n\t\t\t#gallery-1 {\n\t\t\t\tmargin: auto;\n\t\t\t}\n\t\t\t#gallery-1 .gallery-item {\n\t\t\t\tfloat: left;\n\t\t\t\tmargin-top: 10px;\n\t\t\t\ttext-align: center;\n\t\t\t\twidth: 50%;\n\t\t\t}\n\t\t\t#gallery-1 img {\n\t\t\t\tborder: 2px solid #cfcfcf;\n\t\t\t}\n\t\t\t#gallery-1 .gallery-caption {\n\t\t\t\tmargin-left: 0;\n\t\t\t}\n\t\t\t\/* see gallery_shortcode() in wp-includes\/media.php *\/\n\t\t<\/style>\n\t\t<div id='gallery-1' class='gallery galleryid-13390 gallery-columns-2 gallery-size-medium'><dl class='gallery-item'>\n\t\t\t<dt class='gallery-icon landscape'>\n\t\t\t\t<a href='https:\/\/obispadodelinares.cl\/ol\/?attachment_id=13394'><img fetchpriority=\"high\" decoding=\"async\" width=\"300\" height=\"200\" src=\"https:\/\/obispadodelinares.cl\/ol\/wp-content\/uploads\/2021\/07\/5-300x200.jpg\" class=\"attachment-medium size-medium\" alt=\"\" srcset=\"https:\/\/obispadodelinares.cl\/ol\/wp-content\/uploads\/2021\/07\/5-300x200.jpg 300w, https:\/\/obispadodelinares.cl\/ol\/wp-content\/uploads\/2021\/07\/5-1024x682.jpg 1024w, https:\/\/obispadodelinares.cl\/ol\/wp-content\/uploads\/2021\/07\/5-768x512.jpg 768w, https:\/\/obispadodelinares.cl\/ol\/wp-content\/uploads\/2021\/07\/5.jpg 1280w\" sizes=\"(max-width: 300px) 100vw, 300px\" \/><\/a>\n\t\t\t<\/dt><\/dl><dl class='gallery-item'>\n\t\t\t<dt class='gallery-icon landscape'>\n\t\t\t\t<a href='https:\/\/obispadodelinares.cl\/ol\/?attachment_id=13393'><img decoding=\"async\" width=\"300\" height=\"200\" data-src=\"https:\/\/obispadodelinares.cl\/ol\/wp-content\/uploads\/2021\/07\/3-300x200.jpg\" class=\"attachment-medium size-medium lazyload\" alt=\"\" data-srcset=\"https:\/\/obispadodelinares.cl\/ol\/wp-content\/uploads\/2021\/07\/3-300x200.jpg 300w, https:\/\/obispadodelinares.cl\/ol\/wp-content\/uploads\/2021\/07\/3-1024x682.jpg 1024w, https:\/\/obispadodelinares.cl\/ol\/wp-content\/uploads\/2021\/07\/3-768x512.jpg 768w, https:\/\/obispadodelinares.cl\/ol\/wp-content\/uploads\/2021\/07\/3.jpg 1280w\" data-sizes=\"(max-width: 300px) 100vw, 300px\" src=\"data:image\/svg+xml;base64,PHN2ZyB3aWR0aD0iMSIgaGVpZ2h0PSIxIiB4bWxucz0iaHR0cDovL3d3dy53My5vcmcvMjAwMC9zdmciPjwvc3ZnPg==\" style=\"--smush-placeholder-width: 300px; --smush-placeholder-aspect-ratio: 300\/200;\" \/><\/a>\n\t\t\t<\/dt><\/dl><br style=\"clear: both\" \/><dl class='gallery-item'>\n\t\t\t<dt class='gallery-icon landscape'>\n\t\t\t\t<a href='https:\/\/obispadodelinares.cl\/ol\/?attachment_id=13392'><img decoding=\"async\" width=\"300\" height=\"200\" data-src=\"https:\/\/obispadodelinares.cl\/ol\/wp-content\/uploads\/2021\/07\/2-300x200.jpg\" class=\"attachment-medium size-medium lazyload\" alt=\"\" data-srcset=\"https:\/\/obispadodelinares.cl\/ol\/wp-content\/uploads\/2021\/07\/2-300x200.jpg 300w, https:\/\/obispadodelinares.cl\/ol\/wp-content\/uploads\/2021\/07\/2-1024x682.jpg 1024w, https:\/\/obispadodelinares.cl\/ol\/wp-content\/uploads\/2021\/07\/2-768x512.jpg 768w, https:\/\/obispadodelinares.cl\/ol\/wp-content\/uploads\/2021\/07\/2.jpg 1280w\" data-sizes=\"(max-width: 300px) 100vw, 300px\" src=\"data:image\/svg+xml;base64,PHN2ZyB3aWR0aD0iMSIgaGVpZ2h0PSIxIiB4bWxucz0iaHR0cDovL3d3dy53My5vcmcvMjAwMC9zdmciPjwvc3ZnPg==\" style=\"--smush-placeholder-width: 300px; --smush-placeholder-aspect-ratio: 300\/200;\" \/><\/a>\n\t\t\t<\/dt><\/dl><dl class='gallery-item'>\n\t\t\t<dt class='gallery-icon landscape'>\n\t\t\t\t<a href='https:\/\/obispadodelinares.cl\/ol\/?attachment_id=13391'><img decoding=\"async\" width=\"300\" height=\"200\" data-src=\"https:\/\/obispadodelinares.cl\/ol\/wp-content\/uploads\/2021\/07\/1-300x200.jpeg\" class=\"attachment-medium size-medium lazyload\" alt=\"\" data-srcset=\"https:\/\/obispadodelinares.cl\/ol\/wp-content\/uploads\/2021\/07\/1-300x200.jpeg 300w, https:\/\/obispadodelinares.cl\/ol\/wp-content\/uploads\/2021\/07\/1-1024x682.jpeg 1024w, https:\/\/obispadodelinares.cl\/ol\/wp-content\/uploads\/2021\/07\/1-768x512.jpeg 768w, https:\/\/obispadodelinares.cl\/ol\/wp-content\/uploads\/2021\/07\/1.jpeg 1280w\" data-sizes=\"(max-width: 300px) 100vw, 300px\" src=\"data:image\/svg+xml;base64,PHN2ZyB3aWR0aD0iMSIgaGVpZ2h0PSIxIiB4bWxucz0iaHR0cDovL3d3dy53My5vcmcvMjAwMC9zdmciPjwvc3ZnPg==\" style=\"--smush-placeholder-width: 300px; --smush-placeholder-aspect-ratio: 300\/200;\" \/><\/a>\n\t\t\t<\/dt><\/dl><br style=\"clear: both\" \/>\n\t\t<\/div>\n\n<p>&nbsp;<\/p>\n","protected":false},"excerpt":{"rendered":"<p>Con una Eucarist\u00eda en la Iglesia Catedral de Linares, la Uni\u00f3n Comunal de Adultos Mayores, \u201cm\u00e1s vida para tus a\u00f1os\u201d, celebr\u00f3 su 23\u00b0 Aniversario. En esta hermosa celebraci\u00f3n participaron sus dirigentes encabezados por Don Miguel Ugas y representantes de la Pastoral del Adulto Mayor de Caritas. En su homil\u00eda Monse\u00f1or Koljatic, destac\u00f3 el llamado del [&hellip;]<\/p>\n","protected":false},"author":1,"featured_media":13396,"comment_status":"closed","ping_status":"closed","sticky":false,"template":"","format":"standard","meta":{"h5ap_radio_sources":[],"footnotes":""},"categories":[309,57],"tags":[212,52],"class_list":["post-13390","post","type-post","status-publish","format-standard","has-post-thumbnail","hentry","category-309","category-pastoral-social","tag-adulto-mayor","tag-eucaristia"],"_links":{"self":[{"href":"https:\/\/obispadodelinares.cl\/ol\/index.php?rest_route=\/wp\/v2\/posts\/13390","targetHints":{"allow":["GET"]}}],"collection":[{"href":"https:\/\/obispadodelinares.cl\/ol\/index.php?rest_route=\/wp\/v2\/posts"}],"about":[{"href":"https:\/\/obispadodelinares.cl\/ol\/index.php?rest_route=\/wp\/v2\/types\/post"}],"author":[{"embeddable":true,"href":"https:\/\/obispadodelinares.cl\/ol\/index.php?rest_route=\/wp\/v2\/users\/1"}],"replies":[{"embeddable":true,"href":"https:\/\/obispadodelinares.cl\/ol\/index.php?rest_route=%2Fwp%2Fv2%2Fcomments&post=13390"}],"version-history":[{"count":0,"href":"https:\/\/obispadodelinares.cl\/ol\/index.php?rest_route=\/wp\/v2\/posts\/13390\/revisions"}],"wp:featuredmedia":[{"embeddable":true,"href":"https:\/\/obispadodelinares.cl\/ol\/index.php?rest_route=\/wp\/v2\/media\/13396"}],"wp:attachment":[{"href":"https:\/\/obispadodelinares.cl\/ol\/index.php?rest_route=%2Fwp%2Fv2%2Fmedia&parent=13390"}],"wp:term":[{"taxonomy":"category","embeddable":true,"href":"https:\/\/obispadodelinares.cl\/ol\/index.php?rest_route=%2Fwp%2Fv2%2Fcategories&post=13390"},{"taxonomy":"post_tag","embeddable":true,"href":"https:\/\/obispadodelinares.cl\/ol\/index.php?rest_route=%2Fwp%2Fv2%2Ftags&post=13390"}],"curies":[{"name":"wp","href":"https:\/\/api.w.org\/{rel}","templated":true}]}}