{"id":12088,"date":"2020-12-15T23:12:28","date_gmt":"2020-12-15T23:12:28","guid":{"rendered":"http:\/\/obispadodelinares.cl\/ol\/?p=12088"},"modified":"2020-12-15T23:12:33","modified_gmt":"2020-12-15T23:12:33","slug":"jesus-nace-en-el-dolor","status":"publish","type":"post","link":"https:\/\/obispadodelinares.cl\/ol\/?p=12088","title":{"rendered":"Jes\u00fas nace en el dolor"},"content":{"rendered":"\n<p><strong>Parroquia San Alfonso, Cauquenes<\/strong><\/p>\n\n\n\n<p class=\"has-drop-cap has-colibri-color-6-color has-colibri-color-2-background-color has-text-color has-background\"><em>Con particular dedicaci\u00f3n la Comunidad Redentorista con presencia en Cauquenes ha querido simbolizar esta Navidad, preparando un pesebre que rinde homenaje a quienes trabajan en los Hospitales, all\u00ed en la primera l\u00ednea de esta pandemia, donde Jes\u00fas vuelve a nacer cada d\u00eda, aunque sea en tiempos de tanto dolor, all\u00ed con la dedicaci\u00f3n de tantas personas el amor al pr\u00f3jimo se hace vida.<\/em><\/p>\n\n\n\n<p>La Navidad es la celebraci\u00f3n de la Encarnaci\u00f3n del Hijo de Dios en medio nuestro: el Verbo se hizo carne y habit\u00f3 entre nosotros (Jn.1, 18). Este a\u00f1o ha sido un a\u00f1o muy duro para toda la humanidad. Muchos han sufrido problemas econ\u00f3micos por esta pandemia, hemos estado distanciados f\u00edsicamente de nuestros familiares y amigos, muchos han contra\u00eddo el COVID 19, otros han estado sobre exigidos por el amor al pr\u00f3jimo y siguiendo su vocaci\u00f3n en la atenci\u00f3n a los enfermos y muchos est\u00e1n con el coraz\u00f3n destrozado por la p\u00e9rdida de sus seres queridos. Este a\u00f1o, la celebraci\u00f3n de la Navidad tiene un matiz diferente, pues es la navidad de una humanidad herida.&nbsp;<\/p>\n\n\n\n<p>Hoy Jes\u00fas se vuelve a hacer carne y pone su tienda en medio de este tiempo tan dif\u00edcil. Vuelve a nacer y este a\u00f1o lo hace en cada uno de los hospitales del mundo, en el coraz\u00f3n de tantos hombres y mujeres de la salud que han estado en primera l\u00ednea. Jes\u00fas nace en el dolor de tantos hermanos y hermanas que no han podido despedirse de sus seres queridos. Su nacimiento vuelve ser esperanzador para nosotros, pues recordamos, que el Ni\u00f1o que aparece en su ternura en el pesebre, es el Redentor que nos dio vida muriendo en la cruz. Jes\u00fas es para todos, una noticia que nos alegra, incluso en medio del dolor de esta pandemia.&nbsp;<\/p>\n\n\n\n<p>Tal vez, nos cueste mirar la navidad desde el dolor, pero la redenci\u00f3n que se culmin\u00f3 en la cruz, comenz\u00f3 en el pesebre. Ese dolor que hemos vivido este a\u00f1o, est\u00e1 presente en el pesebre y tiene un valor redentor. El Se\u00f1or nace para estar con nosotros y ser fuerza y consuelo en estos tiempos de tanta dificultad. Feliz Navidad!!!&nbsp;<\/p>\n\n\n\n<p><strong>Comunidad Redentorista Cauquenes.<\/strong><\/p>\n\n\n\n<figure class=\"wp-block-gallery columns-3 is-cropped wp-block-gallery-1 is-layout-flex wp-block-gallery-is-layout-flex\"><ul class=\"blocks-gallery-grid\"><li class=\"blocks-gallery-item\"><figure><img fetchpriority=\"high\" decoding=\"async\" width=\"630\" height=\"720\" src=\"https:\/\/obispadodelinares.cl\/ol\/wp-content\/uploads\/2020\/12\/Principal.jpg\" alt=\"\" data-id=\"12093\" data-full-url=\"https:\/\/obispadodelinares.cl\/ol\/wp-content\/uploads\/2020\/12\/Principal.jpg\" data-link=\"https:\/\/obispadodelinares.cl\/ol\/?attachment_id=12093\" class=\"wp-image-12093\" srcset=\"https:\/\/obispadodelinares.cl\/ol\/wp-content\/uploads\/2020\/12\/Principal.jpg 630w, https:\/\/obispadodelinares.cl\/ol\/wp-content\/uploads\/2020\/12\/Principal-263x300.jpg 263w\" sizes=\"(max-width: 630px) 100vw, 630px\" \/><\/figure><\/li><li class=\"blocks-gallery-item\"><figure><img decoding=\"async\" width=\"960\" height=\"720\" data-src=\"https:\/\/obispadodelinares.cl\/ol\/wp-content\/uploads\/2020\/12\/131757968_1003979056769104_8236498730463231348_n.jpg\" alt=\"\" data-id=\"12092\" data-full-url=\"https:\/\/obispadodelinares.cl\/ol\/wp-content\/uploads\/2020\/12\/131757968_1003979056769104_8236498730463231348_n.jpg\" data-link=\"https:\/\/obispadodelinares.cl\/ol\/?attachment_id=12092\" class=\"wp-image-12092 lazyload\" data-srcset=\"https:\/\/obispadodelinares.cl\/ol\/wp-content\/uploads\/2020\/12\/131757968_1003979056769104_8236498730463231348_n.jpg 960w, https:\/\/obispadodelinares.cl\/ol\/wp-content\/uploads\/2020\/12\/131757968_1003979056769104_8236498730463231348_n-300x225.jpg 300w, https:\/\/obispadodelinares.cl\/ol\/wp-content\/uploads\/2020\/12\/131757968_1003979056769104_8236498730463231348_n-768x576.jpg 768w\" data-sizes=\"(max-width: 960px) 100vw, 960px\" src=\"data:image\/svg+xml;base64,PHN2ZyB3aWR0aD0iMSIgaGVpZ2h0PSIxIiB4bWxucz0iaHR0cDovL3d3dy53My5vcmcvMjAwMC9zdmciPjwvc3ZnPg==\" style=\"--smush-placeholder-width: 960px; --smush-placeholder-aspect-ratio: 960\/720;\" \/><\/figure><\/li><li class=\"blocks-gallery-item\"><figure><img decoding=\"async\" width=\"960\" height=\"720\" data-src=\"https:\/\/obispadodelinares.cl\/ol\/wp-content\/uploads\/2020\/12\/131670430_1003979143435762_8631772250823175242_n.jpg\" alt=\"\" data-id=\"12091\" data-full-url=\"https:\/\/obispadodelinares.cl\/ol\/wp-content\/uploads\/2020\/12\/131670430_1003979143435762_8631772250823175242_n.jpg\" data-link=\"https:\/\/obispadodelinares.cl\/ol\/?attachment_id=12091\" class=\"wp-image-12091 lazyload\" data-srcset=\"https:\/\/obispadodelinares.cl\/ol\/wp-content\/uploads\/2020\/12\/131670430_1003979143435762_8631772250823175242_n.jpg 960w, https:\/\/obispadodelinares.cl\/ol\/wp-content\/uploads\/2020\/12\/131670430_1003979143435762_8631772250823175242_n-300x225.jpg 300w, https:\/\/obispadodelinares.cl\/ol\/wp-content\/uploads\/2020\/12\/131670430_1003979143435762_8631772250823175242_n-768x576.jpg 768w\" data-sizes=\"(max-width: 960px) 100vw, 960px\" src=\"data:image\/svg+xml;base64,PHN2ZyB3aWR0aD0iMSIgaGVpZ2h0PSIxIiB4bWxucz0iaHR0cDovL3d3dy53My5vcmcvMjAwMC9zdmciPjwvc3ZnPg==\" style=\"--smush-placeholder-width: 960px; --smush-placeholder-aspect-ratio: 960\/720;\" \/><\/figure><\/li><li class=\"blocks-gallery-item\"><figure><img decoding=\"async\" width=\"720\" height=\"960\" data-src=\"https:\/\/obispadodelinares.cl\/ol\/wp-content\/uploads\/2020\/12\/131444038_1003979173435759_2001538537590999719_n.jpg\" alt=\"\" data-id=\"12090\" data-full-url=\"https:\/\/obispadodelinares.cl\/ol\/wp-content\/uploads\/2020\/12\/131444038_1003979173435759_2001538537590999719_n.jpg\" data-link=\"https:\/\/obispadodelinares.cl\/ol\/?attachment_id=12090\" class=\"wp-image-12090 lazyload\" data-srcset=\"https:\/\/obispadodelinares.cl\/ol\/wp-content\/uploads\/2020\/12\/131444038_1003979173435759_2001538537590999719_n.jpg 720w, https:\/\/obispadodelinares.cl\/ol\/wp-content\/uploads\/2020\/12\/131444038_1003979173435759_2001538537590999719_n-225x300.jpg 225w\" data-sizes=\"(max-width: 720px) 100vw, 720px\" src=\"data:image\/svg+xml;base64,PHN2ZyB3aWR0aD0iMSIgaGVpZ2h0PSIxIiB4bWxucz0iaHR0cDovL3d3dy53My5vcmcvMjAwMC9zdmciPjwvc3ZnPg==\" style=\"--smush-placeholder-width: 720px; --smush-placeholder-aspect-ratio: 720\/960;\" \/><\/figure><\/li><li class=\"blocks-gallery-item\"><figure><img decoding=\"async\" width=\"960\" height=\"720\" data-src=\"https:\/\/obispadodelinares.cl\/ol\/wp-content\/uploads\/2020\/12\/131320065_1003979096769100_7020242636627890243_n.jpg\" alt=\"\" data-id=\"12089\" data-full-url=\"https:\/\/obispadodelinares.cl\/ol\/wp-content\/uploads\/2020\/12\/131320065_1003979096769100_7020242636627890243_n.jpg\" data-link=\"https:\/\/obispadodelinares.cl\/ol\/?attachment_id=12089\" class=\"wp-image-12089 lazyload\" data-srcset=\"https:\/\/obispadodelinares.cl\/ol\/wp-content\/uploads\/2020\/12\/131320065_1003979096769100_7020242636627890243_n.jpg 960w, https:\/\/obispadodelinares.cl\/ol\/wp-content\/uploads\/2020\/12\/131320065_1003979096769100_7020242636627890243_n-300x225.jpg 300w, https:\/\/obispadodelinares.cl\/ol\/wp-content\/uploads\/2020\/12\/131320065_1003979096769100_7020242636627890243_n-768x576.jpg 768w\" data-sizes=\"(max-width: 960px) 100vw, 960px\" src=\"data:image\/svg+xml;base64,PHN2ZyB3aWR0aD0iMSIgaGVpZ2h0PSIxIiB4bWxucz0iaHR0cDovL3d3dy53My5vcmcvMjAwMC9zdmciPjwvc3ZnPg==\" style=\"--smush-placeholder-width: 960px; --smush-placeholder-aspect-ratio: 960\/720;\" \/><\/figure><\/li><\/ul><\/figure>\n\n\n\n<p><\/p>\n","protected":false},"excerpt":{"rendered":"<p>Parroquia San Alfonso, Cauquenes Con particular dedicaci\u00f3n la Comunidad Redentorista con presencia en Cauquenes ha querido simbolizar esta Navidad, preparando un pesebre que rinde homenaje a quienes trabajan en los Hospitales, all\u00ed en la primera l\u00ednea de esta pandemia, donde Jes\u00fas vuelve a nacer cada d\u00eda, aunque sea en tiempos de tanto dolor, all\u00ed con [&hellip;]<\/p>\n","protected":false},"author":1,"featured_media":12091,"comment_status":"closed","ping_status":"closed","sticky":false,"template":"","format":"standard","meta":{"h5ap_radio_sources":[],"footnotes":""},"categories":[274],"tags":[78,196,255],"class_list":["post-12088","post","type-post","status-publish","format-standard","has-post-thumbnail","hentry","category-274","tag-cauquenes","tag-navidad","tag-parroquia-san-alfonso"],"_links":{"self":[{"href":"https:\/\/obispadodelinares.cl\/ol\/index.php?rest_route=\/wp\/v2\/posts\/12088","targetHints":{"allow":["GET"]}}],"collection":[{"href":"https:\/\/obispadodelinares.cl\/ol\/index.php?rest_route=\/wp\/v2\/posts"}],"about":[{"href":"https:\/\/obispadodelinares.cl\/ol\/index.php?rest_route=\/wp\/v2\/types\/post"}],"author":[{"embeddable":true,"href":"https:\/\/obispadodelinares.cl\/ol\/index.php?rest_route=\/wp\/v2\/users\/1"}],"replies":[{"embeddable":true,"href":"https:\/\/obispadodelinares.cl\/ol\/index.php?rest_route=%2Fwp%2Fv2%2Fcomments&post=12088"}],"version-history":[{"count":0,"href":"https:\/\/obispadodelinares.cl\/ol\/index.php?rest_route=\/wp\/v2\/posts\/12088\/revisions"}],"wp:featuredmedia":[{"embeddable":true,"href":"https:\/\/obispadodelinares.cl\/ol\/index.php?rest_route=\/wp\/v2\/media\/12091"}],"wp:attachment":[{"href":"https:\/\/obispadodelinares.cl\/ol\/index.php?rest_route=%2Fwp%2Fv2%2Fmedia&parent=12088"}],"wp:term":[{"taxonomy":"category","embeddable":true,"href":"https:\/\/obispadodelinares.cl\/ol\/index.php?rest_route=%2Fwp%2Fv2%2Fcategories&post=12088"},{"taxonomy":"post_tag","embeddable":true,"href":"https:\/\/obispadodelinares.cl\/ol\/index.php?rest_route=%2Fwp%2Fv2%2Ftags&post=12088"}],"curies":[{"name":"wp","href":"https:\/\/api.w.org\/{rel}","templated":true}]}}