{"id":11963,"date":"2020-12-07T20:08:52","date_gmt":"2020-12-07T20:08:52","guid":{"rendered":"http:\/\/obispadodelinares.cl\/ol\/?p=11963"},"modified":"2020-12-08T02:09:24","modified_gmt":"2020-12-08T02:09:24","slug":"se-suspende-masiva-celebracion-mariana-este-8-de-diciembre-en-san-javier","status":"publish","type":"post","link":"https:\/\/obispadodelinares.cl\/ol\/?p=11963","title":{"rendered":"Se suspende masiva celebraci\u00f3n Mariana, este 8 de diciembre en San Javier"},"content":{"rendered":"\n<p class=\"has-drop-cap\">Debido a la actual crisis sanitaria y teniendo presente el bienestar de las y los miles de devotos que llegan hasta el Cerro Pulluqu\u00e9n de San Javier, cada 8 de diciembre, a rendir honores a la Inmaculada Concepci\u00f3n, es que se ha decidido suspender la masiva celebraci\u00f3n de esta importante fiesta Mariana.\u00a0<br>Por resguardo de todos los feligreses que cada a\u00f1o asisten, queda suspendido el acceso al Cerro Pulluqu\u00e9n. Esta es una medida tomada en consenso con Autoridades locales, personal de las Polic\u00edas y representantes de la Iglesia Cat\u00f3lica.<br>En este particular a\u00f1o, aquejados por esta crisis sanitaria, que nos mantiene en un permanente distanciamiento f\u00edsico, es que invitamos a la comunidad a seguir las celebraciones lit\u00fargicas a trav\u00e9s de las diversas plataformas digitales disponibles.\u00a0<br>Desde el Facebook de la Parroquia San Francisco Javier, se transmitir\u00e1 la Eucarist\u00eda a las 11:00 hrs. Esta ser\u00e1 presidida por Monse\u00f1or Koljatic y el P. Alejandro Quiroz, p\u00e1rroco.<br>Todas las parroquias de la Di\u00f3cesis transmitir\u00e1n desde sus perfiles de Facebook y compartido desde el FanPage de Buena Nueva peri\u00f3dico Diocesano.<\/p>\n\n\n\n<figure class=\"wp-block-gallery columns-2 is-cropped wp-block-gallery-1 is-layout-flex wp-block-gallery-is-layout-flex\"><ul class=\"blocks-gallery-grid\"><li class=\"blocks-gallery-item\"><figure><img fetchpriority=\"high\" decoding=\"async\" width=\"706\" height=\"1024\" src=\"https:\/\/obispadodelinares.cl\/ol\/wp-content\/uploads\/2020\/12\/WhatsApp-Image-2020-12-07-at-13.13.50-706x1024.jpeg\" alt=\"\" data-id=\"11965\" data-full-url=\"https:\/\/obispadodelinares.cl\/ol\/wp-content\/uploads\/2020\/12\/WhatsApp-Image-2020-12-07-at-13.13.50.jpeg\" data-link=\"https:\/\/obispadodelinares.cl\/ol\/?attachment_id=11965\" class=\"wp-image-11965\" srcset=\"https:\/\/obispadodelinares.cl\/ol\/wp-content\/uploads\/2020\/12\/WhatsApp-Image-2020-12-07-at-13.13.50-706x1024.jpeg 706w, https:\/\/obispadodelinares.cl\/ol\/wp-content\/uploads\/2020\/12\/WhatsApp-Image-2020-12-07-at-13.13.50-207x300.jpeg 207w, https:\/\/obispadodelinares.cl\/ol\/wp-content\/uploads\/2020\/12\/WhatsApp-Image-2020-12-07-at-13.13.50-768x1113.jpeg 768w, https:\/\/obispadodelinares.cl\/ol\/wp-content\/uploads\/2020\/12\/WhatsApp-Image-2020-12-07-at-13.13.50.jpeg 883w\" sizes=\"(max-width: 706px) 100vw, 706px\" \/><\/figure><\/li><li class=\"blocks-gallery-item\"><figure><img decoding=\"async\" width=\"713\" height=\"1024\" data-src=\"https:\/\/obispadodelinares.cl\/ol\/wp-content\/uploads\/2020\/12\/WhatsApp-Image-2020-12-07-at-13.14.18-713x1024.jpeg\" alt=\"\" data-id=\"11964\" data-full-url=\"https:\/\/obispadodelinares.cl\/ol\/wp-content\/uploads\/2020\/12\/WhatsApp-Image-2020-12-07-at-13.14.18.jpeg\" data-link=\"https:\/\/obispadodelinares.cl\/ol\/?attachment_id=11964\" class=\"wp-image-11964 lazyload\" data-srcset=\"https:\/\/obispadodelinares.cl\/ol\/wp-content\/uploads\/2020\/12\/WhatsApp-Image-2020-12-07-at-13.14.18-713x1024.jpeg 713w, https:\/\/obispadodelinares.cl\/ol\/wp-content\/uploads\/2020\/12\/WhatsApp-Image-2020-12-07-at-13.14.18-209x300.jpeg 209w, https:\/\/obispadodelinares.cl\/ol\/wp-content\/uploads\/2020\/12\/WhatsApp-Image-2020-12-07-at-13.14.18-768x1103.jpeg 768w, https:\/\/obispadodelinares.cl\/ol\/wp-content\/uploads\/2020\/12\/WhatsApp-Image-2020-12-07-at-13.14.18.jpeg 891w\" data-sizes=\"(max-width: 713px) 100vw, 713px\" src=\"data:image\/svg+xml;base64,PHN2ZyB3aWR0aD0iMSIgaGVpZ2h0PSIxIiB4bWxucz0iaHR0cDovL3d3dy53My5vcmcvMjAwMC9zdmciPjwvc3ZnPg==\" style=\"--smush-placeholder-width: 713px; --smush-placeholder-aspect-ratio: 713\/1024;\" \/><\/figure><\/li><\/ul><\/figure>\n","protected":false},"excerpt":{"rendered":"<p>Debido a la actual crisis sanitaria y teniendo presente el bienestar de las y los miles de devotos que llegan hasta el Cerro Pulluqu\u00e9n de San Javier, cada 8 de diciembre, a rendir honores a la Inmaculada Concepci\u00f3n, es que se ha decidido suspender la masiva celebraci\u00f3n de esta importante fiesta Mariana.\u00a0Por resguardo de todos [&hellip;]<\/p>\n","protected":false},"author":1,"featured_media":11964,"comment_status":"closed","ping_status":"closed","sticky":false,"template":"","format":"standard","meta":{"h5ap_radio_sources":[],"footnotes":""},"categories":[274,291,74],"tags":[308,100],"class_list":["post-11963","post","type-post","status-publish","format-standard","has-post-thumbnail","hentry","category-274","category-diocesana","category-fiesta-religiosa","tag-cerro-pulluquen","tag-san-javier"],"_links":{"self":[{"href":"https:\/\/obispadodelinares.cl\/ol\/index.php?rest_route=\/wp\/v2\/posts\/11963","targetHints":{"allow":["GET"]}}],"collection":[{"href":"https:\/\/obispadodelinares.cl\/ol\/index.php?rest_route=\/wp\/v2\/posts"}],"about":[{"href":"https:\/\/obispadodelinares.cl\/ol\/index.php?rest_route=\/wp\/v2\/types\/post"}],"author":[{"embeddable":true,"href":"https:\/\/obispadodelinares.cl\/ol\/index.php?rest_route=\/wp\/v2\/users\/1"}],"replies":[{"embeddable":true,"href":"https:\/\/obispadodelinares.cl\/ol\/index.php?rest_route=%2Fwp%2Fv2%2Fcomments&post=11963"}],"version-history":[{"count":0,"href":"https:\/\/obispadodelinares.cl\/ol\/index.php?rest_route=\/wp\/v2\/posts\/11963\/revisions"}],"wp:featuredmedia":[{"embeddable":true,"href":"https:\/\/obispadodelinares.cl\/ol\/index.php?rest_route=\/wp\/v2\/media\/11964"}],"wp:attachment":[{"href":"https:\/\/obispadodelinares.cl\/ol\/index.php?rest_route=%2Fwp%2Fv2%2Fmedia&parent=11963"}],"wp:term":[{"taxonomy":"category","embeddable":true,"href":"https:\/\/obispadodelinares.cl\/ol\/index.php?rest_route=%2Fwp%2Fv2%2Fcategories&post=11963"},{"taxonomy":"post_tag","embeddable":true,"href":"https:\/\/obispadodelinares.cl\/ol\/index.php?rest_route=%2Fwp%2Fv2%2Ftags&post=11963"}],"curies":[{"name":"wp","href":"https:\/\/api.w.org\/{rel}","templated":true}]}}