{"id":1185,"date":"2012-12-03T04:52:34","date_gmt":"2012-12-03T04:52:34","guid":{"rendered":"http:\/\/obispadodelinares.cl\/ol\/?p=1185"},"modified":"2018-01-30T04:55:53","modified_gmt":"2018-01-30T04:55:53","slug":"radio-buena-nueva-celebra-21-anos-al-aire","status":"publish","type":"post","link":"https:\/\/obispadodelinares.cl\/ol\/?p=1185","title":{"rendered":"Radio Buena Nueva celebra 21 a\u00f1os al aire"},"content":{"rendered":"\t\t<div data-elementor-type=\"wp-post\" data-elementor-id=\"1185\" class=\"elementor elementor-1185 elementor-bc-flex-widget\">\n\t\t\t\t\t\t<section class=\"elementor-section elementor-top-section elementor-element elementor-element-3efcd44f elementor-section-boxed elementor-section-height-default elementor-section-height-default\" data-id=\"3efcd44f\" data-element_type=\"section\" data-e-type=\"section\">\n\t\t\t\t\t\t<div class=\"elementor-container elementor-column-gap-default\">\n\t\t\t\t\t<div class=\"elementor-column elementor-col-100 elementor-top-column elementor-element elementor-element-373e4f1e\" data-id=\"373e4f1e\" data-element_type=\"column\" data-e-type=\"column\">\n\t\t\t<div class=\"elementor-widget-wrap elementor-element-populated\">\n\t\t\t\t\t\t<div class=\"elementor-element elementor-element-6a7be077 elementor-widget elementor-widget-text-editor\" data-id=\"6a7be077\" data-element_type=\"widget\" data-e-type=\"widget\" data-widget_type=\"text-editor.default\">\n\t\t\t\t<div class=\"elementor-widget-container\">\n\t\t\t\t\t\t\t\t\tEste, 3 de diciembre, Radio BUENA NUEVA de Linares, celebra 21 a\u00f1os al aire, nuestro reconocimiento, saludos y cari\u00f1o al personal que all\u00ed labora, (Susana S\u00e1ez, Jaime Gonz\u00e1lez, Natacha Medina, Gerardo Dom\u00ednguez, Luis Figueroa, C\u00e9sar Hormazabal, Francisco Ortega, Freddy Mora, Juan Norambuena, Christian Sep\u00falveda, Justo Valenzuela, Margarita Venegas, Dario Palma, H\u00e9ctor Leiva) como tambi\u00e9n a sus fieles auditores, quienes desde hace tiempo ya disfrutan tambi\u00e9n de su se\u00f1al online\u2026\r\n\r\n<hr \/>\r\n\r\n<span class=\"\">Breve rese\u00f1a:\r\nRadio Buena Nueva FM 107.9 de la ciudad de Linares fue inaugurada el 3 de diciembre de 1991 por el ex Presidente de la Rep\u00fablica, Patricio Aylwin Azocar. Sus primeros estudios se ubicaron en calle Valent\u00edn Letelier N\u00ba 549 en el coraz\u00f3n de la Villa de San Ambrosio y de la Regi\u00f3n del Maule.<\/span>\r\n\r\nLa emisora naci\u00f3 tras una sentida aspiraci\u00f3n del Obispo de la Di\u00f3cesis de Linares, en este entonces Monse\u00f1or Carlos Camus Larenas, por potenciar el concepto comunicacional de las tres \u201cE\u201d: Evangelizar, Entretener y Educar. Su nombre \u201cBuena Nueva\u201d es una prolongaci\u00f3n del Peri\u00f3dico Diocesano que circula hace m\u00e1s de 35 a\u00f1os en la di\u00f3cesis, vale decir, la provincia de Linares y Cauquenes, adem\u00e1s de la zona de Constituci\u00f3n.\r\n\r\nRol importante cumpli\u00f3 en la puesta al aire de la radioemisora el sacerdote Luis L\u00f3pez Ruiz, en ese entonces Vicario General.\r\nBuena Nueva, gracias a su variada programaci\u00f3n que tuvo como eje central la informaci\u00f3n inmediata, oportuna, objetiva y veraz, de inmediato se gan\u00f3 un sitial en el coraz\u00f3n de la ciudadan\u00eda. Siendo su primera directora de Radio Buena Nueva de Linares fue la reconocida y extinta periodista Rosa Mar\u00eda Echenique Q.E.P.D.\r\n\r\nDe la oscuridad a la luz:\r\nEl mes de noviembre del a\u00f1o 1992 marc\u00f3 un d\u00eda de angustia y dolor ya que un incendio afect\u00f3 los estudios de la Radio y dej\u00f3 en cenizas todo el esfuerzo que hab\u00eda significado la construcci\u00f3n de sus modernos estudios. Pese a este incidente, la Radio sigui\u00f3 ya que, el cari\u00f1o de los auditores, el aporte de emisoras amigas y el \u00edmpetu del nuevo Gerente Guillermo Ortega Jord\u00e1n, permitieron que la se\u00f1al volviera nuevamente al aire y se reiniciar\u00e1 la construcci\u00f3n de los nuevos estudios.\r\n\r\nAnidando en el coraz\u00f3n de los linarenses, sus programas son parte de la historia de esta ciudad y tienen un sello propio en la radiofon\u00eda local. A lo anterior hay que sumar las transmisiones de car\u00e1cter pol\u00edtica que han marcado los m\u00e1s altos niveles de sinton\u00eda.\r\n\r\nLa hermana menor:\r\nEl 16 de Mayo de 1996, otro d\u00eda muy importante para Radio Buena Nueva, ya que el Obispado de Linares decide potenciar su rol evangelizador en la zona costera de la provincia de Cauquenes. De esta forma se hacen las gestiones y se inaugura Radio Buena Nueva de Chanco, en el dial 106.3 de la Frecuencia Modulada.\r\nLos estudios de la emisora se ubican en la v\u00eda principal de esa comuna, la calle Abd\u00f3n Fuentealba N\u00ba 715 al costado de la Parroquia San Ambrosio y del Santuario de Nuestra Se\u00f1ora de la Candelaria.\r\n\r\nEn esta apartada localidad, la radio ha permitido una interacci\u00f3n constante con la comunidad y su rol de servicio social es ampliamente reconocido, valorado y agradecido por los chanquinos. En concreto Buena Nueva de Chanco es la hermana menor de la Buena Nueva de Linares.\r\n\r\nA\u00f1o 2006, Se asume la Administraci\u00f3n de Radio El Nevado de Longav\u00ed, el cual cuenta con programaci\u00f3n comercial medio d\u00eda , a la vez media jornada conectados con Radio Mar\u00eda de Santiago, desarrollando una labor importante en la Comuna de Longav\u00ed, de servicio a la Comunidad y Pastoral, 103.5 FM.\r\n\r\nLa segunda casa:\r\nEl a\u00f1o 2000 marca una nueva etapa en la vida de Radio Buena Nueva. Sus estudios son habilitados en el tercer piso del edificio \u201cHumberto Meza Rojas\u201d de calle Freire N\u00ba 452. La emisora cuenta con el activo apoyo del Obispo Diocesano, Monse\u00f1or Tomislav Koljatic Maroevic, quien ha jugado un rol clave en su desarrollo y modernizaci\u00f3n, apoyando el estilo informativo, cultural, musical y evangelizador de Radio Buena Nueva de la ciudad de Linares.\t\t\t\t\t\t\t\t<\/div>\n\t\t\t\t<\/div>\n\t\t\t\t<div class=\"elementor-element elementor-element-a9c2e7d elementor-button-success elementor-align-center elementor-widget elementor-widget-button\" data-id=\"a9c2e7d\" data-element_type=\"widget\" data-e-type=\"widget\" data-widget_type=\"button.default\">\n\t\t\t\t<div class=\"elementor-widget-container\">\n\t\t\t\t\t\t\t\t\t<div class=\"elementor-button-wrapper\">\n\t\t\t\t\t<a class=\"elementor-button elementor-button-link elementor-size-md\" href=\"http:\/\/galerias.iglesia.cl\/galeria.php?url=Gale_50be383547826\">\n\t\t\t\t\t\t<span class=\"elementor-button-content-wrapper\">\n\t\t\t\t\t\t<span class=\"elementor-button-icon\">\n\t\t\t\t\t\t\t\t\t<i class=\"fa fa-photo\" aria-hidden=\"true\"><\/i>\n\t\t\t\t\t\t\t<\/span>\n\t\t\t\t\t\t\t\t\t<span class=\"elementor-button-text\">Ver m\u00e1s Fotograf\u00edas<\/span>\n\t\t\t\t\t<\/span>\n\t\t\t\t\t<\/a>\n\t\t\t\t<\/div>\n\t\t\t\t\t\t\t\t<\/div>\n\t\t\t\t<\/div>\n\t\t\t\t\t<\/div>\n\t\t<\/div>\n\t\t\t\t\t<\/div>\n\t\t<\/section>\n\t\t\t\t<\/div>\n\t\t","protected":false},"excerpt":{"rendered":"<p>Este, 3 de diciembre, Radio BUENA NUEVA de Linares, celebra 21 a\u00f1os al aire, nuestro reconocimiento, saludos y cari\u00f1o al personal que all\u00ed labora, (Susana S\u00e1ez, Jaime Gonz\u00e1lez, Natacha Medina, Gerardo Dom\u00ednguez, Luis Figueroa, C\u00e9sar Hormazabal, Francisco Ortega, Freddy Mora, Juan Norambuena, Christian Sep\u00falveda, Justo Valenzuela, Margarita Venegas, Dario Palma, H\u00e9ctor Leiva) como tambi\u00e9n a [&hellip;]<\/p>\n","protected":false},"author":1,"featured_media":1187,"comment_status":"open","ping_status":"open","sticky":false,"template":"","format":"standard","meta":{"h5ap_radio_sources":[],"footnotes":""},"categories":[106,69],"tags":[72],"class_list":["post-1185","post","type-post","status-publish","format-standard","has-post-thumbnail","hentry","category-106","category-aniversario","tag-radio-buena-nueva"],"_links":{"self":[{"href":"https:\/\/obispadodelinares.cl\/ol\/index.php?rest_route=\/wp\/v2\/posts\/1185","targetHints":{"allow":["GET"]}}],"collection":[{"href":"https:\/\/obispadodelinares.cl\/ol\/index.php?rest_route=\/wp\/v2\/posts"}],"about":[{"href":"https:\/\/obispadodelinares.cl\/ol\/index.php?rest_route=\/wp\/v2\/types\/post"}],"author":[{"embeddable":true,"href":"https:\/\/obispadodelinares.cl\/ol\/index.php?rest_route=\/wp\/v2\/users\/1"}],"replies":[{"embeddable":true,"href":"https:\/\/obispadodelinares.cl\/ol\/index.php?rest_route=%2Fwp%2Fv2%2Fcomments&post=1185"}],"version-history":[{"count":0,"href":"https:\/\/obispadodelinares.cl\/ol\/index.php?rest_route=\/wp\/v2\/posts\/1185\/revisions"}],"wp:featuredmedia":[{"embeddable":true,"href":"https:\/\/obispadodelinares.cl\/ol\/index.php?rest_route=\/wp\/v2\/media\/1187"}],"wp:attachment":[{"href":"https:\/\/obispadodelinares.cl\/ol\/index.php?rest_route=%2Fwp%2Fv2%2Fmedia&parent=1185"}],"wp:term":[{"taxonomy":"category","embeddable":true,"href":"https:\/\/obispadodelinares.cl\/ol\/index.php?rest_route=%2Fwp%2Fv2%2Fcategories&post=1185"},{"taxonomy":"post_tag","embeddable":true,"href":"https:\/\/obispadodelinares.cl\/ol\/index.php?rest_route=%2Fwp%2Fv2%2Ftags&post=1185"}],"curies":[{"name":"wp","href":"https:\/\/api.w.org\/{rel}","templated":true}]}}