{"id":11464,"date":"2020-11-20T16:43:38","date_gmt":"2020-11-20T16:43:38","guid":{"rendered":"http:\/\/obispadodelinares.cl\/ol\/?p=11464"},"modified":"2020-11-20T16:43:42","modified_gmt":"2020-11-20T16:43:42","slug":"parroquia-san-francisco-de-asis-parral","status":"publish","type":"post","link":"https:\/\/obispadodelinares.cl\/ol\/?p=11464","title":{"rendered":"Parroquia San Francisco de As\u00eds, Parral"},"content":{"rendered":"\n<p class=\"has-drop-cap\">Querida comunidad, dado el actual escenario sanitario de la comuna de Parral y siguiendo las indicaciones del protocolo del plan paso a paso, se informa a la comunidad los cambios en las eucarist\u00edas.&nbsp;<\/p>\n\n\n\n<ul class=\"wp-block-list\"><li>Se suspenden las Eucarist\u00edas presenciales de los fines de semana en toda la Parroquia, zona urbana y rural<\/li><\/ul>\n\n\n\n<ul class=\"wp-block-list\"><li>Se mantienen las Eucarist\u00edas de martes a viernes, con acceso restringido, con un aforo m\u00e1ximo de 10 personas.<\/li><\/ul>\n\n\n\n<ul class=\"wp-block-list\"><li>La Eucarist\u00eda del d\u00eda domingo ser\u00e1 trasmitida por las plataformas de Radio Pablo Neruda y el Facebook parroquial.<\/li><\/ul>\n\n\n\n<p>Es primordial el llamado al autocuidado, es necesario que todos colaboremos y nos cuidemos. Por su bien y el nuestro #Qu\u00e9dateEnCasa.<\/p>\n\n\n\n<p><strong>P. Claudio Salgado Leal<\/strong><\/p>\n\n\n\n<p><strong>P\u00e1rroco<\/strong><\/p>\n","protected":false},"excerpt":{"rendered":"<p>Querida comunidad, dado el actual escenario sanitario de la comuna de Parral y siguiendo las indicaciones del protocolo del plan paso a paso, se informa a la comunidad los cambios en las eucarist\u00edas.&nbsp; Se suspenden las Eucarist\u00edas presenciales de los fines de semana en toda la Parroquia, zona urbana y rural Se mantienen las Eucarist\u00edas [&hellip;]<\/p>\n","protected":false},"author":1,"featured_media":11008,"comment_status":"closed","ping_status":"closed","sticky":false,"template":"","format":"standard","meta":{"h5ap_radio_sources":[],"footnotes":""},"categories":[274],"tags":[63,270],"class_list":["post-11464","post","type-post","status-publish","format-standard","has-post-thumbnail","hentry","category-274","tag-parral","tag-parroquia-san-francisco-de-asis"],"_links":{"self":[{"href":"https:\/\/obispadodelinares.cl\/ol\/index.php?rest_route=\/wp\/v2\/posts\/11464","targetHints":{"allow":["GET"]}}],"collection":[{"href":"https:\/\/obispadodelinares.cl\/ol\/index.php?rest_route=\/wp\/v2\/posts"}],"about":[{"href":"https:\/\/obispadodelinares.cl\/ol\/index.php?rest_route=\/wp\/v2\/types\/post"}],"author":[{"embeddable":true,"href":"https:\/\/obispadodelinares.cl\/ol\/index.php?rest_route=\/wp\/v2\/users\/1"}],"replies":[{"embeddable":true,"href":"https:\/\/obispadodelinares.cl\/ol\/index.php?rest_route=%2Fwp%2Fv2%2Fcomments&post=11464"}],"version-history":[{"count":0,"href":"https:\/\/obispadodelinares.cl\/ol\/index.php?rest_route=\/wp\/v2\/posts\/11464\/revisions"}],"wp:featuredmedia":[{"embeddable":true,"href":"https:\/\/obispadodelinares.cl\/ol\/index.php?rest_route=\/wp\/v2\/media\/11008"}],"wp:attachment":[{"href":"https:\/\/obispadodelinares.cl\/ol\/index.php?rest_route=%2Fwp%2Fv2%2Fmedia&parent=11464"}],"wp:term":[{"taxonomy":"category","embeddable":true,"href":"https:\/\/obispadodelinares.cl\/ol\/index.php?rest_route=%2Fwp%2Fv2%2Fcategories&post=11464"},{"taxonomy":"post_tag","embeddable":true,"href":"https:\/\/obispadodelinares.cl\/ol\/index.php?rest_route=%2Fwp%2Fv2%2Ftags&post=11464"}],"curies":[{"name":"wp","href":"https:\/\/api.w.org\/{rel}","templated":true}]}}