{"id":11380,"date":"2020-11-19T13:05:28","date_gmt":"2020-11-19T13:05:28","guid":{"rendered":"http:\/\/obispadodelinares.cl\/ol\/?p=11380"},"modified":"2020-11-19T13:11:44","modified_gmt":"2020-11-19T13:11:44","slug":"ampliacion-del-hogar-de-ancianos-san-camino-sera-una-hermosa-realidad","status":"publish","type":"post","link":"https:\/\/obispadodelinares.cl\/ol\/?p=11380","title":{"rendered":"Ampliaci\u00f3n del Hogar de Ancianos San Camilo, ser\u00e1 una hermosa realidad."},"content":{"rendered":"\n<p class=\"has-drop-cap\">Consejo Regional del Maule aprueba la reposici\u00f3n y ampliaci\u00f3n de Hogar \u00abSan Camilo\u00bb de Linares, se trata de una inversi\u00f3n de 3 mil 670 millones 738 pesos en directo beneficio de los Adultos Mayores atendidos en este Hogar larga estad\u00eda en Linares.<\/p>\n\n\n\n<p>El Intendente del Maule, Juan Eduardo Prieto hizo llegar al Consejo Regional, para su an\u00e1lisis y aprobaci\u00f3n, la iniciativa de inversi\u00f3n FNDR denominada \u201cReposici\u00f3n y ampliaci\u00f3n Hogar de Ancianos San Camilo\u201d por un monto total de M$3.670.738 para su etapa de ejecuci\u00f3n, correspondiente al proceso presupuestario a\u00f1o 2020.<\/p>\n\n\n\n<p>En el lugar, el Intendente Juan Eduardo Prieto, Presidente del CORE, Rafael Ram\u00edrez; la Gobernadora Mar\u00eda Claudia Jorquera; Monse\u00f1or Tomislav Koljatic Obispo de Linares; el Alcalde Mario Meza; Coordinadora Regional de  SENAMA, Patricia Labra; entre otras autoridades, la directora del recinto, Sor Herminia Huaman, junto al Consejo Directivo de la residencia, amigas y amigos del hogar, los funcionarios y los propios usuarios, conocieron detalles del proyecto que permitir\u00e1 ampliar de 49 a 92 atenciones (46 hombres y 46 mujeres).<\/p>\n\n\n\n<div class=\"wp-block-jetpack-tiled-gallery aligncenter is-style-rectangular\"><div class=\"tiled-gallery__gallery\"><div class=\"tiled-gallery__row\"><div class=\"tiled-gallery__col\" style=\"flex-basis:66.84272300469483%\"><figure class=\"tiled-gallery__item\"><img decoding=\"async\" alt=\"\" data-height=\"640\" data-id=\"11382\" data-link=\"https:\/\/obispadodelinares.cl\/ol\/?attachment_id=11382\" data-url=\"https:\/\/obispadodelinares.cl\/ol\/wp-content\/uploads\/2020\/11\/WhatsApp-Image-2020-11-19-at-09.57.06.jpeg\" data-width=\"960\" data-src=\"https:\/\/i0.wp.com\/obispadodelinares.cl\/ol\/wp-content\/uploads\/2020\/11\/WhatsApp-Image-2020-11-19-at-09.57.06.jpeg\" layout=\"responsive\" src=\"data:image\/svg+xml;base64,PHN2ZyB3aWR0aD0iMSIgaGVpZ2h0PSIxIiB4bWxucz0iaHR0cDovL3d3dy53My5vcmcvMjAwMC9zdmciPjwvc3ZnPg==\" class=\"lazyload\" \/><\/figure><\/div><div class=\"tiled-gallery__col\" style=\"flex-basis:33.15727699530516%\"><figure class=\"tiled-gallery__item\"><img decoding=\"async\" alt=\"\" data-height=\"640\" data-id=\"11383\" data-link=\"https:\/\/obispadodelinares.cl\/ol\/?attachment_id=11383\" data-url=\"https:\/\/obispadodelinares.cl\/ol\/wp-content\/uploads\/2020\/11\/WhatsApp-Image-2020-11-19-at-09.57.15.jpeg\" data-width=\"960\" data-src=\"https:\/\/i1.wp.com\/obispadodelinares.cl\/ol\/wp-content\/uploads\/2020\/11\/WhatsApp-Image-2020-11-19-at-09.57.15.jpeg\" layout=\"responsive\" src=\"data:image\/svg+xml;base64,PHN2ZyB3aWR0aD0iMSIgaGVpZ2h0PSIxIiB4bWxucz0iaHR0cDovL3d3dy53My5vcmcvMjAwMC9zdmciPjwvc3ZnPg==\" class=\"lazyload\" \/><\/figure><figure class=\"tiled-gallery__item\"><img decoding=\"async\" alt=\"\" data-height=\"720\" data-id=\"11384\" data-link=\"https:\/\/obispadodelinares.cl\/ol\/?attachment_id=11384\" data-url=\"https:\/\/obispadodelinares.cl\/ol\/wp-content\/uploads\/2020\/11\/WhatsApp-Image-2020-11-19-at-09.57.50-1.jpeg\" data-width=\"1080\" data-src=\"https:\/\/i1.wp.com\/obispadodelinares.cl\/ol\/wp-content\/uploads\/2020\/11\/WhatsApp-Image-2020-11-19-at-09.57.50-1.jpeg\" layout=\"responsive\" src=\"data:image\/svg+xml;base64,PHN2ZyB3aWR0aD0iMSIgaGVpZ2h0PSIxIiB4bWxucz0iaHR0cDovL3d3dy53My5vcmcvMjAwMC9zdmciPjwvc3ZnPg==\" class=\"lazyload\" \/><\/figure><\/div><\/div><div class=\"tiled-gallery__row\"><div class=\"tiled-gallery__col\" style=\"flex-basis:33.33333333333333%\"><figure class=\"tiled-gallery__item\"><img decoding=\"async\" alt=\"\" data-height=\"720\" data-id=\"11385\" data-link=\"https:\/\/obispadodelinares.cl\/ol\/?attachment_id=11385\" data-url=\"https:\/\/obispadodelinares.cl\/ol\/wp-content\/uploads\/2020\/11\/WhatsApp-Image-2020-11-19-at-09.57.50-2.jpeg\" data-width=\"1080\" data-src=\"https:\/\/i1.wp.com\/obispadodelinares.cl\/ol\/wp-content\/uploads\/2020\/11\/WhatsApp-Image-2020-11-19-at-09.57.50-2.jpeg\" layout=\"responsive\" src=\"data:image\/svg+xml;base64,PHN2ZyB3aWR0aD0iMSIgaGVpZ2h0PSIxIiB4bWxucz0iaHR0cDovL3d3dy53My5vcmcvMjAwMC9zdmciPjwvc3ZnPg==\" class=\"lazyload\" \/><\/figure><\/div><div class=\"tiled-gallery__col\" style=\"flex-basis:33.33333333333333%\"><figure class=\"tiled-gallery__item\"><img decoding=\"async\" alt=\"\" data-height=\"720\" data-id=\"11386\" data-link=\"https:\/\/obispadodelinares.cl\/ol\/?attachment_id=11386\" data-url=\"https:\/\/obispadodelinares.cl\/ol\/wp-content\/uploads\/2020\/11\/WhatsApp-Image-2020-11-19-at-09.57.50.jpeg\" data-width=\"1080\" data-src=\"https:\/\/i1.wp.com\/obispadodelinares.cl\/ol\/wp-content\/uploads\/2020\/11\/WhatsApp-Image-2020-11-19-at-09.57.50.jpeg\" layout=\"responsive\" src=\"data:image\/svg+xml;base64,PHN2ZyB3aWR0aD0iMSIgaGVpZ2h0PSIxIiB4bWxucz0iaHR0cDovL3d3dy53My5vcmcvMjAwMC9zdmciPjwvc3ZnPg==\" class=\"lazyload\" \/><\/figure><\/div><div class=\"tiled-gallery__col\" style=\"flex-basis:33.33333333333333%\"><figure class=\"tiled-gallery__item\"><img decoding=\"async\" alt=\"\" data-height=\"720\" data-id=\"11387\" data-link=\"https:\/\/obispadodelinares.cl\/ol\/?attachment_id=11387\" data-url=\"https:\/\/obispadodelinares.cl\/ol\/wp-content\/uploads\/2020\/11\/WhatsApp-Image-2020-11-19-at-09.57.51.jpeg\" data-width=\"1080\" data-src=\"https:\/\/i2.wp.com\/obispadodelinares.cl\/ol\/wp-content\/uploads\/2020\/11\/WhatsApp-Image-2020-11-19-at-09.57.51.jpeg\" layout=\"responsive\" src=\"data:image\/svg+xml;base64,PHN2ZyB3aWR0aD0iMSIgaGVpZ2h0PSIxIiB4bWxucz0iaHR0cDovL3d3dy53My5vcmcvMjAwMC9zdmciPjwvc3ZnPg==\" class=\"lazyload\" \/><\/figure><\/div><\/div><\/div><\/div>\n","protected":false},"excerpt":{"rendered":"<p>Consejo Regional del Maule aprueba la reposici\u00f3n y ampliaci\u00f3n de Hogar \u00abSan Camilo\u00bb de Linares, se trata de una inversi\u00f3n de 3 mil 670 millones 738 pesos en directo beneficio de los Adultos Mayores atendidos en este Hogar larga estad\u00eda en Linares. El Intendente del Maule, Juan Eduardo Prieto hizo llegar al Consejo Regional, para [&hellip;]<\/p>\n","protected":false},"author":1,"featured_media":11381,"comment_status":"closed","ping_status":"closed","sticky":false,"template":"","format":"standard","meta":{"h5ap_radio_sources":[],"footnotes":""},"categories":[274],"tags":[82],"class_list":["post-11380","post","type-post","status-publish","format-standard","has-post-thumbnail","hentry","category-274","tag-hogar-de-ancianos"],"_links":{"self":[{"href":"https:\/\/obispadodelinares.cl\/ol\/index.php?rest_route=\/wp\/v2\/posts\/11380","targetHints":{"allow":["GET"]}}],"collection":[{"href":"https:\/\/obispadodelinares.cl\/ol\/index.php?rest_route=\/wp\/v2\/posts"}],"about":[{"href":"https:\/\/obispadodelinares.cl\/ol\/index.php?rest_route=\/wp\/v2\/types\/post"}],"author":[{"embeddable":true,"href":"https:\/\/obispadodelinares.cl\/ol\/index.php?rest_route=\/wp\/v2\/users\/1"}],"replies":[{"embeddable":true,"href":"https:\/\/obispadodelinares.cl\/ol\/index.php?rest_route=%2Fwp%2Fv2%2Fcomments&post=11380"}],"version-history":[{"count":0,"href":"https:\/\/obispadodelinares.cl\/ol\/index.php?rest_route=\/wp\/v2\/posts\/11380\/revisions"}],"wp:featuredmedia":[{"embeddable":true,"href":"https:\/\/obispadodelinares.cl\/ol\/index.php?rest_route=\/wp\/v2\/media\/11381"}],"wp:attachment":[{"href":"https:\/\/obispadodelinares.cl\/ol\/index.php?rest_route=%2Fwp%2Fv2%2Fmedia&parent=11380"}],"wp:term":[{"taxonomy":"category","embeddable":true,"href":"https:\/\/obispadodelinares.cl\/ol\/index.php?rest_route=%2Fwp%2Fv2%2Fcategories&post=11380"},{"taxonomy":"post_tag","embeddable":true,"href":"https:\/\/obispadodelinares.cl\/ol\/index.php?rest_route=%2Fwp%2Fv2%2Ftags&post=11380"}],"curies":[{"name":"wp","href":"https:\/\/api.w.org\/{rel}","templated":true}]}}