{"id":1138,"date":"2012-10-07T03:49:43","date_gmt":"2012-10-07T03:49:43","guid":{"rendered":"http:\/\/obispadodelinares.cl\/ol\/?p=1138"},"modified":"2018-01-30T03:53:34","modified_gmt":"2018-01-30T03:53:34","slug":"nuncio-apostolico-en-linares-una-visita-historica","status":"publish","type":"post","link":"https:\/\/obispadodelinares.cl\/ol\/?p=1138","title":{"rendered":"Nuncio Apost\u00f3lico en Linares, una visita hist\u00f3rica"},"content":{"rendered":"<p>Queridos amigos:<\/p>\n<p>En esta Carta quisiera compartir con ustedes la cr\u00f3nica y algunas reflexiones de la inolvidable visita pastoral que realiz\u00f3 a la di\u00f3cesis de Linares en d\u00edas pasados\u00a0 el Sr. Nuncio Apost\u00f3lico \u00a0Mons. Ivo Scapolo.<\/p>\n<p>Lo primero es explicar la misi\u00f3n de un\u00a0 Nuncio.<\/p>\n<p>\u00c9l es el representante diplom\u00e1tico del Papa en Chile, por lo tanto representa al Papa Benedicto XVI delante de las m\u00e1s altas \u00a0autoridades civiles \u00a0del pa\u00eds y tambi\u00e9n al interior de\u00a0 la Iglesia Cat\u00f3lica.<\/p>\n<p>Por tanto, por su alta misi\u00f3n su persona hace presente al Vicario de Cristo entre nosotros.<\/p>\n<p>Por otra parte, son muy contadas las ocasiones en que podemos tener aqu\u00ed en Linares al Sr. Nuncio, por lo que estos d\u00edas fueron de gracia \u00a0para la Iglesia de Linares.<\/p>\n<p>El lleg\u00f3 a Chile hace un a\u00f1o. En raz\u00f3n de su labor pastoral \u00e9l ha querido ir personalmente a las di\u00f3cesis del pa\u00eds, para conocer de primera\u00a0 mano nuestra vida, nuestras alegr\u00edas, nuestros desaf\u00edos, fortalezas y debilidades.<\/p>\n<p>Es as\u00ed que en el breve lapso de 12 meses ya ha recorrido 18 di\u00f3cesis, a un intenso ritmo de una di\u00f3cesis cada 2 semanas, en promedio.<\/p>\n<p><strong>1.- San Javier<\/strong><\/p>\n<p>La Visita comenz\u00f3 el viernes 21 de septiembre a las 11:30 horas en el Colegio San Jos\u00e9 de San Javier.<\/p>\n<p>All\u00ed estaba todo preparado para realizar el Encuentro con el mundo de la Educaci\u00f3n cat\u00f3lica, en el A\u00f1o de la Educaci\u00f3n de la di\u00f3cesis.<\/p>\n<p>Apenas llegado al Colegio el Sr. Nuncio comenz\u00f3 el Encuentro con los j\u00f3venes de las pastorales de los Colegios de Iglesia reunidos en el patio.<\/p>\n<p>Estaba todo muy bien preparado por el Colegio San Jos\u00e9.<\/p>\n<p>Luego de la oraci\u00f3n, el Sr. Obispo le dio la bienvenida a la di\u00f3cesis. Luego le saludo el P. H\u00e9ctor Villar a nombre de la Comunidad Educativa y le present\u00f3 los j\u00f3venes y profesores \u00a0all\u00ed presentes y de que Colegios ven\u00edan.<\/p>\n<p>Luego \u00a0la Orquesta juvenil del Colegio de La Providencia de Linares \u00a0interpret\u00f3 unas piezas de m\u00fasica cl\u00e1sica. Luego cantaron una canci\u00f3n j\u00f3venes del Colegio San Jos\u00e9.<\/p>\n<p>Despu\u00e9s le toc\u00f3 el turno a Mons. Scapolo quien en un ameno di\u00e1logo con los j\u00f3venes les invit\u00f3 a conocer m\u00e1s profundamente al Se\u00f1or y a la \u00a0Doctrina Social de la Iglesia.<\/p>\n<p>A su vez el rector\u00a0 Prof. Sergio Navarrete Valenzuela, \u00a0le hizo entrega del video que recoge el desarrollo del Primer Seminario Escolar\u00a0 de Doctrina Social de la Iglesia,\u00a0 realizado en agosto de este a\u00f1o y que contiene las presentaciones de 8 Colegios. A su vez, Mons. Scapolo le entreg\u00f3 al Rector una Bendici\u00f3n papal para la Comunidad Educativa.<\/p>\n<p>Luego se realiz\u00f3 el Encuentro con los Rectores, Equipos Directivos\u00a0 y profesores cat\u00f3licos presentes en este Encuentro. Fue una charla muy interesante en que el Sr. Nuncio exhort\u00f3 a los profesores a ser los primeros evangelizadores de los alumnos con su palabra y con su vida y a continuar estudiado y presentando la Doctrina Social de la Iglesia.<\/p>\n<p>Al concluir este Encuentro el conjunto musical \u00a0\u201cLos Provincianos\u201d, nos deleit\u00f3 con algunas tonadas t\u00edpicas de esta regi\u00f3n.<\/p>\n<p>El almuerzo se desarrollo en el Comedor del Colegio San Jos\u00e9 con la invitaci\u00f3n a todos los profesores presentes. \u00c9ramos\u00a0 alrededor de 70 personas.<\/p>\n<p>Despu\u00e9s de un breve descanso continu\u00f3 la Visita con el Encuentro con el Clero y los di\u00e1conos de la di\u00f3cesis a partir de las 4 de la tarde.<\/p>\n<p>El Sr. Nuncio desarroll\u00f3 una ponencia en la cual insisti\u00f3 en la urgencia y necesidad de fomentar la Comuni\u00f3n Eclesial, con\u00a0 la Iglesia Universal\u00a0 representada en la figura del Papa, la comuni\u00f3n tambi\u00e9n con las Iglesia en tierras de misi\u00f3n\u00a0 y la comuni\u00f3n entre nosotros. Asimismo puso de relieve la importancia del A\u00f1o de la fe que comienza en este mes de octubre.<\/p>\n<p>Luego tuvimos la oportunidad de rezar V\u00edsperas en la hermosa Capilla del Colegio San Jos\u00e9.<\/p>\n<p>De all\u00ed partimos todos\u00a0 a la Dedicaci\u00f3n del Templo centenario de La Merced de San Javier, severamente da\u00f1ado por el terremoto del 2010.<\/p>\n<p>Antes de comenzar la Celebraci\u00f3n Eucar\u00edstica,\u00a0 el Alcalde de San Javier don Pedro Fern\u00e1ndez, acompa\u00f1ado de su Consejo Municipal, entrego el Decreto de nombramiento de Visita Ilustre al Sr. Nuncio.<\/p>\n<p>La Eucarist\u00eda fue una celebraci\u00f3n llena de vida, de emoci\u00f3n y fe, para una Comunidad que replet\u00f3 el lugar\u00a0 para dar Gracias a Dios por contar de nuevo con su Templo\u00a0 Parroquial, esta vez mejorado y engalanado. All\u00ed el Pbro. Luis Fuentealba agradeci\u00f3 a nombre de la Comunidad parroquial esta hist\u00f3rica visita.<\/p>\n<p>A continuaci\u00f3n el Sr. Nuncio comparti\u00f3 en las dependencias de la parroquia con la Comunidad un trozo de torta, aprovechando a saludar y conocer a los fieles de las diferentes Capillas.<\/p>\n<p><strong>2.- Constituci\u00f3n<\/strong><\/p>\n<p>Al d\u00eda siguiente se realiz\u00f3 el encuentro con CONFERRE, es decir, los y las religiosas de la di\u00f3cesis, en las dependencias de la Casa de Retiro de Chacahu\u00edn. Luego de rezar Laudes en la Capilla tuvo lugar un di\u00e1logo muy directo y cordial con unas 30 religiosas, donde se presentaron, hablaron de sus pastorales y escucharon al Sr. Nuncio, quien insisti\u00f3 en la tarea de construir comuni\u00f3n en la Iglesia, entre otras materias.<\/p>\n<p>Despu\u00e9s del desayuno parti\u00f3 a Constituci\u00f3n, donde la primera actividad fue un Responso a orillas del r\u00edo Maule, frente a la isla Orrego, en recuerdo de las v\u00edctimas del maremoto. Estaba el Alcalde, religiosas y sacerdotes del decanato, familiares de las v\u00edctimas.<\/p>\n<p>Luego el Sr. Alcalde don Hugo Tiller\u00eda ofreci\u00f3 un Almuerzo en homenaje al Sr. Nuncio en dependencias del Club de la Uni\u00f3n de Constituci\u00f3n, ocasi\u00f3n en que acompa\u00f1ado por el Consejo Municipal le hizo entrega del Decreto de Visita Ilustre a tan alta dignidad. Nos acompa\u00f1aba tambi\u00e9n el Alcalde de Empedrado, don Gonzalo Tejos con su esposa.<\/p>\n<p>Luego el Sr. Nuncio visit\u00f3 el Hogar de Ancianos de las Religiosas Mercedarias quienes est\u00e1n en el proceso de reconstrucci\u00f3n y ampliaci\u00f3n de su Hogar. Fue un momento muy significativo donde Mons. Scapolo saludo y convers\u00f3 con los residentes, con el personal y las religiosas durante una hora.<\/p>\n<p>Finalmente a las 6 de la tarde se realiz\u00f3 la Eucarist\u00eda de Bendici\u00f3n del Templo Parroquial de Constituci\u00f3n, tambi\u00e9n da\u00f1ado y reconstruido. Lo recibi\u00f3 el Pbro. Gonzalo Aravena\u00a0 p\u00e1rroco, el Pbro. Mario Agurto decano y el Vicario Parroquial Pbro. H\u00e9ctor Alarc\u00f3n.<\/p>\n<p>A continuaci\u00f3n el Nuncio departi\u00f3 con la Comunidad\u00a0 en los salones de la Parroquia.<\/p>\n<p><strong>3.- Linares<\/strong><\/p>\n<p>El domingo comenz\u00f3 la jornada con un encuentro con las Autoridades de la Comuna de Linares en las dependencias de la Gobernaci\u00f3n.<\/p>\n<p>All\u00ed se encontraba presente la Sra. Gobernadora de Linares, Mar\u00eda Eugenia Hormaz\u00e1bal, el Sr. Alcalde Rolando Renter\u00eda, el Diputado Romilio Guti\u00e9rrez, representante del Poder Judicial,\u00a0 de la Escuela de Artiller\u00eda, de Carabineros, de Investigaciones, entre otros.<\/p>\n<p>Se desarrollo una interesante charla acerca del rol de la autoridad en la b\u00fasqueda del Bien Com\u00fan, sin renunciar a una propuesta val\u00f3rica fundada en la dignidad humana.<\/p>\n<p>Luego a las 10 de la ma\u00f1ana se dio comienzo al Encuentro con los laicos de movimientos de Iglesia en un repleto\u00a0 Sal\u00f3n Balmaceda.<\/p>\n<p>All\u00ed el Sr. Nuncio explic\u00f3 en qu\u00e9 consiste su misi\u00f3n diplom\u00e1tica y pastoral e invit\u00f3 a los laicos a ser disc\u00edpulos misioneros del Se\u00f1or.<\/p>\n<p>Al finalizar el Sr. Alcalde le entreg\u00f3 el Decreto con el nombramiento de Visita Ilustre.<\/p>\n<p>De all\u00ed el Sr. Nuncio acompa\u00f1ado de las Autoridades se dirigi\u00f3 a la Catedral de Linares a pie. All\u00ed fue recibido por su p\u00e1rroco el Pbro. Silvio Jara. Al entrar en la Catedral pas\u00f3 a saludar al Sant\u00edsimo expuesto en la Custodia y salud\u00f3 y bendijo a los Adoradores de la Catedral.<\/p>\n<p>La Eucarist\u00eda fue verdaderamente una fiesta. La liturgia estuvo a cargo del Colegio Mar\u00eda Auxiliadora quienes se lucieron en una muy bien lograda celebraci\u00f3n. Muy hermosa fue la entrada de la Palabra de Dios con cantos por el pasillo central de la Catedral. Los cantos fueron especialmente escogidos para la ocasi\u00f3n y recogieron estilos de diversos lugares del pa\u00eds.<\/p>\n<p>La Misa fue concelebrada por p\u00e1rrocos del decanato junto a sus fieles. Estaban presentes de la P. Coraz\u00f3n de Mar\u00eda, del Rosario, de Mar\u00eda Peregrina, de Santos Chilenos, de San Antonio, entre otros.<\/p>\n<p>Al finalizar la Eucarist\u00eda el Sr. Nuncio entreg\u00f3 una Bendici\u00f3n Papal al Hermano Marianista\u00a0 Pedro Ortega A. por cumplir 60 a\u00f1os de Vida Religiosa.<\/p>\n<p>El Sr. Nuncio anim\u00f3 en su homil\u00eda a los fieles a trabajar por construir la Iglesia, a ser disc\u00edpulos misioneros del Se\u00f1or y especialmente a orar por las Vocaciones sacerdotales y religiosas.<\/p>\n<p>Luego se dirigi\u00f3 a casa del Obispo Em\u00e9rito don Carlos Camus con quien comparti\u00f3 un largo rato de amena conversaci\u00f3n entreg\u00e1ndole su bendici\u00f3n y aliento.<\/p>\n<p>A continuaci\u00f3n el Sr. Nuncio se dirigi\u00f3 al Hogar San Camilo donde lo esperaban los abuelos con una representaci\u00f3n preparada por ellos mismos.<\/p>\n<p>Despu\u00e9s de saludarlos personalmente a cada residente\u00a0 almorz\u00f3 con la Comunidad religiosa.<\/p>\n<p>Finalmente la comitiva se dirigi\u00f3 a saludar a las Monjas Dominicas de Yerbas Buenas con quien comparti\u00f3 un largo y ameno di\u00e1logo.<\/p>\n<p>La Visita del Sr. Nuncio nos dej\u00f3 fortalecidos en la fe, animados en la misi\u00f3n, desafiados en ser constructores de comuni\u00f3n.<\/p>\n<p>Su cercan\u00eda, su sencillez, su disponibilidad a toda prueba fueron para nosotros un hermoso regalo y testimonio de un buen\u00a0 pastor que se entrega por las ovejas.<\/p>\n<p>Hemos crecido en comuni\u00f3n con el Santo Padre y entre nosotros.<\/p>\n<p>Le damos gracias al Se\u00f1or por esta Visita. Que su palabra y su ejemplo produzcan muchos frutos en nuestra querida Iglesia de Linares.<\/p>\n<p>Aprovecho a agradecer desde estas l\u00edneas a todos, laicos y consagrados, \u00a0que hicieron posible esta magn\u00edfica visita pastoral del Nuncio Apost\u00f3lico a Linares.<\/p>\n<p>Les bendice con cari\u00f1o,<\/p>\n<p>+Tomislav Koljatic M.<\/p>\n","protected":false},"excerpt":{"rendered":"<p>Queridos amigos: En esta Carta quisiera compartir con ustedes la cr\u00f3nica y algunas reflexiones de la inolvidable visita pastoral que realiz\u00f3 a la di\u00f3cesis de Linares en d\u00edas pasados\u00a0 el Sr. Nuncio Apost\u00f3lico \u00a0Mons. Ivo Scapolo. Lo primero es explicar la misi\u00f3n de un\u00a0 Nuncio. \u00c9l es el representante diplom\u00e1tico del Papa en Chile, por [&hellip;]<\/p>\n","protected":false},"author":1,"featured_media":0,"comment_status":"open","ping_status":"open","sticky":false,"template":"","format":"standard","meta":{"h5ap_radio_sources":[],"footnotes":""},"categories":[106,65,129],"tags":[66],"class_list":["post-1138","post","type-post","status-publish","format-standard","hentry","category-106","category-mensaje","category-nuncio","tag-obispo"],"_links":{"self":[{"href":"https:\/\/obispadodelinares.cl\/ol\/index.php?rest_route=\/wp\/v2\/posts\/1138","targetHints":{"allow":["GET"]}}],"collection":[{"href":"https:\/\/obispadodelinares.cl\/ol\/index.php?rest_route=\/wp\/v2\/posts"}],"about":[{"href":"https:\/\/obispadodelinares.cl\/ol\/index.php?rest_route=\/wp\/v2\/types\/post"}],"author":[{"embeddable":true,"href":"https:\/\/obispadodelinares.cl\/ol\/index.php?rest_route=\/wp\/v2\/users\/1"}],"replies":[{"embeddable":true,"href":"https:\/\/obispadodelinares.cl\/ol\/index.php?rest_route=%2Fwp%2Fv2%2Fcomments&post=1138"}],"version-history":[{"count":0,"href":"https:\/\/obispadodelinares.cl\/ol\/index.php?rest_route=\/wp\/v2\/posts\/1138\/revisions"}],"wp:attachment":[{"href":"https:\/\/obispadodelinares.cl\/ol\/index.php?rest_route=%2Fwp%2Fv2%2Fmedia&parent=1138"}],"wp:term":[{"taxonomy":"category","embeddable":true,"href":"https:\/\/obispadodelinares.cl\/ol\/index.php?rest_route=%2Fwp%2Fv2%2Fcategories&post=1138"},{"taxonomy":"post_tag","embeddable":true,"href":"https:\/\/obispadodelinares.cl\/ol\/index.php?rest_route=%2Fwp%2Fv2%2Ftags&post=1138"}],"curies":[{"name":"wp","href":"https:\/\/api.w.org\/{rel}","templated":true}]}}