{"id":11286,"date":"2020-11-05T12:32:02","date_gmt":"2020-11-05T12:32:02","guid":{"rendered":"http:\/\/obispadodelinares.cl\/ol\/?p=11286"},"modified":"2020-11-05T12:32:06","modified_gmt":"2020-11-05T12:32:06","slug":"bendicion-primera-piedra-en-capilla-san-jose-de-nazareth-santa-olga","status":"publish","type":"post","link":"https:\/\/obispadodelinares.cl\/ol\/?p=11286","title":{"rendered":"Bendici\u00f3n Primera Piedra en Capilla San Jos\u00e9 de Nazareth, Santa Olga"},"content":{"rendered":"\n<h2 class=\"wp-block-heading\">Una noticia largamente esperada<\/h2>\n\n\n\n<p class=\"has-drop-cap\"><strong><em>Comenzaron los trabajos de construcci\u00f3n del nuevo templo que acompa\u00f1ar\u00e1 a los fieles cat\u00f3licos de Santa Olga. La ceremonia de la primera piedra ser\u00e1 presidida por Monse\u00f1or Tomislav Koljatic, obispo de Linares, este jueves 5 de noviembre a las 12:00 horas.<\/em><\/strong><\/p>\n\n\n\n<p>En el verano de 2017 vimos con estupor como un pueblo, bosques y las ilusiones de muchos desaparec\u00edan tras las llamas que lo envolv\u00edan todo. 979 familias quedaron sin hogar y lamentamos ocho v\u00edctimas fatales.&nbsp; Fueron d\u00edas en que el pa\u00eds se volc\u00f3 en su ayuda con una meta clara, apagar los incendios.<\/p>\n\n\n\n<p>M\u00e1s tarde vendr\u00eda la reconstrucci\u00f3n. Con ayudas de muchos sectores, los habitantes de Santa Olga han podido, poco a poco, volver a sus tierras. Nuevas casas, escuela, posta, bomberos,&nbsp; biblioteca y comercio los acogen. M\u00e1s de 5 mil personas viven en el pueblo pero faltaba la Iglesia.<\/p>\n\n\n\n<p>La antigua capilla, que hab\u00eda sido construida con mucho esfuerzo por la misma comunidad necesitaba ser reemplazada. Es por eso que Ayuda a la Iglesia que Sufre (ACN Chile)&nbsp; comenz\u00f3 con la tarea de recolectar fondos para cumplir el sue\u00f1o de esta comunidad.<\/p>\n\n\n\n<p>Hoy vemos que el sue\u00f1o ya est\u00e1 en marcha y muy pronto tendr\u00e1n un nuevo lugar desde donde vivir la fe y comenzar una nueva historia. Nuevamente los nacimientos, matrimonios y defunciones podr\u00e1n hacerse desde la nueva capilla que acoger\u00e1 las alegr\u00edas y dolores de los fieles.<\/p>\n\n\n\n<p>Ayuda a la Iglesia que Sufre&nbsp; es una Fundaci\u00f3n Pontificia con sede en Alemania&nbsp; y que cuenta con oficinas en 23 pa\u00edses entre ellos Chile, su misi\u00f3n es ayudar a los cristianos perseguidos y necesitados en el mundo.<\/p>\n\n\n\n<p>Es as\u00ed que en&nbsp; 2019 se apoy\u00f3 5.230 proyectos en 139 pa\u00edses. En Chile, apoyamos a las comunidades m\u00e1s vulnerables a trav\u00e9s de la campa\u00f1a \u201cCapillas para Chile\u201d gracias a la cual, y mediante fondos recolectados en nuestro pa\u00eds, hemos construido m\u00e1s de 40 capillas en lugares necesitados y&nbsp; 45 Capillas de Emergencia en las zonas devastadas por el terremoto y tsunami del 27 \/F.<\/p>\n\n\n\n<p>Si desea, continuar apoyando esta hermosa obra, puede hacer transferencia o dep\u00f3sito, puede hacerlo en la <strong><em>Cta. cte. 200-3 del Banco Santander, a nombre de Ayuda a la Iglesia que Sufre, RUT 73.537.400-1, mail: acn@acn-chile.org, asunto: Capilla Santa Olga.<\/em><\/strong> Las donaciones para construir esta capilla se pueden acoger a la ley D.L. N\u00ba 3.063 sobre Rentas Municipales.<\/p>\n\n\n\n<div class=\"wp-block-jetpack-tiled-gallery aligncenter is-style-rectangular\"><div class=\"tiled-gallery__gallery\"><div class=\"tiled-gallery__row\"><div class=\"tiled-gallery__col\" style=\"flex-basis:48.618371960226625%\"><figure class=\"tiled-gallery__item\"><img decoding=\"async\" alt=\"\" data-height=\"339\" data-id=\"11289\" data-link=\"https:\/\/obispadodelinares.cl\/ol\/?attachment_id=11289\" data-url=\"https:\/\/obispadodelinares.cl\/ol\/wp-content\/uploads\/2020\/11\/Lugar-donde-estaba-la-iglesia-en-Santa-Olga-1.png\" data-width=\"600\" data-src=\"https:\/\/i1.wp.com\/obispadodelinares.cl\/ol\/wp-content\/uploads\/2020\/11\/Lugar-donde-estaba-la-iglesia-en-Santa-Olga-1.png\" layout=\"responsive\" src=\"data:image\/svg+xml;base64,PHN2ZyB3aWR0aD0iMSIgaGVpZ2h0PSIxIiB4bWxucz0iaHR0cDovL3d3dy53My5vcmcvMjAwMC9zdmciPjwvc3ZnPg==\" class=\"lazyload\" \/><\/figure><figure class=\"tiled-gallery__item\"><img decoding=\"async\" alt=\"\" data-height=\"442\" data-id=\"11288\" data-link=\"https:\/\/obispadodelinares.cl\/ol\/?attachment_id=11288\" data-url=\"https:\/\/obispadodelinares.cl\/ol\/wp-content\/uploads\/2020\/11\/Mujeres-mirando-el-pueblo.png\" data-width=\"640\" data-src=\"https:\/\/i0.wp.com\/obispadodelinares.cl\/ol\/wp-content\/uploads\/2020\/11\/Mujeres-mirando-el-pueblo.png\" layout=\"responsive\" src=\"data:image\/svg+xml;base64,PHN2ZyB3aWR0aD0iMSIgaGVpZ2h0PSIxIiB4bWxucz0iaHR0cDovL3d3dy53My5vcmcvMjAwMC9zdmciPjwvc3ZnPg==\" class=\"lazyload\" \/><\/figure><\/div><div class=\"tiled-gallery__col\" style=\"flex-basis:51.38162803977339%\"><figure class=\"tiled-gallery__item\"><img decoding=\"async\" alt=\"\" data-height=\"937\" data-id=\"11287\" data-link=\"https:\/\/obispadodelinares.cl\/ol\/?attachment_id=11287\" data-url=\"https:\/\/obispadodelinares.cl\/ol\/wp-content\/uploads\/2020\/11\/Futura-capilla.png\" data-width=\"780\" data-src=\"https:\/\/i1.wp.com\/obispadodelinares.cl\/ol\/wp-content\/uploads\/2020\/11\/Futura-capilla.png\" layout=\"responsive\" src=\"data:image\/svg+xml;base64,PHN2ZyB3aWR0aD0iMSIgaGVpZ2h0PSIxIiB4bWxucz0iaHR0cDovL3d3dy53My5vcmcvMjAwMC9zdmciPjwvc3ZnPg==\" class=\"lazyload\" \/><\/figure><\/div><\/div><\/div><\/div>\n\n\n\n<p><\/p>\n","protected":false},"excerpt":{"rendered":"<p>Una noticia largamente esperada Comenzaron los trabajos de construcci\u00f3n del nuevo templo que acompa\u00f1ar\u00e1 a los fieles cat\u00f3licos de Santa Olga. La ceremonia de la primera piedra ser\u00e1 presidida por Monse\u00f1or Tomislav Koljatic, obispo de Linares, este jueves 5 de noviembre a las 12:00 horas. En el verano de 2017 vimos con estupor como un [&hellip;]<\/p>\n","protected":false},"author":1,"featured_media":11287,"comment_status":"closed","ping_status":"closed","sticky":false,"template":"","format":"standard","meta":{"h5ap_radio_sources":[],"footnotes":""},"categories":[274,291,193],"tags":[307,137],"class_list":["post-11286","post","type-post","status-publish","format-standard","has-post-thumbnail","hentry","category-274","category-diocesana","category-historia-diocesana","tag-incendios-forestales","tag-santa-olga"],"_links":{"self":[{"href":"https:\/\/obispadodelinares.cl\/ol\/index.php?rest_route=\/wp\/v2\/posts\/11286","targetHints":{"allow":["GET"]}}],"collection":[{"href":"https:\/\/obispadodelinares.cl\/ol\/index.php?rest_route=\/wp\/v2\/posts"}],"about":[{"href":"https:\/\/obispadodelinares.cl\/ol\/index.php?rest_route=\/wp\/v2\/types\/post"}],"author":[{"embeddable":true,"href":"https:\/\/obispadodelinares.cl\/ol\/index.php?rest_route=\/wp\/v2\/users\/1"}],"replies":[{"embeddable":true,"href":"https:\/\/obispadodelinares.cl\/ol\/index.php?rest_route=%2Fwp%2Fv2%2Fcomments&post=11286"}],"version-history":[{"count":0,"href":"https:\/\/obispadodelinares.cl\/ol\/index.php?rest_route=\/wp\/v2\/posts\/11286\/revisions"}],"wp:featuredmedia":[{"embeddable":true,"href":"https:\/\/obispadodelinares.cl\/ol\/index.php?rest_route=\/wp\/v2\/media\/11287"}],"wp:attachment":[{"href":"https:\/\/obispadodelinares.cl\/ol\/index.php?rest_route=%2Fwp%2Fv2%2Fmedia&parent=11286"}],"wp:term":[{"taxonomy":"category","embeddable":true,"href":"https:\/\/obispadodelinares.cl\/ol\/index.php?rest_route=%2Fwp%2Fv2%2Fcategories&post=11286"},{"taxonomy":"post_tag","embeddable":true,"href":"https:\/\/obispadodelinares.cl\/ol\/index.php?rest_route=%2Fwp%2Fv2%2Ftags&post=11286"}],"curies":[{"name":"wp","href":"https:\/\/api.w.org\/{rel}","templated":true}]}}