{"id":1128,"date":"2012-09-21T03:32:38","date_gmt":"2012-09-21T03:32:38","guid":{"rendered":"http:\/\/obispadodelinares.cl\/ol\/?p=1128"},"modified":"2018-01-30T03:35:44","modified_gmt":"2018-01-30T03:35:44","slug":"arribo-a-san-javier-el-nuncio-apostolico-don-ivo-scapolo","status":"publish","type":"post","link":"https:\/\/obispadodelinares.cl\/ol\/?p=1128","title":{"rendered":"Arrib\u00f3 a San Javier el Nuncio Apost\u00f3lico don Ivo Scapolo"},"content":{"rendered":"\t\t<div data-elementor-type=\"wp-post\" data-elementor-id=\"1128\" class=\"elementor elementor-1128 elementor-bc-flex-widget\">\n\t\t\t\t\t\t<section class=\"elementor-section elementor-top-section elementor-element elementor-element-3adea90e elementor-section-boxed elementor-section-height-default elementor-section-height-default\" data-id=\"3adea90e\" data-element_type=\"section\" data-e-type=\"section\">\n\t\t\t\t\t\t<div class=\"elementor-container elementor-column-gap-default\">\n\t\t\t\t\t<div class=\"elementor-column elementor-col-100 elementor-top-column elementor-element elementor-element-5c8100ac\" data-id=\"5c8100ac\" data-element_type=\"column\" data-e-type=\"column\">\n\t\t\t<div class=\"elementor-widget-wrap elementor-element-populated\">\n\t\t\t\t\t\t<div class=\"elementor-element elementor-element-347c33fe elementor-widget elementor-widget-text-editor\" data-id=\"347c33fe\" data-element_type=\"widget\" data-e-type=\"widget\" data-widget_type=\"text-editor.default\">\n\t\t\t\t<div class=\"elementor-widget-container\">\n\t\t\t\t\t\t\t\t\tEl prelado en primera instancia ha tenido un encuentro con los j\u00f3venes de los Colegios Cat\u00f3licos, a quienes exhort\u00f3 a vivir intensamente la Misi\u00f3n Joven, a acercarse con alegr\u00eda al Se\u00f1or y acercar a otros a este maravilloso don de fe. \u00a0Con un lenguaje muy cordial y cercano invit\u00f3 tambi\u00e9n a los j\u00f3venes a conocer m\u00e1s sobre los documentos de la Iglesia a conocer los mensajes del Santo Padre, especialmente ahora que pronto comienza el A\u00f1o de la Fe.\r\n\r\nLos j\u00f3venes por su parte, representando a los 15 Colegios Cat\u00f3licos de la Di\u00f3cesis,\u00a0 respondieron con alegr\u00eda y entusiasmo, ovacionando al representante del Santo Padre que le ha visitado y hablado como un amigo cercano.\r\n\r\nAl concluir el encuentro con los estudiantes, Don Ivo Scapolo, dej\u00f3 todos los Colegios una especial Bendici\u00f3n, la cual recibi\u00f3 el \u00a0Colegio San Jos\u00e9 representaci\u00f3n de todos los Establecimientos Educacionales.\r\n\r\nFrente al Sr. Nuncio, tambi\u00e9n pudieron mostrar sus dotes, mostrando su talento con hermosos n\u00fameros art\u00edsticos, destacando la labor y apoyo que los Docentes y cada Colegio desarrolla.\r\n\r\n<strong>Reuni\u00f3n con Directivos de Colegios Cat\u00f3licos<\/strong>\r\n\r\nEn una segunda parte, se reuni\u00f3 con los Directivos de los diversos Colegios asistentes, m\u00e1s una delegaci\u00f3n especial del CFT San Agust\u00edn, con quienes abord\u00f3 los desaf\u00edos de la educaci\u00f3n hoy, especialmente en los Colegios Cat\u00f3licos.\r\n\r\n<strong>Encuentro con el Clero Diocesano<\/strong>\r\n\r\nPor la tarde, se vivi\u00f3 un bello momento de camarader\u00eda y comuni\u00f3n, se reuni\u00f3 con el Clero Diocesano y sacerdotes Religiosos, despu\u00e9s de las presentaciones protocolares, abord\u00f3 diversos temas de inter\u00e9s com\u00fan; la misi\u00f3n del Nuncio en cada Pa\u00eds: diplom\u00e1tica y eclesial y, las necesidades pastorales de toda la Iglesia Universal; destacando que el sacerdote debe ser formado para la Iglesia Universal, pues se trata de una sola familia cuyos miembros deben estar prontos a acudir en ayuda de sus hermanos, m\u00e1s all\u00e1 de las fronteras.\t\t\t\t\t\t\t\t<\/div>\n\t\t\t\t<\/div>\n\t\t\t\t<div class=\"elementor-element elementor-element-1af3251 elementor-button-success elementor-align-center elementor-widget elementor-widget-button\" data-id=\"1af3251\" data-element_type=\"widget\" data-e-type=\"widget\" data-widget_type=\"button.default\">\n\t\t\t\t<div class=\"elementor-widget-container\">\n\t\t\t\t\t\t\t\t\t<div class=\"elementor-button-wrapper\">\n\t\t\t\t\t<a class=\"elementor-button elementor-button-link elementor-size-md\" href=\"http:\/\/galerias.iglesia.cl\/galeria.php?url=Gale_505e02169448a\">\n\t\t\t\t\t\t<span class=\"elementor-button-content-wrapper\">\n\t\t\t\t\t\t<span class=\"elementor-button-icon\">\n\t\t\t\t\t\t\t\t\t<i class=\"fa fa-photo\" aria-hidden=\"true\"><\/i>\n\t\t\t\t\t\t\t<\/span>\n\t\t\t\t\t\t\t\t\t<span class=\"elementor-button-text\">Ver m\u00e1s Fotograf\u00edas<\/span>\n\t\t\t\t\t<\/span>\n\t\t\t\t\t<\/a>\n\t\t\t\t<\/div>\n\t\t\t\t\t\t\t\t<\/div>\n\t\t\t\t<\/div>\n\t\t\t\t\t<\/div>\n\t\t<\/div>\n\t\t\t\t\t<\/div>\n\t\t<\/section>\n\t\t\t\t<\/div>\n\t\t","protected":false},"excerpt":{"rendered":"<p>El prelado en primera instancia ha tenido un encuentro con los j\u00f3venes de los Colegios Cat\u00f3licos, a quienes exhort\u00f3 a vivir intensamente la Misi\u00f3n Joven, a acercarse con alegr\u00eda al Se\u00f1or y acercar a otros a este maravilloso don de fe. \u00a0Con un lenguaje muy cordial y cercano invit\u00f3 tambi\u00e9n a los j\u00f3venes a conocer [&hellip;]<\/p>\n","protected":false},"author":1,"featured_media":1129,"comment_status":"open","ping_status":"open","sticky":false,"template":"","format":"standard","meta":{"h5ap_radio_sources":[],"footnotes":""},"categories":[106,129],"tags":[],"class_list":["post-1128","post","type-post","status-publish","format-standard","has-post-thumbnail","hentry","category-106","category-nuncio"],"_links":{"self":[{"href":"https:\/\/obispadodelinares.cl\/ol\/index.php?rest_route=\/wp\/v2\/posts\/1128","targetHints":{"allow":["GET"]}}],"collection":[{"href":"https:\/\/obispadodelinares.cl\/ol\/index.php?rest_route=\/wp\/v2\/posts"}],"about":[{"href":"https:\/\/obispadodelinares.cl\/ol\/index.php?rest_route=\/wp\/v2\/types\/post"}],"author":[{"embeddable":true,"href":"https:\/\/obispadodelinares.cl\/ol\/index.php?rest_route=\/wp\/v2\/users\/1"}],"replies":[{"embeddable":true,"href":"https:\/\/obispadodelinares.cl\/ol\/index.php?rest_route=%2Fwp%2Fv2%2Fcomments&post=1128"}],"version-history":[{"count":0,"href":"https:\/\/obispadodelinares.cl\/ol\/index.php?rest_route=\/wp\/v2\/posts\/1128\/revisions"}],"wp:featuredmedia":[{"embeddable":true,"href":"https:\/\/obispadodelinares.cl\/ol\/index.php?rest_route=\/wp\/v2\/media\/1129"}],"wp:attachment":[{"href":"https:\/\/obispadodelinares.cl\/ol\/index.php?rest_route=%2Fwp%2Fv2%2Fmedia&parent=1128"}],"wp:term":[{"taxonomy":"category","embeddable":true,"href":"https:\/\/obispadodelinares.cl\/ol\/index.php?rest_route=%2Fwp%2Fv2%2Fcategories&post=1128"},{"taxonomy":"post_tag","embeddable":true,"href":"https:\/\/obispadodelinares.cl\/ol\/index.php?rest_route=%2Fwp%2Fv2%2Ftags&post=1128"}],"curies":[{"name":"wp","href":"https:\/\/api.w.org\/{rel}","templated":true}]}}