{"id":1113,"date":"2012-09-14T03:00:49","date_gmt":"2012-09-14T03:00:49","guid":{"rendered":"http:\/\/obispadodelinares.cl\/ol\/?p=1113"},"modified":"2018-01-30T03:16:08","modified_gmt":"2018-01-30T03:16:08","slug":"linares-rindio-emotiva-despedida-al-cabo-cristian-martinez","status":"publish","type":"post","link":"https:\/\/obispadodelinares.cl\/ol\/?p=1113","title":{"rendered":"Linares rindi\u00f3 emotiva despedida al Cabo Cristian Mart\u00ednez"},"content":{"rendered":"\t\t<div data-elementor-type=\"wp-post\" data-elementor-id=\"1113\" class=\"elementor elementor-1113 elementor-bc-flex-widget\">\n\t\t\t\t\t\t<section class=\"elementor-section elementor-top-section elementor-element elementor-element-25c2f1fe elementor-section-boxed elementor-section-height-default elementor-section-height-default\" data-id=\"25c2f1fe\" data-element_type=\"section\" data-e-type=\"section\">\n\t\t\t\t\t\t<div class=\"elementor-container elementor-column-gap-default\">\n\t\t\t\t\t<div class=\"elementor-column elementor-col-100 elementor-top-column elementor-element elementor-element-5906e15\" data-id=\"5906e15\" data-element_type=\"column\" data-e-type=\"column\">\n\t\t\t<div class=\"elementor-widget-wrap elementor-element-populated\">\n\t\t\t\t\t\t<div class=\"elementor-element elementor-element-6ba86cf1 elementor-widget elementor-widget-text-editor\" data-id=\"6ba86cf1\" data-element_type=\"widget\" data-e-type=\"widget\" data-widget_type=\"text-editor.default\">\n\t\t\t\t<div class=\"elementor-widget-container\">\n\t\t\t\t\t\t\t\t\t\u201cLos que cambian la historia no son los que quitan la vida si no los que la dan por los dem\u00e1s. Esas son las vidas fecundas, luminosas, valiosas a los ojos de Dios y de los hombres.\u00bb\r\n\r\n<hr \/>\r\n\r\n<span class=\"\">Con una Iglesia Catedral colmada de fieles se despidieron los restos mortales del Cabo Segundo Cristi\u00e1n Mart\u00ednez Badilla, el menor de cuatro hermanos, oriundo en Linares.\r\n\r\nCon la presencia del ministro del Interior, Rodrigo Hinzpeter, Autoridades Regionales, Provinciales, Comunales y altos mandos de Carabineros despidieron este jueves el cabo Mart\u00ednez, quien fue asesinado la noche del 11 de septiembre.\r\n\r\nLa misa en su memoria fue presidida por Monse\u00f1or Tomislav Koljatic, Obispo de Linares y concelebrada por el Capell\u00e1n Jefe de Carabineros P. Eduardo Aparicio Muruaga; P. Lorenzo Solari, Capell\u00e1n de Carabineros, P. Juan Pinto, Capell\u00e1n de Gendarmer\u00eda, P. Jos\u00e9 Prado, Capell\u00e1n de Ejercito y Di\u00e1conos. Tambi\u00e9n le acompa\u00f1aron familiares, amigos, colegas y vecinos, quienes adornaron con coronas de flores, y la tradicional bandera chilena sobre la urna.\r\n\r\nLuego del responso, a cargo del Capell\u00e1n en Jefe de Carabineros, Monse\u00f1or Koljatic, agreg\u00f3: \u201cSe\u00f1ora, Lidia, Chile, que est\u00e1 de duelo, hoy le agradece por la entrega de su amado hijo\u201d\r\nEl Cabo Cristian Mart\u00ednez Badilla, naci\u00f3 en Linares, sus estudios los realiz\u00f3 en la Escuela Emilio Gidi de esta ciudad. Ingres\u00f3 a la Escuela de Carabineros, el a\u00f1o 2006. Reci\u00e9n, hac\u00eda tres semanas hab\u00eda nacido su hijo Abraham.\r\n\r\nSeg\u00fan cont\u00f3 su madre \u201cEl siempre quiso ser Carabinero, solito se prepar\u00f3 para los ex\u00e1menes, adem\u00e1s de la tristeza inmensa que siento, estoy muy orgullosa de mi hijo y s\u00f3lo pido que se haga justicia, que su muerte no sea en vano\u201d.\r\n\r\nYamilet, su hermana, se\u00f1al\u00f3: \u201cCristian signific\u00f3 un gran apoyo para mi mam\u00e1 y todos nosotros, era incondicional, una persona tranquila. Cada 15 d\u00edas viajaba desde Santiago para estar con su familia. \u00c9l era los ojos de mi mam\u00e1, gracias a su aporte ella pudo tener casa propia. Una de sus principales caracter\u00edsticas era la alegr\u00eda que irradiaba y por supuesto era el regal\u00f3n de todos, por ser el menor\u201d. Tras la ceremonia, la mam\u00e1 del cabo asesinado, Lidia Badilla, reiter\u00f3 su llamado por justicia.\r\n\r\n\r\nHomil\u00eda de Monse\u00f1or Tomislav Koljatic,\r\nen la despedida del Cabo Segundo Cristi\u00e1n Mart\u00ednez Badilla\r\n\r\nAutoridades. Queridos hermanos:\r\nHoy Chile est\u00e1 de duelo. Hoy el dolor y la aflicci\u00f3n embargan el alma de Chile.\r\n\r\nHoy en esta querida catedral de Linares, nos reunimos para orar y encomendar al Dios de la vida a este servidor p\u00fablico, m\u00e1rtir N 1039 del Cuerpo de Carabineros de Chile, hijo y hermano ejemplar, padre de una creatura de un mes de vida, funcionario fiel y responsable de su querida instituci\u00f3n.\r\n\r\nEl cabo Mart\u00ednez supo cumplir con honor lo que un d\u00eda jur\u00f3 delante de la bandera: dar la vida si fuese necesario en el servicio de la Patria.\r\n\r\nSu tr\u00e1gica muerte hace que su nombre quede grabado para siempre en los anales de la Patria, como uno de aquellos elegidos que dio la vida por el bien de la Naci\u00f3n.\r\n\r\nHoy Chile entero se lo reconoce y por eso nuestra Iglesia Catedral est\u00e1 colmada de fieles y de las m\u00e1s altas autoridades del pa\u00eds y de la Instituci\u00f3n y las expresiones de pesar se multiplican a todo lo ancho y largo del pa\u00eds.\r\n\r\nHoy queremos acompa\u00f1ar especialmente a su dolorida madre, Sra. Lidia. Ella ha sufrido el dolor m\u00e1s grande que puede sufrir una mujer: la p\u00e9rdida de uno de sus hijos. Agranda este dolor cuando esta muerte es cruel, innecesaria y hecha por mano irresponsable y cobarde, en la oscuridad y amparo de la noche.\r\n\r\nCon Usted estamos juntos y la acompa\u00f1amos en su dolor y oraci\u00f3n. Y le queremos decir que la muerte de su hijo no es in\u00fatil. Su vida entregada a Dios y a la Patria tendr\u00e1 una recompensa humana y celestial.\r\n\r\nNos consuela la Palabra de Dios que acabamos de escuchar.\r\nComo creyentes en un Dios que se hizo hombre, que naci\u00f3 de mujer, en expresi\u00f3n de San Pablo, ese Jes\u00fas que comparti\u00f3 nuestras angustias y esperanzas, nuestros dolores y alegr\u00edas, sabemos que aquellos que morimos en \u00c9l tenemos la esperanza de la Vida eterna, la vida que triunfa sobre la muerte.\r\n\r\nEs la fortaleza de la fe la que nos debe sostener en este momento de tanta aflicci\u00f3n.\r\n\r\nEscuch\u00e1bamos el relato de la Pasi\u00f3n, con Mar\u00eda al pie de la cruz.\r\nAll\u00ed est\u00e1 Mar\u00eda, la Madre, ofreciendo en silencio a su Hijo al Padre Dios, por la salvaci\u00f3n de la Humanidad.\r\n\r\nElla se une al sacrificio de su Hijo. Se inmola con \u00c9l, para tener parte tambi\u00e9n en su triunfo. En la soledad y silencio de su sufrimiento del viernes santo, la consuela la certeza del triunfo final de su hijo en el domingo de la Resurrecci\u00f3n.\r\n\r\nLa muerte y el mal no tienen la \u00faltima palabra. La \u00faltima palabra, siempre, la tiene Dios, Juez y Padre de toda creatura. Esa Justicia que a veces no llega en la tierra como lo anhelamos con raz\u00f3n, pero que llegar\u00e1 en el Juicio Final.\r\n\r\nLa fe en Dios nos hace esperar que como lo dice Job, en sus hermosas palabras que acabamos de escuchar:\r\n\u201cOjal\u00e1 se escribieran mis palabras, ojal\u00e1 se grabaran en cobre, con cincel de hierro y en plomo se escribieran para siempre en la roca: S\u00e9 que mi Redentor vive y en el \u00faltimo d\u00eda yo resucitar\u00e9 de la tierra y en mi carne ver\u00e9 a Dios, y mis ojos lo contemplar\u00e1n\u201d\r\nS\u00ed queridos hermanos y hermanas: Nuestro Dios vive, y con nuestros ojos lo contemplaremos para alabarlo y descansar en \u00c9l para siempre y para recibir la recompensa prometida a los servidores buenos y fieles.\r\n\r\nM\u00e1s a\u00fan lo esperamos de aquellos que se esforzaron en ser servidores de los dem\u00e1s, con abnegaci\u00f3n, con renuncias a los propios y leg\u00edtimos intereses, con dedicaci\u00f3n, profesionalismo, en una palabra, con amor a Dios y amor al pr\u00f3jimo.\r\nEste es su consuelo, es su fortaleza y esperanza en momentos de tanto dolor.\r\n\r\nVolviendo al evangelio escuchado, contemplamos a Jes\u00fas en cruz, el hijo amado, el \u00fanico inocente, el \u00fanico justo, el que cargo con nuestro pecado y maldad, que se ofrece al Padre Dios por nosotros.\r\n\r\nEl vence al mal con el bien. El derrota a la violencia con el amor y la justicia y el perd\u00f3n.\r\n\u00c9l cae como el grano a tierra para morir y as\u00ed dar fruto, y fruto abundante.\r\n\r\nEl paso por la muerte violenta para vencer a la muerte. Los que cambian la historia no son los que quitan la vida si no los que la dan por los dem\u00e1s. Esas son las vidas fecundas, luminosas, valiosas a los ojos de Dios y de los hombres.\r\n\r\nEso es lo que hoy reconocemos en el cabo Cristi\u00e1n Mart\u00ednez, m\u00e1rtir de Carabineros. El dio la vida para defender nuestras vidas, para defender el orden, para defender la ley.\r\nEs lo que le pedimos a Dios hoy d\u00eda, por Chile, en este Mes de la Patria.\r\n\r\nQue la muerte de este servidor fiel, no sea in\u00fatil. Que su muerte mueva a todos, autoridades y ciudadanos, a trabajar con mayor empe\u00f1o en construir las condiciones sociales para que estos tr\u00e1gicos episodios no se repitan nunca m\u00e1s en esta tierra amada.\r\nQue podamos vencer juntos, unidos, con convicci\u00f3n, las causas de esta violencia ciega y homicida.\r\n\r\nQue podamos trabajar incansablemente en fortalecer a las familias y erradicar de ella la violencia en cualquiera de sus formas, trabajar para detener el flagelo de la droga y el alcohol, que tanto mal hace a nuestra juventud, en retener a los ni\u00f1os y ni\u00f1as en nuestras escuelas y que estos sean lugares de educaci\u00f3n para la paz, el respeto y la tolerancia, en acercarnos todos al Dios de la Vida, del amor y de la paz, fundamento necesario de toda convivencia social justa y pac\u00edfica. Que podamos ofrecerles oportunidades a tantos y tantos adolescentes y j\u00f3venes que yacen al margen del progreso y desarrollo del pa\u00eds. En esta tarea urgente y dram\u00e1tica necesitamos de todos, de las autoridades, de las organizaciones civiles y religiosas, de los padres de familias, de los maestros, de los medios de comunicaci\u00f3n social.\r\n\r\nLa tarea es inmensa, pero por lo mismo nos debe convocar a todos sin distinciones de ninguna especie.\r\n\r\nLa eucarist\u00eda que celebramos es expresi\u00f3n de la fe en el Dios de la Vida, del Dios que vence a la muerte, del Dios que acoge a los que mueren en \u00c9l, que es cercano a nosotros y que da sentido a nuestra vida y a nuestra muerte y que recompensa a sus hijos.\r\nEs invocaci\u00f3n a Dios, es s\u00faplica, es testimonio de la fe que mueve nuestra existencia.\r\n\r\nEl que come de este pan tendr\u00e1 la vida eterna nos dice Jes\u00fas. El que se une por la fe y el amor a su Vida, compartir\u00e1 su triunfo venciendo a la muerte.\r\n\r\nQue este sea el destino final de nuestro querido m\u00e1rtir, cabo segundo Cristi\u00e1n Mart\u00ednez Badilla.\r\n\r\nSe lo pedimos con fe a la Virgen del Carmen, Reina y Patrona de Chile y de Carabineros de Chile.\r\n<\/span>\t\t\t\t\t\t\t\t<\/div>\n\t\t\t\t<\/div>\n\t\t\t\t<div class=\"elementor-element elementor-element-90e2447 elementor-button-success elementor-align-center elementor-widget elementor-widget-button\" data-id=\"90e2447\" data-element_type=\"widget\" data-e-type=\"widget\" data-widget_type=\"button.default\">\n\t\t\t\t<div class=\"elementor-widget-container\">\n\t\t\t\t\t\t\t\t\t<div class=\"elementor-button-wrapper\">\n\t\t\t\t\t<a class=\"elementor-button elementor-button-link elementor-size-md\" href=\"http:\/\/galerias.iglesia.cl\/galeria.php?url=Gale_50532d045855a\">\n\t\t\t\t\t\t<span class=\"elementor-button-content-wrapper\">\n\t\t\t\t\t\t<span class=\"elementor-button-icon\">\n\t\t\t\t\t\t\t\t\t<i class=\"fa fa-photo\" aria-hidden=\"true\"><\/i>\n\t\t\t\t\t\t\t<\/span>\n\t\t\t\t\t\t\t\t\t<span class=\"elementor-button-text\">Ver m\u00e1s Fotograf\u00edas<\/span>\n\t\t\t\t\t<\/span>\n\t\t\t\t\t<\/a>\n\t\t\t\t<\/div>\n\t\t\t\t\t\t\t\t<\/div>\n\t\t\t\t<\/div>\n\t\t\t\t\t<\/div>\n\t\t<\/div>\n\t\t\t\t\t<\/div>\n\t\t<\/section>\n\t\t\t\t<\/div>\n\t\t","protected":false},"excerpt":{"rendered":"<p>\u201cLos que cambian la historia no son los que quitan la vida si no los que la dan por los dem\u00e1s. Esas son las vidas fecundas, luminosas, valiosas a los ojos de Dios y de los hombres.\u00bb Con una Iglesia Catedral colmada de fieles se despidieron los restos mortales del Cabo Segundo Cristi\u00e1n Mart\u00ednez Badilla, [&hellip;]<\/p>\n","protected":false},"author":1,"featured_media":1114,"comment_status":"open","ping_status":"open","sticky":false,"template":"","format":"standard","meta":{"h5ap_radio_sources":[],"footnotes":""},"categories":[106],"tags":[128,52],"class_list":["post-1113","post","type-post","status-publish","format-standard","has-post-thumbnail","hentry","category-106","tag-carabineros","tag-eucaristia"],"_links":{"self":[{"href":"https:\/\/obispadodelinares.cl\/ol\/index.php?rest_route=\/wp\/v2\/posts\/1113","targetHints":{"allow":["GET"]}}],"collection":[{"href":"https:\/\/obispadodelinares.cl\/ol\/index.php?rest_route=\/wp\/v2\/posts"}],"about":[{"href":"https:\/\/obispadodelinares.cl\/ol\/index.php?rest_route=\/wp\/v2\/types\/post"}],"author":[{"embeddable":true,"href":"https:\/\/obispadodelinares.cl\/ol\/index.php?rest_route=\/wp\/v2\/users\/1"}],"replies":[{"embeddable":true,"href":"https:\/\/obispadodelinares.cl\/ol\/index.php?rest_route=%2Fwp%2Fv2%2Fcomments&post=1113"}],"version-history":[{"count":0,"href":"https:\/\/obispadodelinares.cl\/ol\/index.php?rest_route=\/wp\/v2\/posts\/1113\/revisions"}],"wp:featuredmedia":[{"embeddable":true,"href":"https:\/\/obispadodelinares.cl\/ol\/index.php?rest_route=\/wp\/v2\/media\/1114"}],"wp:attachment":[{"href":"https:\/\/obispadodelinares.cl\/ol\/index.php?rest_route=%2Fwp%2Fv2%2Fmedia&parent=1113"}],"wp:term":[{"taxonomy":"category","embeddable":true,"href":"https:\/\/obispadodelinares.cl\/ol\/index.php?rest_route=%2Fwp%2Fv2%2Fcategories&post=1113"},{"taxonomy":"post_tag","embeddable":true,"href":"https:\/\/obispadodelinares.cl\/ol\/index.php?rest_route=%2Fwp%2Fv2%2Ftags&post=1113"}],"curies":[{"name":"wp","href":"https:\/\/api.w.org\/{rel}","templated":true}]}}